{"id":2629,"date":"2011-03-26T22:32:54","date_gmt":"2011-03-26T22:32:54","guid":{"rendered":"http:\/\/claudiobr.wordpress.com\/?p=2629"},"modified":"2011-03-26T22:32:54","modified_gmt":"2011-03-26T22:32:54","slug":"redes-sociais","status":"publish","type":"post","link":"https:\/\/yuri.com.br\/claudio\/2011\/03\/26\/redes-sociais\/","title":{"rendered":"Redes &#8220;sociais&#8221;?"},"content":{"rendered":"<p>Videozinho de naipe viral sobre o Facebook &#8211; bom complemento pro <a href=\"http:\/\/www.imdb.com\/title\/tt1285016\/\" target=\"_blank\">filme<\/a> hom\u00f4nimo.<\/p>\n<p style=\"text-align:center;\"><div class=\"nv-iframe-embed\"><span class=\"embed-youtube\" style=\"text-align:center; display: block;\"><iframe loading=\"lazy\" class=\"youtube-player\" width=\"1200\" height=\"675\" src=\"https:\/\/www.youtube.com\/embed\/8UouP8cRYZ8?version=3&#038;rel=1&#038;showsearch=0&#038;showinfo=1&#038;iv_load_policy=1&#038;fs=1&#038;hl=pt-BR&#038;autohide=2&#038;wmode=transparent\" allowfullscreen=\"true\" style=\"border:0;\" sandbox=\"allow-scripts allow-same-origin allow-popups allow-presentation allow-popups-to-escape-sandbox\"><\/iframe><\/span><\/div>\n<p>\u00c9 apenas um lembrete sobre como a ferramenta se encaixa \u00e0s implica\u00e7\u00f5es da vida moderna (falta de tempo, voyeurismo, status social, exibicionismo do ego, fofocas, etc.), e n\u00e3o nego as boas inten\u00e7\u00f5es como reencontrar pessoas ou compartilhar coisas bacanas independente da barreira da dist\u00e2ncia.\u00a0 J\u00e1 fiz o meu balan\u00e7o e n\u00e3o tenho mais conta no Orkut ou Facebook, mas quem sou eu para tomar partido se aqui estou com um blog? Enfim, cada um escolhe o seu n\u00edvel de <a href=\"http:\/\/claudiobr.wordpress.com\/2009\/04\/16\/digital-detox-week\/\" target=\"_blank\">intoxica\u00e7\u00e3o digital<\/a>&#8230;<\/p>\n<p>Mas \u00e9 importante tamb\u00e9m sacar como uma rede social gigante como o Facebook pode conduzir o ing\u00eanuo conceito de conectar pessoas.\u00a0 Catalogar perfis em uma escala mundial \u00e9 uma ferramenta bomb\u00e1stica. O bot\u00e3ozinho do &#8220;Like&#8221; (Curtir), por exemplo, \u00e9 uma id\u00e9ia genial, que pode antecipar tend\u00eancias ou at\u00e9 mesmo coagir demandas com uma precis\u00e3o demogr\u00e1fica que faria um IBGE se reduzir \u00e0 uma pedra lascada. As intera\u00e7\u00f5es sociais do Facebook fazem de seus usu\u00e1rios inconscientes garotos-propaganda contribuintes daquele famoso combust\u00edvel que acelera essa merda toda: o lucro. Mas dinheiro por si s\u00f3 \u00e9 uma outra e longa hist\u00f3ria&#8230; melhor eu parar por aqui.<\/p>\n<p>Aproveito o tema reflexivo para desejar uma boa &#8220;hora do planeta&#8221;! (que ela se estenda para a\u00e7\u00f5es no dia a dia :-)<\/p>\n","protected":false},"excerpt":{"rendered":"<p>Videozinho de naipe viral sobre o Facebook &#8211; bom complemento pro filme hom\u00f4nimo. \u00c9 apenas um lembrete sobre como a ferramenta se encaixa \u00e0s implica\u00e7\u00f5es da vida moderna (falta de tempo, voyeurismo, status social, exibicionismo do ego, fofocas, etc.), e n\u00e3o nego as boas inten\u00e7\u00f5es como reencontrar pessoas ou compartilhar coisas bacanas independente da barreira&hellip;&nbsp;<a href=\"https:\/\/yuri.com.br\/claudio\/2011\/03\/26\/redes-sociais\/\" rel=\"bookmark\">Continue a ler &raquo;<span class=\"screen-reader-text\">Redes &#8220;sociais&#8221;?<\/span><\/a><\/p>\n","protected":false},"author":2,"featured_media":0,"comment_status":"open","ping_status":"open","sticky":false,"template":"","format":"standard","meta":{"neve_meta_sidebar":"","neve_meta_container":"","neve_meta_enable_content_width":"","neve_meta_content_width":0,"neve_meta_title_alignment":"","neve_meta_author_avatar":"","neve_post_elements_order":"","neve_meta_disable_header":"","neve_meta_disable_footer":"","neve_meta_disable_title":"","jetpack_post_was_ever_published":false,"_jetpack_newsletter_access":"","_jetpack_dont_email_post_to_subs":false,"_jetpack_newsletter_tier_id":0,"_jetpack_memberships_contains_paywalled_content":false,"_jetpack_memberships_contains_paid_content":false,"footnotes":"","jetpack_publicize_message":"","jetpack_publicize_feature_enabled":true,"jetpack_social_post_already_shared":false,"jetpack_social_options":{"image_generator_settings":{"template":"highway","default_image_id":0,"font":"","enabled":false},"version":2}},"categories":[5],"tags":[],"class_list":["post-2629","post","type-post","status-publish","format-standard","hentry","category-outros"],"jetpack_publicize_connections":[],"jetpack_featured_media_url":"","jetpack_shortlink":"https:\/\/wp.me\/p4i7cB-Gp","jetpack_sharing_enabled":true,"jetpack-related-posts":[{"id":7374,"url":"https:\/\/yuri.com.br\/claudio\/2014\/03\/10\/fofocas-nu-2\/","url_meta":{"origin":2629,"position":0},"title":"Fofocas.nu","author":"Cl\u00e1udio Brisighello","date":"10\/mar\/2014","format":false,"excerpt":"Esta bombou f\u00e1cil na net, mas vale muito ecoar por aqui tamb\u00e9m: - Mr. Ferragut derrubou um dos \"mitos\" de S\u00e3o Bento, o Navio Fantasma! Uma linha pura, coisa rara mesmo (sei o qu\u00e3o dif\u00edcil \u00e9 encontrar algo assim, sem mais nem menos, sem links, apenas o suficiente para tornar\u2026","rel":"","context":"Em &quot;Escalada&quot;","block_context":{"text":"Escalada","link":"https:\/\/yuri.com.br\/claudio\/category\/escalada\/"},"img":{"alt_text":"","src":"","width":0,"height":0},"classes":[]},{"id":331,"url":"https:\/\/yuri.com.br\/claudio\/2008\/12\/19\/calendario-2009\/","url_meta":{"origin":2629,"position":1},"title":"Calend\u00e1rio 2009","author":"claudio","date":"19\/dez\/2008","format":false,"excerpt":"\u00a0Finalmente saiu o Calend\u00e1rio 2009, uma lembrancinha, um souvenir, uma vontade de compartilhar minhas imagens. E s\u00f3 estou vendendo porque custa uma grana pra imprimir, sen\u00e3o doaria aos amantes das montanhas. Pra n\u00e3o salgar o pre\u00e7o, foi criado na vers\u00e3o de mesa. Seu escrit\u00f3rio pode ganhar um belo upgrade agora\u2026","rel":"","context":"Em &quot;Escalada&quot;","block_context":{"text":"Escalada","link":"https:\/\/yuri.com.br\/claudio\/category\/escalada\/"},"img":{"alt_text":"Calend\u00e1rio 2009","src":"https:\/\/i0.wp.com\/yuri.com.br\/claudio\/wp-content\/uploads\/2008\/11\/promo.jpg?resize=350%2C200","width":350,"height":200},"classes":[]},{"id":2718,"url":"https:\/\/yuri.com.br\/claudio\/2011\/05\/30\/no-forno-literalmente\/","url_meta":{"origin":2629,"position":2},"title":"No forno (literalmente :-)","author":"claudio","date":"30\/maio\/2011","format":false,"excerpt":"Continuando as anota\u00e7\u00f5es sobre \"rango em casa\", em breve compartilharei experi\u00eancias deste quase-milagre da transforma\u00e7\u00e3o de uma meleca de farinha em um delicioso p\u00e3o. Descobriram isso milhares de anos atr\u00e1s, o p\u00e3o est\u00e1 presente em todas as culturas. Quem sabe eu consigo motivar quem nunca fez um p\u00e3ozinho artesanal? Com\u2026","rel":"","context":"Em &quot;'Baixa' Gastronomia&quot;","block_context":{"text":"'Baixa' Gastronomia","link":"https:\/\/yuri.com.br\/claudio\/category\/baixa-gastronomia\/"},"img":{"alt_text":"","src":"https:\/\/i0.wp.com\/yuri.com.br\/claudio\/wp-content\/uploads\/2011\/05\/brioche_batataroxa.jpg?resize=350%2C200&ssl=1","width":350,"height":200,"srcset":"https:\/\/i0.wp.com\/yuri.com.br\/claudio\/wp-content\/uploads\/2011\/05\/brioche_batataroxa.jpg?resize=350%2C200&ssl=1 1x, https:\/\/i0.wp.com\/yuri.com.br\/claudio\/wp-content\/uploads\/2011\/05\/brioche_batataroxa.jpg?resize=525%2C300&ssl=1 1.5x, https:\/\/i0.wp.com\/yuri.com.br\/claudio\/wp-content\/uploads\/2011\/05\/brioche_batataroxa.jpg?resize=700%2C400&ssl=1 2x"},"classes":[]},{"id":3537,"url":"https:\/\/yuri.com.br\/claudio\/2012\/03\/12\/a-vinganca-do-bola-baixa\/","url_meta":{"origin":2629,"position":3},"title":"A vingan\u00e7a do bola baixa","author":"claudio","date":"12\/mar\/2012","format":false,"excerpt":"Divulgando outra nova linha (\u00e0 prova d\u00b4\u00e1gua) no Aranha, desta vez um bloquinho surpreendente com no m\u00e1ximo 2 metros. Divers\u00e3o garantida para quem procura dificuldade moderada\/dif\u00edcil e pegou uma chuvarada em S\u00e3o Bento. Nesse universo de montanhas e pedras, o lowball \u00e9 uma esp\u00e9cie de microcosmo da escalada, fazendo as\u2026","rel":"","context":"Em &quot;Escalada&quot;","block_context":{"text":"Escalada","link":"https:\/\/yuri.com.br\/claudio\/category\/escalada\/"},"img":{"alt_text":"","src":"https:\/\/i0.wp.com\/yuri.com.br\/claudio\/wp-content\/uploads\/2012\/03\/bolabaixa.jpg?resize=350%2C200","width":350,"height":200,"srcset":"https:\/\/i0.wp.com\/yuri.com.br\/claudio\/wp-content\/uploads\/2012\/03\/bolabaixa.jpg?resize=350%2C200 1x, https:\/\/i0.wp.com\/yuri.com.br\/claudio\/wp-content\/uploads\/2012\/03\/bolabaixa.jpg?resize=525%2C300 1.5x, https:\/\/i0.wp.com\/yuri.com.br\/claudio\/wp-content\/uploads\/2012\/03\/bolabaixa.jpg?resize=700%2C400 2x"},"classes":[]},{"id":7864,"url":"https:\/\/yuri.com.br\/claudio\/2014\/06\/30\/video-cruzeiro-ep-1\/","url_meta":{"origin":2629,"position":4},"title":"V\u00eddeo: Cruzeiro Ep.1","author":"Cl\u00e1udio Brisighello","date":"30\/jun\/2014","format":false,"excerpt":"Pra motivar o in\u00edcio deste t\u00e3o esperado inverno, aguardem por uma sequ\u00eancia de videozinhos do setor Cruzeiro! Aqui vai a primeira amostra com o \"epis\u00f3dio 1\" da s\u00e9rie, aumentem o volume... Pra quem n\u00e3o viu, n\u00e3o deixem de conferir uns betas importantes no blog do SumbaBoulder. Outra dica, que vale\u2026","rel":"","context":"Em &quot;Escalada&quot;","block_context":{"text":"Escalada","link":"https:\/\/yuri.com.br\/claudio\/category\/escalada\/"},"img":{"alt_text":"Vimeo","src":"https:\/\/i0.wp.com\/yuri.com.br\/claudio\/wp-content\/uploads\/2014\/06\/Vimeo1.jpg?resize=350%2C200","width":350,"height":200,"srcset":"https:\/\/i0.wp.com\/yuri.com.br\/claudio\/wp-content\/uploads\/2014\/06\/Vimeo1.jpg?resize=350%2C200 1x, https:\/\/i0.wp.com\/yuri.com.br\/claudio\/wp-content\/uploads\/2014\/06\/Vimeo1.jpg?resize=525%2C300 1.5x, https:\/\/i0.wp.com\/yuri.com.br\/claudio\/wp-content\/uploads\/2014\/06\/Vimeo1.jpg?resize=700%2C400 2x"},"classes":[]},{"id":3937,"url":"https:\/\/yuri.com.br\/claudio\/2012\/08\/06\/luminosa\/","url_meta":{"origin":2629,"position":5},"title":"Luminosa","author":"claudio","date":"6\/ago\/2012","format":false,"excerpt":"Sou fregu\u00eas do alambique de Luminosa. Trouxe 30 litros de cacha\u00e7a de l\u00e1 neste domingo, 15 deles com 9 anos de idade. E pra juntar \u00fatil e agrad\u00e1vel, no caminho tem um setor hom\u00f4nimo, n\u00e3o muito frequentado mas que merece uma visita pelo visual e por esse bloc\u00e3o superior que\u2026","rel":"","context":"Em &quot;'Baixa' Gastronomia&quot;","block_context":{"text":"'Baixa' Gastronomia","link":"https:\/\/yuri.com.br\/claudio\/category\/baixa-gastronomia\/"},"img":{"alt_text":"","src":"https:\/\/i0.wp.com\/yuri.com.br\/claudio\/wp-content\/uploads\/2012\/08\/luminosa_emeu.jpg?resize=350%2C200&ssl=1","width":350,"height":200,"srcset":"https:\/\/i0.wp.com\/yuri.com.br\/claudio\/wp-content\/uploads\/2012\/08\/luminosa_emeu.jpg?resize=350%2C200&ssl=1 1x, https:\/\/i0.wp.com\/yuri.com.br\/claudio\/wp-content\/uploads\/2012\/08\/luminosa_emeu.jpg?resize=525%2C300&ssl=1 1.5x, https:\/\/i0.wp.com\/yuri.com.br\/claudio\/wp-content\/uploads\/2012\/08\/luminosa_emeu.jpg?resize=700%2C400&ssl=1 2x"},"classes":[]}],"_links":{"self":[{"href":"https:\/\/yuri.com.br\/claudio\/wp-json\/wp\/v2\/posts\/2629","targetHints":{"allow":["GET"]}}],"collection":[{"href":"https:\/\/yuri.com.br\/claudio\/wp-json\/wp\/v2\/posts"}],"about":[{"href":"https:\/\/yuri.com.br\/claudio\/wp-json\/wp\/v2\/types\/post"}],"author":[{"embeddable":true,"href":"https:\/\/yuri.com.br\/claudio\/wp-json\/wp\/v2\/users\/2"}],"replies":[{"embeddable":true,"href":"https:\/\/yuri.com.br\/claudio\/wp-json\/wp\/v2\/comments?post=2629"}],"version-history":[{"count":0,"href":"https:\/\/yuri.com.br\/claudio\/wp-json\/wp\/v2\/posts\/2629\/revisions"}],"wp:attachment":[{"href":"https:\/\/yuri.com.br\/claudio\/wp-json\/wp\/v2\/media?parent=2629"}],"wp:term":[{"taxonomy":"category","embeddable":true,"href":"https:\/\/yuri.com.br\/claudio\/wp-json\/wp\/v2\/categories?post=2629"},{"taxonomy":"post_tag","embeddable":true,"href":"https:\/\/yuri.com.br\/claudio\/wp-json\/wp\/v2\/tags?post=2629"}],"curies":[{"name":"wp","href":"https:\/\/api.w.org\/{rel}","templated":true}]}}