{"id":262,"date":"2008-11-02T18:31:37","date_gmt":"2008-11-02T18:31:37","guid":{"rendered":"http:\/\/claudiobr.wordpress.com\/?p=262"},"modified":"2008-11-02T18:31:37","modified_gmt":"2008-11-02T18:31:37","slug":"footage","status":"publish","type":"post","link":"https:\/\/yuri.com.br\/claudio\/2008\/11\/02\/footage\/","title":{"rendered":"Footage"},"content":{"rendered":"<p>Links para os recentes registros na California.<\/p>\n<p>&#8211; Fotos (Yosemite e Bishop):<\/p>\n<p><a href=\"http:\/\/www.yuri.com.br\/claudio\/EXPO\" target=\"_blank\">http:\/\/www.yuri.com.br\/claudio\/EXPO<\/a><\/p>\n<p>&#8211; ou pelo Flickr\/TripperMap:<\/p>\n<p><a href=\"http:\/\/www.yuri.com.br\/claudio\/map\" target=\"_blank\">http:\/\/www.yuri.com.br\/claudio\/map<\/a><\/p>\n<p>&#8211; V\u00eddeos (Yosemite\/Ahwahnee &amp; Bishop\/Happies) no Vimeo:<\/p>\n<p><a href=\"http:\/\/www.vimeo.com\/user717408\/videos\" target=\"_blank\">http:\/\/www.vimeo.com\/user717408\/videos<\/a><\/p>\n<p>&#8211; Ou download direto:<\/p>\n<p><a href=\"http:\/\/www.escaladabrasil.com\" target=\"_blank\">http:\/\/www.escaladabrasil.com<\/a><\/p>\n<p><img decoding=\"async\" class=\"alignleft\" src=\"http:\/\/farm4.static.flickr.com\/3029\/2995340571_704db61366_d.jpg\" alt=\"On the road...\" \/><\/p>\n","protected":false},"excerpt":{"rendered":"<p>Links para os recentes registros na California. &#8211; Fotos (Yosemite e Bishop): http:\/\/www.yuri.com.br\/claudio\/EXPO &#8211; ou pelo Flickr\/TripperMap: http:\/\/www.yuri.com.br\/claudio\/map &#8211; V\u00eddeos (Yosemite\/Ahwahnee &amp; Bishop\/Happies) no Vimeo: http:\/\/www.vimeo.com\/user717408\/videos &#8211; Ou download direto: http:\/\/www.escaladabrasil.com<\/p>\n","protected":false},"author":2,"featured_media":0,"comment_status":"open","ping_status":"open","sticky":false,"template":"","format":"standard","meta":{"neve_meta_sidebar":"","neve_meta_container":"","neve_meta_enable_content_width":"","neve_meta_content_width":0,"neve_meta_title_alignment":"","neve_meta_author_avatar":"","neve_post_elements_order":"","neve_meta_disable_header":"","neve_meta_disable_footer":"","neve_meta_disable_title":"","jetpack_post_was_ever_published":false,"_jetpack_newsletter_access":"","_jetpack_dont_email_post_to_subs":false,"_jetpack_newsletter_tier_id":0,"_jetpack_memberships_contains_paywalled_content":false,"_jetpack_memberships_contains_paid_content":false,"footnotes":"","jetpack_publicize_message":"","jetpack_publicize_feature_enabled":true,"jetpack_social_post_already_shared":false,"jetpack_social_options":{"image_generator_settings":{"template":"highway","default_image_id":0,"font":"","enabled":false},"version":2}},"categories":[3],"tags":[30,35,84],"class_list":["post-262","post","type-post","status-publish","format-standard","hentry","category-escalada","tag-bishop","tag-california","tag-yosemite"],"jetpack_publicize_connections":[],"jetpack_featured_media_url":"","jetpack_shortlink":"https:\/\/wp.me\/s4i7cB-footage","jetpack_sharing_enabled":true,"jetpack-related-posts":[{"id":3046,"url":"https:\/\/yuri.com.br\/claudio\/2011\/08\/31\/vem-ai-o-sumba-boulder-2011\/","url_meta":{"origin":262,"position":0},"title":"Vem a\u00ed o Sumba Boulder 2011","author":"claudio","date":"31\/ago\/2011","format":false,"excerpt":"J\u00e1 vou avisando que o setor promete... tive a oportunidade de conhecer renomados blocos de granito mundo afora (Su\u00ed\u00e7a, Yosemite) e n\u00e3o vi nada parecido. Aguardem + imagens em breve... por hora, reservem a data!","rel":"","context":"Em &quot;Escalada&quot;","block_context":{"text":"Escalada","link":"https:\/\/yuri.com.br\/claudio\/category\/escalada\/"},"img":{"alt_text":"","src":"https:\/\/i0.wp.com\/www.escaladacafe.com.br\/files\/teaser_small.jpg?resize=350%2C200","width":350,"height":200,"srcset":"https:\/\/i0.wp.com\/www.escaladacafe.com.br\/files\/teaser_small.jpg?resize=350%2C200 1x, https:\/\/i0.wp.com\/www.escaladacafe.com.br\/files\/teaser_small.jpg?resize=525%2C300 1.5x, https:\/\/i0.wp.com\/www.escaladacafe.com.br\/files\/teaser_small.jpg?resize=700%2C400 2x"},"classes":[]},{"id":17,"url":"https:\/\/yuri.com.br\/claudio\/2008\/07\/23\/expo\/","url_meta":{"origin":262,"position":1},"title":"EXPO!","author":"claudio","date":"23\/jul\/2008","format":false,"excerpt":"Estou montando uma galeria fotogr\u00e1fica, a princ\u00edpio focada no assunto da escalada, com o intuito de divulg\u00e1-la por a\u00ed afora (por isso as descri\u00e7\u00f5es est\u00e3o em ingl\u00eas). Tamb\u00e9m, foi uma maneira que encontrei de expressar melhor esse meu tes\u00e3o intraduz\u00edvel pela pedra. Como n\u00e3o curto uma xenofobia, boto f\u00e9 que\u2026","rel":"","context":"Em &quot;Escalada&quot;","block_context":{"text":"Escalada","link":"https:\/\/yuri.com.br\/claudio\/category\/escalada\/"},"img":{"alt_text":"","src":"https:\/\/i0.wp.com\/yuri.com.br\/claudio\/wp-content\/uploads\/2008\/07\/cb_logo.jpg?resize=350%2C200","width":350,"height":200},"classes":[]},{"id":174,"url":"https:\/\/yuri.com.br\/claudio\/2008\/09\/02\/visita-do-cesinha\/","url_meta":{"origin":262,"position":2},"title":"Visita do Cesinha","author":"claudio","date":"2\/set\/2008","format":false,"excerpt":"Um registro sobre a visita do Cesinha aqui no RJ semana passada: Como n\u00e3o \u00e9 sempre que vemos r\u00e1pidas ascens\u00f5es de Xa \u00e0 vista ou Xc em poucas tentativas, procurei documentar e abaixo listo os 'souvenirs' desta viagem. Mat\u00e9ria no EscaladaBrasil.com Entrevista no EscaladaBrasil.com Fotos da Coquetel na galeria EXPO!\u2026","rel":"","context":"Em &quot;Escalada&quot;","block_context":{"text":"Escalada","link":"https:\/\/yuri.com.br\/claudio\/category\/escalada\/"},"img":{"alt_text":"","src":"https:\/\/i0.wp.com\/yuri.com.br\/claudio\/wp-content\/uploads\/2008\/09\/cesinha_banner1.jpg?resize=350%2C200","width":350,"height":200},"classes":[]},{"id":228,"url":"https:\/\/yuri.com.br\/claudio\/2008\/09\/17\/expo-2\/","url_meta":{"origin":262,"position":3},"title":"EXPO!","author":"claudio","date":"17\/set\/2008","format":false,"excerpt":"Recentemente, atualizei a galeria EXPO! com imagens do Campo Escola 2000, na Floresta da Tijuca - RJ. Fiz uma pequena mudan\u00e7a de layout para poder acomodar mais itens, e agora o menu de sele\u00e7\u00e3o fica na parte inferior. EXPO! fica neste link: http:\/\/www.yuri.com.br\/claudio\/EXPO","rel":"","context":"Em &quot;Escalada&quot;","block_context":{"text":"Escalada","link":"https:\/\/yuri.com.br\/claudio\/category\/escalada\/"},"img":{"alt_text":"","src":"https:\/\/i0.wp.com\/yuri.com.br\/claudio\/wp-content\/uploads\/2008\/09\/expo_screenshot2.jpg?resize=350%2C200&ssl=1","width":350,"height":200,"srcset":"https:\/\/i0.wp.com\/yuri.com.br\/claudio\/wp-content\/uploads\/2008\/09\/expo_screenshot2.jpg?resize=350%2C200&ssl=1 1x, https:\/\/i0.wp.com\/yuri.com.br\/claudio\/wp-content\/uploads\/2008\/09\/expo_screenshot2.jpg?resize=525%2C300&ssl=1 1.5x"},"classes":[]},{"id":167,"url":"https:\/\/yuri.com.br\/claudio\/2008\/08\/27\/ce2000-expo\/","url_meta":{"origin":262,"position":4},"title":"CE2000 &#8211; EXPO!","author":"claudio","date":"27\/ago\/2008","format":false,"excerpt":"Em breve... http:\/\/www.yuri.com.br\/claudio\/EXPO","rel":"","context":"Em &quot;Escalada&quot;","block_context":{"text":"Escalada","link":"https:\/\/yuri.com.br\/claudio\/category\/escalada\/"},"img":{"alt_text":"","src":"https:\/\/claudiobr.files.wordpress.com\/2008\/08\/ce2000_gosma_diego_seq.jpg?w=350&h=200&crop=1","width":350,"height":200,"srcset":"https:\/\/claudiobr.files.wordpress.com\/2008\/08\/ce2000_gosma_diego_seq.jpg?w=350&h=200&crop=1 1x, https:\/\/claudiobr.files.wordpress.com\/2008\/08\/ce2000_gosma_diego_seq.jpg?w=525&h=300&crop=1 1.5x"},"classes":[]},{"id":3779,"url":"https:\/\/yuri.com.br\/claudio\/2012\/07\/01\/vimeo-awards-2012\/","url_meta":{"origin":262,"position":5},"title":"Vimeo Awards 2012","author":"claudio","date":"1\/jul\/2012","format":false,"excerpt":"Vale a pena conferir todos os v\u00eddeos do festival anual \"Vimeo Awards\" que rolou recentemente. Inspira\u00e7\u00e3o \u00e9 o que n\u00e3o falta... aqui vai um bel\u00edssimo curta, da categoria action\/sports (teve at\u00e9 de escalada entre os finalistas).","rel":"","context":"Em &quot;Outros&quot;","block_context":{"text":"Outros","link":"https:\/\/yuri.com.br\/claudio\/category\/outros\/"},"img":{"alt_text":"","src":"","width":0,"height":0},"classes":[]}],"_links":{"self":[{"href":"https:\/\/yuri.com.br\/claudio\/wp-json\/wp\/v2\/posts\/262","targetHints":{"allow":["GET"]}}],"collection":[{"href":"https:\/\/yuri.com.br\/claudio\/wp-json\/wp\/v2\/posts"}],"about":[{"href":"https:\/\/yuri.com.br\/claudio\/wp-json\/wp\/v2\/types\/post"}],"author":[{"embeddable":true,"href":"https:\/\/yuri.com.br\/claudio\/wp-json\/wp\/v2\/users\/2"}],"replies":[{"embeddable":true,"href":"https:\/\/yuri.com.br\/claudio\/wp-json\/wp\/v2\/comments?post=262"}],"version-history":[{"count":0,"href":"https:\/\/yuri.com.br\/claudio\/wp-json\/wp\/v2\/posts\/262\/revisions"}],"wp:attachment":[{"href":"https:\/\/yuri.com.br\/claudio\/wp-json\/wp\/v2\/media?parent=262"}],"wp:term":[{"taxonomy":"category","embeddable":true,"href":"https:\/\/yuri.com.br\/claudio\/wp-json\/wp\/v2\/categories?post=262"},{"taxonomy":"post_tag","embeddable":true,"href":"https:\/\/yuri.com.br\/claudio\/wp-json\/wp\/v2\/tags?post=262"}],"curies":[{"name":"wp","href":"https:\/\/api.w.org\/{rel}","templated":true}]}}