{"id":2584,"date":"2011-03-07T16:22:07","date_gmt":"2011-03-07T16:22:07","guid":{"rendered":"http:\/\/claudiobr.wordpress.com\/?p=2584"},"modified":"2011-03-07T16:22:07","modified_gmt":"2011-03-07T16:22:07","slug":"arvore-em-bandeja","status":"publish","type":"post","link":"https:\/\/yuri.com.br\/claudio\/2011\/03\/07\/arvore-em-bandeja\/","title":{"rendered":"\u00c1rvore em bandeja"},"content":{"rendered":"<p>Neste carnaval chuvoso recebemos os amigos cariocas Felipe Dallorto e Fl\u00e1via dos Anjos, casal super <a href=\"http:\/\/www.escaladajpa.com.br\/\" target=\"_blank\">engajado<\/a> do climb, aqui em nosso rec\u00e9m constru\u00eddo chalezinho de montanha. O Felipe manja muito da arte do Bonsai, e me surpreendeu com 2 de seus cultivos. Gostamos tanto que resolvi tirar a poeira dos meus equipos de ilumina\u00e7\u00e3o fotogr\u00e1fica e retratei um dos presentes na composi\u00e7\u00e3o abaixo:<\/p>\n<p style=\"text-align:left;\"><a href=\"http:\/\/www.flickr.com\/photos\/cbrisighello\/5503738710\/\" target=\"_blank\"><img loading=\"lazy\" decoding=\"async\" class=\"aligncenter\" title=\"Bonsai\" src=\"http:\/\/farm6.static.flickr.com\/5013\/5503738710_a7895fd77d_z.jpg\" alt=\"\" width=\"640\" height=\"427\" \/><\/a><br \/>\nParece uma ilha, ou uma mini-floresta em cima de um pedacinho de pedra. Interessante descobrir que essa pr\u00e1tica tem origem na \u00cdndia, com o cultivo de medicamentos em pequenos recipientes. Da\u00ed passou para a China e depois ent\u00e3o veio a ser difundida no Jap\u00e3o, onde ganhou essa apresenta\u00e7\u00e3o mais art\u00edstica conhecida atualmente.<\/p>\n","protected":false},"excerpt":{"rendered":"<p>Neste carnaval chuvoso recebemos os amigos cariocas Felipe Dallorto e Fl\u00e1via dos Anjos, casal super engajado do climb, aqui em nosso rec\u00e9m constru\u00eddo chalezinho de montanha. O Felipe manja muito da arte do Bonsai, e me surpreendeu com 2 de seus cultivos. Gostamos tanto que resolvi tirar a poeira dos meus equipos de ilumina\u00e7\u00e3o fotogr\u00e1fica&hellip;&nbsp;<a href=\"https:\/\/yuri.com.br\/claudio\/2011\/03\/07\/arvore-em-bandeja\/\" rel=\"bookmark\">Continue a ler &raquo;<span class=\"screen-reader-text\">\u00c1rvore em bandeja<\/span><\/a><\/p>\n","protected":false},"author":2,"featured_media":0,"comment_status":"open","ping_status":"open","sticky":false,"template":"","format":"standard","meta":{"neve_meta_sidebar":"","neve_meta_container":"","neve_meta_enable_content_width":"","neve_meta_content_width":0,"neve_meta_title_alignment":"","neve_meta_author_avatar":"","neve_post_elements_order":"","neve_meta_disable_header":"","neve_meta_disable_footer":"","neve_meta_disable_title":"","jetpack_post_was_ever_published":false,"_jetpack_newsletter_access":"","_jetpack_dont_email_post_to_subs":false,"_jetpack_newsletter_tier_id":0,"_jetpack_memberships_contains_paywalled_content":false,"_jetpack_memberships_contains_paid_content":false,"footnotes":"","jetpack_publicize_message":"","jetpack_publicize_feature_enabled":true,"jetpack_social_post_already_shared":false,"jetpack_social_options":{"image_generator_settings":{"template":"highway","default_image_id":0,"font":"","enabled":false},"version":2}},"categories":[5],"tags":[],"class_list":["post-2584","post","type-post","status-publish","format-standard","hentry","category-outros"],"jetpack_publicize_connections":[],"jetpack_featured_media_url":"","jetpack_shortlink":"https:\/\/wp.me\/p4i7cB-FG","jetpack_sharing_enabled":true,"jetpack-related-posts":[{"id":222,"url":"https:\/\/yuri.com.br\/claudio\/2008\/09\/15\/campeonato-carioca-etapa-nova-friburgo-resultado-extra-oficial\/","url_meta":{"origin":2584,"position":0},"title":"Campeonato Carioca &#8211; etapa Nova Friburgo (resultado extra oficial)","author":"claudio","date":"15\/set\/2008","format":false,"excerpt":"Caio Gomes no Planeta Vertical em Nova Friburgo Update r\u00e1pido sobre o resultado da 3a. etapa do campeonato carioca (boulder) realizado neste s\u00e1bado 13\/Set em Nova Friburgo: Iniciante Masculino 1 - Daniel Lustoza (Rio de Janeiro) 2 - Tony (Nova Friburgo) 3 - Artur (Nova Friburgo) Iniciante Feminino 1 -\u2026","rel":"","context":"Em &quot;Escalada&quot;","block_context":{"text":"Escalada","link":"https:\/\/yuri.com.br\/claudio\/category\/escalada\/"},"img":{"alt_text":"","src":"","width":0,"height":0},"classes":[]},{"id":2554,"url":"https:\/\/yuri.com.br\/claudio\/2011\/01\/02\/feliz-2011\/","url_meta":{"origin":2584,"position":1},"title":"Feliz 2011?","author":"claudio","date":"2\/jan\/2011","format":false,"excerpt":"O fim de 2010 foi tranquilo por aqui, chuvoso, e bacana pela oportunidade de rever bons amigos. Bom tamb\u00e9m pra descansar um pouco das arruma\u00e7\u00f5es em meu novo lar, recolher novas energias, enfim, nada de muito diferente. E meus votos para 2011 permanecem iguais aos do ano passado, com alguns\u2026","rel":"","context":"Em &quot;Outros&quot;","block_context":{"text":"Outros","link":"https:\/\/yuri.com.br\/claudio\/category\/outros\/"},"img":{"alt_text":"","src":"","width":0,"height":0},"classes":[]},{"id":1056,"url":"https:\/\/yuri.com.br\/claudio\/2009\/09\/21\/shawarma-e-tchibum\/","url_meta":{"origin":2584,"position":2},"title":"Shawarma e tchibum!","author":"claudio","date":"21\/set\/2009","format":false,"excerpt":"Neste s\u00e1bado, gra\u00e7as \u00e0 condu\u00e7\u00e3o da Fl\u00e1via, conhecemos um pouco da regi\u00e3o de Jacarepagu\u00e1 na zona oeste do RJ, mais precisamente os arredores da Pedra Hime. O local \u00e9 um pouco mais distante e talvez por isso n\u00e3o t\u00e3o frequentado, mas valeu muito a visita. A \u00e1rea pertence a uma\u2026","rel":"","context":"Em &quot;'Baixa' Gastronomia&quot;","block_context":{"text":"'Baixa' Gastronomia","link":"https:\/\/yuri.com.br\/claudio\/category\/baixa-gastronomia\/"},"img":{"alt_text":"","src":"https:\/\/i0.wp.com\/farm4.static.flickr.com\/3424\/3939296850_813b2cf9d2_b.jpg?resize=350%2C200","width":350,"height":200,"srcset":"https:\/\/i0.wp.com\/farm4.static.flickr.com\/3424\/3939296850_813b2cf9d2_b.jpg?resize=350%2C200 1x, https:\/\/i0.wp.com\/farm4.static.flickr.com\/3424\/3939296850_813b2cf9d2_b.jpg?resize=525%2C300 1.5x"},"classes":[]},{"id":7903,"url":"https:\/\/yuri.com.br\/claudio\/2014\/07\/07\/ubtboulder-2014\/","url_meta":{"origin":2584,"position":3},"title":"UBTBOULDER 2014","author":"Cl\u00e1udio Brisighello","date":"7\/jul\/2014","format":false,"excerpt":"Dessa vez conseguimos fazer um bate-volta no evento mais consagrado da hist\u00f3ria da escalada mundial. Perdi as 72 horas ininterruptas de muito churrasco e cerveja climb, mas pelo menos deu pra fritar os dedos numa session dominical. E aqui v\u00e3o alguns poucos souvenirs de ontem: 3 cl\u00e1ssicas invertidas do Pont\u00e3o\u2026","rel":"","context":"Em &quot;Escalada&quot;","block_context":{"text":"Escalada","link":"https:\/\/yuri.com.br\/claudio\/category\/escalada\/"},"img":{"alt_text":"","src":"https:\/\/i0.wp.com\/yuri.com.br\/claudio\/wp-content\/uploads\/2014\/07\/UBTBoulder2014_Einstein.jpg?resize=350%2C200&ssl=1","width":350,"height":200,"srcset":"https:\/\/i0.wp.com\/yuri.com.br\/claudio\/wp-content\/uploads\/2014\/07\/UBTBoulder2014_Einstein.jpg?resize=350%2C200&ssl=1 1x, https:\/\/i0.wp.com\/yuri.com.br\/claudio\/wp-content\/uploads\/2014\/07\/UBTBoulder2014_Einstein.jpg?resize=525%2C300&ssl=1 1.5x, https:\/\/i0.wp.com\/yuri.com.br\/claudio\/wp-content\/uploads\/2014\/07\/UBTBoulder2014_Einstein.jpg?resize=700%2C400&ssl=1 2x, https:\/\/i0.wp.com\/yuri.com.br\/claudio\/wp-content\/uploads\/2014\/07\/UBTBoulder2014_Einstein.jpg?resize=1050%2C600&ssl=1 3x"},"classes":[]},{"id":2517,"url":"https:\/\/yuri.com.br\/claudio\/2010\/11\/19\/o-botequim-carioca\/","url_meta":{"origin":2584,"position":4},"title":"Botequim carioca","author":"claudio","date":"19\/nov\/2010","format":false,"excerpt":"Ap\u00f3s deixar o Rio de Janeiro, devo aqui umas anota\u00e7\u00f5es sobre algo que muito me transformou nessa babil\u00f4nia. Achei melhor escrever logo antes que minha falha mem\u00f3ria deixe algumas importantes emo\u00e7\u00f5es para tr\u00e1s... Me mudei ao RJ por volta de 2004. Nestes 6 anos, o meu amor pelo Rio foi\u2026","rel":"","context":"Em &quot;'Baixa' Gastronomia&quot;","block_context":{"text":"'Baixa' Gastronomia","link":"https:\/\/yuri.com.br\/claudio\/category\/baixa-gastronomia\/"},"img":{"alt_text":"","src":"","width":0,"height":0},"classes":[]},{"id":1573,"url":"https:\/\/yuri.com.br\/claudio\/2010\/02\/25\/centro-de-escalada-jpa\/","url_meta":{"origin":2584,"position":5},"title":"Centro de Escalada JPA","author":"claudio","date":"25\/fev\/2010","format":false,"excerpt":"Estive esses dias no novo \"Centro de Escalada JPA\", na zona oeste do Rio. Que eu me lembre, a \u00faltima vez que a regi\u00e3o contou com um muro decente aberto ao p\u00fablico foi em 2005, no extinto muro do Juba, velhos tempos... Eu (rec\u00e9m mudado ao RJ), Caio (pra variar\u2026","rel":"","context":"Em &quot;Escalada&quot;","block_context":{"text":"Escalada","link":"https:\/\/yuri.com.br\/claudio\/category\/escalada\/"},"img":{"alt_text":"","src":"https:\/\/i0.wp.com\/yuri.com.br\/claudio\/wp-content\/uploads\/2010\/02\/escaladabr_2.jpg?resize=350%2C200&ssl=1","width":350,"height":200,"srcset":"https:\/\/i0.wp.com\/yuri.com.br\/claudio\/wp-content\/uploads\/2010\/02\/escaladabr_2.jpg?resize=350%2C200&ssl=1 1x, https:\/\/i0.wp.com\/yuri.com.br\/claudio\/wp-content\/uploads\/2010\/02\/escaladabr_2.jpg?resize=525%2C300&ssl=1 1.5x"},"classes":[]}],"_links":{"self":[{"href":"https:\/\/yuri.com.br\/claudio\/wp-json\/wp\/v2\/posts\/2584","targetHints":{"allow":["GET"]}}],"collection":[{"href":"https:\/\/yuri.com.br\/claudio\/wp-json\/wp\/v2\/posts"}],"about":[{"href":"https:\/\/yuri.com.br\/claudio\/wp-json\/wp\/v2\/types\/post"}],"author":[{"embeddable":true,"href":"https:\/\/yuri.com.br\/claudio\/wp-json\/wp\/v2\/users\/2"}],"replies":[{"embeddable":true,"href":"https:\/\/yuri.com.br\/claudio\/wp-json\/wp\/v2\/comments?post=2584"}],"version-history":[{"count":0,"href":"https:\/\/yuri.com.br\/claudio\/wp-json\/wp\/v2\/posts\/2584\/revisions"}],"wp:attachment":[{"href":"https:\/\/yuri.com.br\/claudio\/wp-json\/wp\/v2\/media?parent=2584"}],"wp:term":[{"taxonomy":"category","embeddable":true,"href":"https:\/\/yuri.com.br\/claudio\/wp-json\/wp\/v2\/categories?post=2584"},{"taxonomy":"post_tag","embeddable":true,"href":"https:\/\/yuri.com.br\/claudio\/wp-json\/wp\/v2\/tags?post=2584"}],"curies":[{"name":"wp","href":"https:\/\/api.w.org\/{rel}","templated":true}]}}