{"id":2563,"date":"2011-01-13T13:19:55","date_gmt":"2011-01-13T13:19:55","guid":{"rendered":"http:\/\/claudiobr.wordpress.com\/?p=2563"},"modified":"2011-01-13T13:19:55","modified_gmt":"2011-01-13T13:19:55","slug":"32-ainda-e-so-o-comeco","status":"publish","type":"post","link":"https:\/\/yuri.com.br\/claudio\/2011\/01\/13\/32-ainda-e-so-o-comeco\/","title":{"rendered":"32 &#8211; ainda \u00e9 s\u00f3 o come\u00e7o&#8230;"},"content":{"rendered":"<p>Raramente aviso e nunca comemoro, n\u00e3o pela depress\u00e3o da velhice mas sim por considerar um dia como qualquer outro (no melhor sentido das palavras). Mas como foi um primeiro anivers\u00e1rio sob novas e desejadas (batalhadas) circunst\u00e2ncias, n\u00e3o vou deixar passar em branco, sem uma cita\u00e7\u00e3o apropriada:<\/p>\n<p>Um dia \u00e9 preciso parar de sonhar e, de algum modo, partir.<br \/>\n&#8211; Amyr Klink<\/p>\n<p>Fui! :-)<\/p>\n","protected":false},"excerpt":{"rendered":"<p>Raramente aviso e nunca comemoro, n\u00e3o pela depress\u00e3o da velhice mas sim por considerar um dia como qualquer outro (no melhor sentido das palavras). Mas como foi um primeiro anivers\u00e1rio sob novas e desejadas (batalhadas) circunst\u00e2ncias, n\u00e3o vou deixar passar em branco, sem uma cita\u00e7\u00e3o apropriada: Um dia \u00e9 preciso parar de sonhar e, de&hellip;&nbsp;<a href=\"https:\/\/yuri.com.br\/claudio\/2011\/01\/13\/32-ainda-e-so-o-comeco\/\" rel=\"bookmark\">Continue a ler &raquo;<span class=\"screen-reader-text\">32 &#8211; ainda \u00e9 s\u00f3 o come\u00e7o&#8230;<\/span><\/a><\/p>\n","protected":false},"author":2,"featured_media":0,"comment_status":"open","ping_status":"open","sticky":false,"template":"","format":"standard","meta":{"neve_meta_sidebar":"","neve_meta_container":"","neve_meta_enable_content_width":"","neve_meta_content_width":0,"neve_meta_title_alignment":"","neve_meta_author_avatar":"","neve_post_elements_order":"","neve_meta_disable_header":"","neve_meta_disable_footer":"","neve_meta_disable_title":"","jetpack_post_was_ever_published":false,"_jetpack_newsletter_access":"","_jetpack_dont_email_post_to_subs":false,"_jetpack_newsletter_tier_id":0,"_jetpack_memberships_contains_paywalled_content":false,"_jetpack_memberships_contains_paid_content":false,"footnotes":"","jetpack_publicize_message":"","jetpack_publicize_feature_enabled":true,"jetpack_social_post_already_shared":false,"jetpack_social_options":{"image_generator_settings":{"template":"highway","default_image_id":0,"font":"","enabled":false},"version":2}},"categories":[5],"tags":[],"class_list":["post-2563","post","type-post","status-publish","format-standard","hentry","category-outros"],"jetpack_publicize_connections":[],"jetpack_featured_media_url":"","jetpack_shortlink":"https:\/\/wp.me\/p4i7cB-Fl","jetpack_sharing_enabled":true,"jetpack-related-posts":[{"id":4503,"url":"https:\/\/yuri.com.br\/claudio\/2012\/12\/28\/feliz-2013\/","url_meta":{"origin":2563,"position":0},"title":"Feliz 2013","author":"claudio","date":"28\/dez\/2012","format":false,"excerpt":"Dessa vez vou resumir a t\u00edpica mensagem de fim de ano com bons votos: Desejo a vcs um ano novo cheio de grandes li\u00e7\u00f5es, atitudes comprometidas, respeito e sinceridade consigo pr\u00f3prio, com os outros e com o planeta. Desejo tamb\u00e9m bastante \u00f3cio (criativo!), lazer, arte, ou tudo aquilo que nos\u2026","rel":"","context":"Em &quot;Outros&quot;","block_context":{"text":"Outros","link":"https:\/\/yuri.com.br\/claudio\/category\/outros\/"},"img":{"alt_text":"","src":"","width":0,"height":0},"classes":[]},{"id":3815,"url":"https:\/\/yuri.com.br\/claudio\/2012\/07\/11\/a-vida-como-ela-e\/","url_meta":{"origin":2563,"position":1},"title":"A vida como ela \u00e9","author":"claudio","date":"11\/jul\/2012","format":false,"excerpt":"Passamos alguns dias inusitados por aqui, sob os olhos (e lentes) do Ricardo 'Coutinho' Cosme registrando um pouco do nosso simples dia a dia. N\u00e3o, n\u00e3o se trata de um filme sobre o Cl\u00e1udio & Yuri, mas sim sobre um tema valioso. Curiosos? Aguardem pela Granito!","rel":"","context":"Em &quot;Outros&quot;","block_context":{"text":"Outros","link":"https:\/\/yuri.com.br\/claudio\/category\/outros\/"},"img":{"alt_text":"","src":"https:\/\/i0.wp.com\/yuri.com.br\/claudio\/wp-content\/uploads\/2012\/07\/ricardocosme_filmagem.jpg?resize=350%2C200&ssl=1","width":350,"height":200,"srcset":"https:\/\/i0.wp.com\/yuri.com.br\/claudio\/wp-content\/uploads\/2012\/07\/ricardocosme_filmagem.jpg?resize=350%2C200&ssl=1 1x, https:\/\/i0.wp.com\/yuri.com.br\/claudio\/wp-content\/uploads\/2012\/07\/ricardocosme_filmagem.jpg?resize=525%2C300&ssl=1 1.5x, https:\/\/i0.wp.com\/yuri.com.br\/claudio\/wp-content\/uploads\/2012\/07\/ricardocosme_filmagem.jpg?resize=700%2C400&ssl=1 2x"},"classes":[]},{"id":5609,"url":"https:\/\/yuri.com.br\/claudio\/2013\/08\/20\/medusa\/","url_meta":{"origin":2563,"position":2},"title":"Medusa&#8230;","author":"claudio","date":"20\/ago\/2013","format":false,"excerpt":"J\u00e1 que desta vez me propus a relatar o processo, aqui v\u00e3o uns frames da pancadaria: Babaleia, eu e Bel\u00ea quase chegando no final desse \"corredor polon\u00eas\". S\u00e3o 3 contra 1, agora sim a porteira est\u00e1 amea\u00e7ando abrir! Sem d\u00favidas trabalhar projetos em conjunto \u00e9 bem mais produtivo, ainda mais\u2026","rel":"","context":"Em &quot;Escalada&quot;","block_context":{"text":"Escalada","link":"https:\/\/yuri.com.br\/claudio\/category\/escalada\/"},"img":{"alt_text":"","src":"https:\/\/i0.wp.com\/yuri.com.br\/claudio\/wp-content\/uploads\/2013\/08\/medusa_crux.jpg?resize=350%2C200&ssl=1","width":350,"height":200,"srcset":"https:\/\/i0.wp.com\/yuri.com.br\/claudio\/wp-content\/uploads\/2013\/08\/medusa_crux.jpg?resize=350%2C200&ssl=1 1x, https:\/\/i0.wp.com\/yuri.com.br\/claudio\/wp-content\/uploads\/2013\/08\/medusa_crux.jpg?resize=525%2C300&ssl=1 1.5x, https:\/\/i0.wp.com\/yuri.com.br\/claudio\/wp-content\/uploads\/2013\/08\/medusa_crux.jpg?resize=700%2C400&ssl=1 2x"},"classes":[]},{"id":1041,"url":"https:\/\/yuri.com.br\/claudio\/2009\/09\/11\/eisenbahn-5\/","url_meta":{"origin":2563,"position":3},"title":"Eisenbahn 5","author":"claudio","date":"11\/set\/2009","format":false,"excerpt":"Faz tempo que n\u00e3o registro estes posts, e nada como reativ\u00e1-los com uma homenagem de peso, ou pelo menos o que \u00e9 a cerveja mais lupulada do Brasil: a Eisenbahn 5, lan\u00e7ada em comemora\u00e7\u00e3o ao anivers\u00e1rio desta cervejaria de Blumenau, que faturou pr\u00eamio da revista Beers of the World (WBA\u2026","rel":"","context":"Em &quot;'Baixa' Gastronomia&quot;","block_context":{"text":"'Baixa' Gastronomia","link":"https:\/\/yuri.com.br\/claudio\/category\/baixa-gastronomia\/"},"img":{"alt_text":"","src":"https:\/\/i0.wp.com\/farm4.static.flickr.com\/3423\/3900047219_031054bd18.jpg?resize=350%2C200","width":350,"height":200},"classes":[]},{"id":3318,"url":"https:\/\/yuri.com.br\/claudio\/2012\/01\/13\/12-de-janeiro\/","url_meta":{"origin":2563,"position":4},"title":"12 de janeiro","author":"claudio","date":"13\/jan\/2012","format":false,"excerpt":"Desde crian\u00e7a n\u00e3o reunia muitos para comemorar essa data aleat\u00f3ria no tempo cujo n\u00famero, seguindo o calend\u00e1rio crist\u00e3o, \"corresponde\" \u00e0 data em que eu nasci. O envelhecimento acontece a cada minuto, \u00e0s vezes sinto que vivo mais em um m\u00eas do que em 1 ano inteiro, enfim, tudo \u00e9 relativo...\u2026","rel":"","context":"Em &quot;Escalada&quot;","block_context":{"text":"Escalada","link":"https:\/\/yuri.com.br\/claudio\/category\/escalada\/"},"img":{"alt_text":"","src":"https:\/\/i0.wp.com\/yuri.com.br\/claudio\/wp-content\/uploads\/2012\/01\/niver2012.jpg?resize=350%2C200&ssl=1","width":350,"height":200,"srcset":"https:\/\/i0.wp.com\/yuri.com.br\/claudio\/wp-content\/uploads\/2012\/01\/niver2012.jpg?resize=350%2C200&ssl=1 1x, https:\/\/i0.wp.com\/yuri.com.br\/claudio\/wp-content\/uploads\/2012\/01\/niver2012.jpg?resize=525%2C300&ssl=1 1.5x"},"classes":[]},{"id":3046,"url":"https:\/\/yuri.com.br\/claudio\/2011\/08\/31\/vem-ai-o-sumba-boulder-2011\/","url_meta":{"origin":2563,"position":5},"title":"Vem a\u00ed o Sumba Boulder 2011","author":"claudio","date":"31\/ago\/2011","format":false,"excerpt":"J\u00e1 vou avisando que o setor promete... tive a oportunidade de conhecer renomados blocos de granito mundo afora (Su\u00ed\u00e7a, Yosemite) e n\u00e3o vi nada parecido. Aguardem + imagens em breve... por hora, reservem a data!","rel":"","context":"Em &quot;Escalada&quot;","block_context":{"text":"Escalada","link":"https:\/\/yuri.com.br\/claudio\/category\/escalada\/"},"img":{"alt_text":"","src":"https:\/\/i0.wp.com\/www.escaladacafe.com.br\/files\/teaser_small.jpg?resize=350%2C200","width":350,"height":200,"srcset":"https:\/\/i0.wp.com\/www.escaladacafe.com.br\/files\/teaser_small.jpg?resize=350%2C200 1x, https:\/\/i0.wp.com\/www.escaladacafe.com.br\/files\/teaser_small.jpg?resize=525%2C300 1.5x, https:\/\/i0.wp.com\/www.escaladacafe.com.br\/files\/teaser_small.jpg?resize=700%2C400 2x"},"classes":[]}],"_links":{"self":[{"href":"https:\/\/yuri.com.br\/claudio\/wp-json\/wp\/v2\/posts\/2563","targetHints":{"allow":["GET"]}}],"collection":[{"href":"https:\/\/yuri.com.br\/claudio\/wp-json\/wp\/v2\/posts"}],"about":[{"href":"https:\/\/yuri.com.br\/claudio\/wp-json\/wp\/v2\/types\/post"}],"author":[{"embeddable":true,"href":"https:\/\/yuri.com.br\/claudio\/wp-json\/wp\/v2\/users\/2"}],"replies":[{"embeddable":true,"href":"https:\/\/yuri.com.br\/claudio\/wp-json\/wp\/v2\/comments?post=2563"}],"version-history":[{"count":0,"href":"https:\/\/yuri.com.br\/claudio\/wp-json\/wp\/v2\/posts\/2563\/revisions"}],"wp:attachment":[{"href":"https:\/\/yuri.com.br\/claudio\/wp-json\/wp\/v2\/media?parent=2563"}],"wp:term":[{"taxonomy":"category","embeddable":true,"href":"https:\/\/yuri.com.br\/claudio\/wp-json\/wp\/v2\/categories?post=2563"},{"taxonomy":"post_tag","embeddable":true,"href":"https:\/\/yuri.com.br\/claudio\/wp-json\/wp\/v2\/tags?post=2563"}],"curies":[{"name":"wp","href":"https:\/\/api.w.org\/{rel}","templated":true}]}}