{"id":254,"date":"2008-10-31T03:16:55","date_gmt":"2008-10-31T03:16:55","guid":{"rendered":"http:\/\/claudiobr.wordpress.com\/?p=254"},"modified":"2008-10-31T03:16:55","modified_gmt":"2008-10-31T03:16:55","slug":"sobre-o-campeonato-estadual-de-boulder-rj-2008","status":"publish","type":"post","link":"https:\/\/yuri.com.br\/claudio\/2008\/10\/31\/sobre-o-campeonato-estadual-de-boulder-rj-2008\/","title":{"rendered":"Sobre o Campeonato Estadual de Boulder RJ 2008"},"content":{"rendered":"<p style=\"text-align:center;\"><a href=\"http:\/\/yuri.com.br\/claudio\/wp-content\/uploads\/2008\/10\/jornaldossports_estadualrj2008.jpg\" target=\"_blank\"><img loading=\"lazy\" decoding=\"async\" data-attachment-id=\"255\" data-permalink=\"https:\/\/yuri.com.br\/claudio\/2008\/10\/31\/sobre-o-campeonato-estadual-de-boulder-rj-2008\/jornaldossports_estadualrj2008\/\" data-orig-file=\"https:\/\/yuri.com.br\/claudio\/wp-content\/uploads\/2008\/10\/jornaldossports_estadualrj2008.jpg\" data-orig-size=\"800,683\" data-comments-opened=\"1\" data-image-meta=\"{&quot;aperture&quot;:&quot;0&quot;,&quot;credit&quot;:&quot;&quot;,&quot;camera&quot;:&quot;&quot;,&quot;caption&quot;:&quot;&quot;,&quot;created_timestamp&quot;:&quot;0&quot;,&quot;copyright&quot;:&quot;&quot;,&quot;focal_length&quot;:&quot;0&quot;,&quot;iso&quot;:&quot;0&quot;,&quot;shutter_speed&quot;:&quot;0&quot;,&quot;title&quot;:&quot;&quot;}\" data-image-title=\"Jornal dos Sports (por Sandro Cardoso)\" data-image-description=\"\" data-image-caption=\"\" data-medium-file=\"https:\/\/yuri.com.br\/claudio\/wp-content\/uploads\/2008\/10\/jornaldossports_estadualrj2008-300x256.jpg\" data-large-file=\"https:\/\/yuri.com.br\/claudio\/wp-content\/uploads\/2008\/10\/jornaldossports_estadualrj2008.jpg\" class=\"size-full wp-image-255  aligncenter\" title=\"Jornal dos Sports (por Sandro Cardoso)\" src=\"http:\/\/yuri.com.br\/claudio\/wp-content\/uploads\/2008\/10\/jornaldossports_estadualrj2008.jpg\" alt=\"\" width=\"600\" height=\"512\" srcset=\"https:\/\/yuri.com.br\/claudio\/wp-content\/uploads\/2008\/10\/jornaldossports_estadualrj2008.jpg 800w, https:\/\/yuri.com.br\/claudio\/wp-content\/uploads\/2008\/10\/jornaldossports_estadualrj2008-300x256.jpg 300w, https:\/\/yuri.com.br\/claudio\/wp-content\/uploads\/2008\/10\/jornaldossports_estadualrj2008-210x179.jpg 210w\" sizes=\"auto, (max-width: 600px) 100vw, 600px\" \/><\/a><\/p>\n<p>Neste m\u00eas de outubro\u00a0terminou o Campeonato Estadual de Escalada (Boulder) do RJ 2008. Sobre os resultados oficiais eu indico 2 artigos:<\/p>\n<p><a href=\"http:\/\/lojinhadeescalada.blogspot.com\/2008\/10\/ainda-sobre-o-campeonato-carioca-de.html\" target=\"_blank\">Blog da Lojinha de Escalada<\/a><br \/>\n<a href=\"http:\/\/familiabuscapedra.blogspot.com\/2008\/10\/chega-ao-fim-o-circuito-estadual-de.html\" target=\"_blank\">Blog do Caio Gomes<\/a><\/p>\n<p>E clicando neste <a href=\"http:\/\/www.flickr.com\/search\/?s=int&amp;w=all&amp;q=campeonato+escalada+rj+2008&amp;m=text\" target=\"_blank\">link<\/a> pode-se conferir algumas fotos que fiz desta \u00faltima etapa na Limite Vertical.<\/p>\n<p>Aproveito este espa\u00e7o para adicionar impress\u00f5es pessoais minhas sobre o campeonato. Participei de 3 das 4 etapas (faltei na de Nova Friburgo).<\/p>\n<p>Desde que me mudei ao RJ faz uns 4 anos, n\u00e3o acontecia um circuito anual de competi\u00e7\u00e3o de escalada no RJ. At\u00e9 ent\u00e3o eu n\u00e3o tinha o costume de participar, era partid\u00e1rio dos &#8220;n\u00e3o competitivos&#8221; e somente assistia a estes eventos quando chovia e n\u00e3o podia viajar \u00e0 rocha. Desde ent\u00e3o envelheci um pouco, chegou a crise dos 30 :-] e hoje discordo da minha atitude de outrora, pelo contr\u00e1rio, acho que todo escalador que opta pela modalidade esportiva deveria se federar e apoiar ativamente quaisquer eventos &#8220;indoor&#8221; de seu estado, onde cria-se espa\u00e7o a empresas do ramo, d\u00e1-se oportunidade a escaladores de elite e at\u00e9 iniciantes, surge a demanda de novos espa\u00e7os, melhorias, enfim, impulsiona-se o progresso desta atividade. Bom, n\u00e3o vou me delongar aqui, leia o email da Patr\u00edcia Mattos no <a href=\"http:\/\/lojinhadeescalada.blogspot.com\/2008\/10\/ainda-sobre-o-campeonato-carioca-de.html\" target=\"_blank\">blog<\/a> da Yuri e valorize a se\u00e7\u00e3o de &#8220;agradecimentos&#8221;.<\/p>\n<p>Sobre o campeonato todo em si, minha \u00fanica sugest\u00e3o seria na montagem das\u00a0vias (principalmente nas finais), onde notei uma predomin\u00e2ncia de botes, que s\u00e3o movimentos obrigat\u00f3rios por entreter o p\u00fablico com belos v\u00f4os, e s\u00e3o mais f\u00e1ceis de se configurar, bastando apenas longa dist\u00e2ncia entre duas agarras. Poder\u00edamos ter mais espa\u00e7o para problemas criativos de leitura e press\u00e3o, que podem ser igualmente acrob\u00e1ticos e ainda testar a versatilidade do escalador, derrubando-o n\u00e3o somente por falta de alcance. Outra coisa que notei ao assistir o v\u00eddeo da \u00faltima etapa durante a montagem das rotas finais, \u00e9 a falta de testes nos movimentos, o que \u00e9 importante no trabalho do route-setter afim de evitar linhas inesperadamente &#8220;imposs\u00edveis&#8221;, frustrando competidor e espectador. Mas independente de minha opini\u00e3o pessoal, tenho certeza que este ano serviu de grande experi\u00eancia e aprendizado \u00e0 equipe que montou as vias e est\u00e3o todos de parab\u00e9ns pelo super empenho. Portanto, ano que vem promete! At\u00e9 l\u00e1!!<\/p>\n","protected":false},"excerpt":{"rendered":"<p>Neste m\u00eas de outubro\u00a0terminou o Campeonato Estadual de Escalada (Boulder) do RJ 2008. Sobre os resultados oficiais eu indico 2 artigos: Blog da Lojinha de Escalada Blog do Caio Gomes E clicando neste link pode-se conferir algumas fotos que fiz desta \u00faltima etapa na Limite Vertical. Aproveito este espa\u00e7o para adicionar impress\u00f5es pessoais minhas sobre&hellip;&nbsp;<a href=\"https:\/\/yuri.com.br\/claudio\/2008\/10\/31\/sobre-o-campeonato-estadual-de-boulder-rj-2008\/\" rel=\"bookmark\">Continue a ler &raquo;<span class=\"screen-reader-text\">Sobre o Campeonato Estadual de Boulder RJ 2008<\/span><\/a><\/p>\n","protected":false},"author":2,"featured_media":255,"comment_status":"open","ping_status":"open","sticky":false,"template":"","format":"standard","meta":{"neve_meta_sidebar":"","neve_meta_container":"","neve_meta_enable_content_width":"","neve_meta_content_width":0,"neve_meta_title_alignment":"","neve_meta_author_avatar":"","neve_post_elements_order":"","neve_meta_disable_header":"","neve_meta_disable_footer":"","neve_meta_disable_title":"","jetpack_post_was_ever_published":false,"_jetpack_newsletter_access":"","_jetpack_dont_email_post_to_subs":false,"_jetpack_newsletter_tier_id":0,"_jetpack_memberships_contains_paywalled_content":false,"_jetpack_memberships_contains_paid_content":false,"footnotes":"","jetpack_publicize_message":"","jetpack_publicize_feature_enabled":true,"jetpack_social_post_already_shared":false,"jetpack_social_options":{"image_generator_settings":{"template":"highway","default_image_id":0,"font":"","enabled":false},"version":2}},"categories":[3],"tags":[19,36,125,50],"class_list":["post-254","post","type-post","status-publish","format-standard","has-post-thumbnail","hentry","category-escalada","tag-rio-de-janeiro","tag-campeonato","tag-escalada","tag-estadual"],"jetpack_publicize_connections":[],"jetpack_featured_media_url":"https:\/\/yuri.com.br\/claudio\/wp-content\/uploads\/2008\/10\/jornaldossports_estadualrj2008.jpg","jetpack_shortlink":"https:\/\/wp.me\/p4i7cB-46","jetpack_sharing_enabled":true,"jetpack-related-posts":[{"id":103,"url":"https:\/\/yuri.com.br\/claudio\/2008\/08\/13\/ii-etapa-do-campeonato-estadualrj-de-boulder-2008\/","url_meta":{"origin":254,"position":0},"title":"II Etapa do Campeonato Estadual\/RJ","author":"claudio","date":"13\/ago\/2008","format":false,"excerpt":"Bora participar galera! \u00c9 preciso prestigiar a iniciativa, lembrando que o RJ carece de gin\u00e1sios e j\u00e1 teve etapa do brasileiro cancelada este ano... me desculpem a alfinetada, mas quem ignora esses eventos s\u00f3 porque n\u00e3o curtem \"competi\u00e7\u00e3o\" ou preferem as pedras (que abundam dentro da cidade), est\u00e1 cuspindo no\u2026","rel":"","context":"Em &quot;Escalada&quot;","block_context":{"text":"Escalada","link":"https:\/\/yuri.com.br\/claudio\/category\/escalada\/"},"img":{"alt_text":"","src":"https:\/\/i0.wp.com\/img.youtube.com\/vi\/pwem2Wn7FcE\/0.jpg?resize=350%2C200","width":350,"height":200},"classes":[]},{"id":170,"url":"https:\/\/yuri.com.br\/claudio\/2008\/08\/28\/ainda-sobre-a-ultima-etapa-do-carioca-de-boulder\/","url_meta":{"origin":254,"position":1},"title":"Ainda sobre a \u00faltima etapa do carioca de boulder","author":"claudio","date":"28\/ago\/2008","format":false,"excerpt":"O escalador niteroiense Caio Gomes, vencedor da \u00faltima etapa do campeonato carioca 2008, \"Etapa Paulo Macaco\", escreveu um artigo mais completo sobre o o evento para o Webventure. Gostaria de citar e destacar um par\u00e1grafo em especial: \"O que chamou muita aten\u00e7\u00e3o nessa etapa, foi o numero bastante reduzido de\u2026","rel":"","context":"Em &quot;Escalada&quot;","block_context":{"text":"Escalada","link":"https:\/\/yuri.com.br\/claudio\/category\/escalada\/"},"img":{"alt_text":"","src":"https:\/\/i0.wp.com\/farm4.static.flickr.com\/3060\/2774639781_89570c6d42.jpg?resize=350%2C200","width":350,"height":200},"classes":[]},{"id":222,"url":"https:\/\/yuri.com.br\/claudio\/2008\/09\/15\/campeonato-carioca-etapa-nova-friburgo-resultado-extra-oficial\/","url_meta":{"origin":254,"position":2},"title":"Campeonato Carioca &#8211; etapa Nova Friburgo (resultado extra oficial)","author":"claudio","date":"15\/set\/2008","format":false,"excerpt":"Caio Gomes no Planeta Vertical em Nova Friburgo Update r\u00e1pido sobre o resultado da 3a. etapa do campeonato carioca (boulder) realizado neste s\u00e1bado 13\/Set em Nova Friburgo: Iniciante Masculino 1 - Daniel Lustoza (Rio de Janeiro) 2 - Tony (Nova Friburgo) 3 - Artur (Nova Friburgo) Iniciante Feminino 1 -\u2026","rel":"","context":"Em &quot;Escalada&quot;","block_context":{"text":"Escalada","link":"https:\/\/yuri.com.br\/claudio\/category\/escalada\/"},"img":{"alt_text":"","src":"","width":0,"height":0},"classes":[]},{"id":201,"url":"https:\/\/yuri.com.br\/claudio\/2008\/09\/09\/iii-etapa-do-campeonato-estadualrj-de-boulder-2008-nova-friburgo\/","url_meta":{"origin":254,"position":3},"title":"III Etapa do Campeonato Estadual\/RJ de Boulder 2008 &#8211; Nova Friburgo","author":"claudio","date":"9\/set\/2008","format":false,"excerpt":"\"Bom Pessoal, como todos estavam esperando a\u00ed est\u00e1 o convite para a etapa de boulder aqui da Planeta Vertical. Contamos com a vinda dos atletas participantes do ranking e aqueles que queiram tamb\u00e9m prestigiar essa etapa\" - Leandro S. Nogueira \/ Planeta Vertical 13 de Setembro a partir das 9:30\u2026","rel":"","context":"Em &quot;Escalada&quot;","block_context":{"text":"Escalada","link":"https:\/\/yuri.com.br\/claudio\/category\/escalada\/"},"img":{"alt_text":"","src":"","width":0,"height":0},"classes":[]},{"id":811,"url":"https:\/\/yuri.com.br\/claudio\/2009\/07\/01\/2%c2%aa-etapa-do-campeonato-estadual-de-boulder-2009-rj\/","url_meta":{"origin":254,"position":4},"title":"2\u00aa ETAPA DO CAMPEONATO ESTADUAL DE BOULDER 2009 &#8211; RJ","author":"claudio","date":"1\/jul\/2009","format":false,"excerpt":"Divulgando: \"Ol\u00e1 !! Acontecer\u00e1 no dia\u00a005 de julho, a 2\u00aa Etapa do Campeonato Estadual de Boulder 2009 - RJ. Confiram\u00a0o V\u00eddeo Anima\u00e7\u00e3o com as informa\u00e7\u00f5es da 2\u00aa Etapa do Campeonato Estadual de Boulder 2009 - RJ. Ligue o SOM!!! ATEN\u00c7\u00c3O COMPETIDORES: N\u00e3o esque\u00e7am de se filiar ou atualizar sua situa\u00e7\u00e3o\u2026","rel":"","context":"Em &quot;Escalada&quot;","block_context":{"text":"Escalada","link":"https:\/\/yuri.com.br\/claudio\/category\/escalada\/"},"img":{"alt_text":"","src":"https:\/\/i0.wp.com\/img.youtube.com\/vi\/7ygXjDkP_z8\/0.jpg?resize=350%2C200","width":350,"height":200},"classes":[]},{"id":118,"url":"https:\/\/yuri.com.br\/claudio\/2008\/08\/18\/2a-etapa-campeonato-carioca-2008\/","url_meta":{"origin":254,"position":5},"title":"2a. Etapa Campeonato Carioca 2008","author":"claudio","date":"18\/ago\/2008","format":false,"excerpt":"Rolou neste \u00faltimo domingo a segunda etapa do campeonato carioca de escalada, \"etapa Paulo Macaco\", realizada no muro da Patr\u00edcia em Niter\u00f3i (modalidade boulder). Participaram na montagem das rotas Ralf C\u00f4rtes, F\u00e1bio Muniz e Ant\u00f4nio Sergio. O formato foi dividido em 2 etapas, cada uma como 3 problemas, tentados em\u2026","rel":"","context":"Em &quot;Escalada&quot;","block_context":{"text":"Escalada","link":"https:\/\/yuri.com.br\/claudio\/category\/escalada\/"},"img":{"alt_text":"","src":"https:\/\/i0.wp.com\/yuri.com.br\/claudio\/wp-content\/uploads\/2008\/08\/nikit_eric.jpg?resize=350%2C200&ssl=1","width":350,"height":200,"srcset":"https:\/\/i0.wp.com\/yuri.com.br\/claudio\/wp-content\/uploads\/2008\/08\/nikit_eric.jpg?resize=350%2C200&ssl=1 1x, https:\/\/i0.wp.com\/yuri.com.br\/claudio\/wp-content\/uploads\/2008\/08\/nikit_eric.jpg?resize=525%2C300&ssl=1 1.5x, https:\/\/i0.wp.com\/yuri.com.br\/claudio\/wp-content\/uploads\/2008\/08\/nikit_eric.jpg?resize=700%2C400&ssl=1 2x"},"classes":[]}],"_links":{"self":[{"href":"https:\/\/yuri.com.br\/claudio\/wp-json\/wp\/v2\/posts\/254","targetHints":{"allow":["GET"]}}],"collection":[{"href":"https:\/\/yuri.com.br\/claudio\/wp-json\/wp\/v2\/posts"}],"about":[{"href":"https:\/\/yuri.com.br\/claudio\/wp-json\/wp\/v2\/types\/post"}],"author":[{"embeddable":true,"href":"https:\/\/yuri.com.br\/claudio\/wp-json\/wp\/v2\/users\/2"}],"replies":[{"embeddable":true,"href":"https:\/\/yuri.com.br\/claudio\/wp-json\/wp\/v2\/comments?post=254"}],"version-history":[{"count":0,"href":"https:\/\/yuri.com.br\/claudio\/wp-json\/wp\/v2\/posts\/254\/revisions"}],"wp:featuredmedia":[{"embeddable":true,"href":"https:\/\/yuri.com.br\/claudio\/wp-json\/wp\/v2\/media\/255"}],"wp:attachment":[{"href":"https:\/\/yuri.com.br\/claudio\/wp-json\/wp\/v2\/media?parent=254"}],"wp:term":[{"taxonomy":"category","embeddable":true,"href":"https:\/\/yuri.com.br\/claudio\/wp-json\/wp\/v2\/categories?post=254"},{"taxonomy":"post_tag","embeddable":true,"href":"https:\/\/yuri.com.br\/claudio\/wp-json\/wp\/v2\/tags?post=254"}],"curies":[{"name":"wp","href":"https:\/\/api.w.org\/{rel}","templated":true}]}}