{"id":2517,"date":"2010-11-19T12:38:36","date_gmt":"2010-11-19T12:38:36","guid":{"rendered":"http:\/\/claudiobr.wordpress.com\/?p=2517"},"modified":"2018-10-27T17:09:05","modified_gmt":"2018-10-27T17:09:05","slug":"o-botequim-carioca","status":"publish","type":"post","link":"https:\/\/yuri.com.br\/claudio\/2010\/11\/19\/o-botequim-carioca\/","title":{"rendered":"Botequim carioca"},"content":{"rendered":"<p>Ap\u00f3s deixar o Rio de Janeiro, devo aqui umas anota\u00e7\u00f5es sobre algo que muito me transformou nessa babil\u00f4nia. Achei melhor escrever logo antes que minha falha mem\u00f3ria deixe algumas importantes emo\u00e7\u00f5es para tr\u00e1s&#8230;<\/p>\n<p>Me mudei ao RJ por volta de 2004. Nestes 6 anos, o meu amor pelo Rio foi altamente influenciado, sobretudo, por uma atividade que pode soar marginal para muitos, mas foi essencial para minha evolu\u00e7\u00e3o como gente: frequentar botequins.<\/p>\n<p>&#8220;Boteco&#8221; pode lembrar p\u00e9-sujo, um cantinho nojento, onde velhos largados passam as noites bebendo. Por algum motivo (que me sugere a \u00e9poca de faculdade de comunica\u00e7\u00e3o e artes), desde os meus primeiros dias no Rio eu comecei a me interessar por esses estabelecimentos. Morava ao lado de shopping center mas preferia andar bem mais, tarde da noite, pra ir jantar no botequim depois do treino. Em alguns meses eu fui percebendo que os verdadeiros botequins n\u00e3o s\u00e3o simples com\u00e9rcios &#8211; bares, mercearias, caf\u00e9s, etc. &#8211; algo muito al\u00e9m se respira nestes locais. Um sentimento de arque\u00f3logo urbano foi nascendo em mim, fascinado com tesouros em plena vida no meio do caos da cidade grande, emanando de dentro de ref\u00fagios jur\u00e1ssicos. Hoje, em um mundo que sofre ataques fulminantes do capitalismo, o aut\u00eantico botequim \u00e9 um sobrevivente her\u00f3ico cujo lucro mal lhe importa. Tradi\u00e7\u00f5es gastron\u00f4micas s\u00e3o cultivadas com eterna fidelidade \u00e0s origens de variadas etnias, onde comer e beber \u00e9 uma experi\u00eancia muito al\u00e9m das sensa\u00e7\u00f5es gustativas, \u00e9 algo como um happy-hour de gera\u00e7\u00f5es, um lugar onde vc, seu pai e seu av\u00f4 se sentiriam em casa, celebrando em um ambiente \u00e0 prova dos tempos. \u00c9 somar muitas d\u00e9cadas de ocasi\u00f5es vividas em um pequeno espa\u00e7o f\u00edsico, por\u00e9m imensur\u00e1vel e hist\u00f3rico patrim\u00f4nio cultural!<\/p>\n<p>A\u00ed tu olhas em volta e v\u00ea o dono do buteco ainda ali, 7 dias por semana, sem delegar a gerentes, sem se render \u00e0s filiais, te cumprimentando como se fosse da fam\u00edlia e te servindo sua cacha\u00e7a predileta sem precisar pedir. Pra se ter uma id\u00e9ia, no Adega da Velha eu cheguei at\u00e9 a ganhar presente de casamento do Sr. Mesquita, quem me preparou centenas de minhas refei\u00e7\u00f5es ao longo dos anos. Como eu morava em um conjugado, n\u00e3o preciso justificar mais para declarar que o botequim sempre foi minha primeira casa, e n\u00e3o segunda. E mesmo depois de casado e com ap\u00ea novo, n\u00e3o deixei de bater ponto principalmente no Real Chopp, dos donos Erm\u00edrio e Afonso, portugas que me viram de olhos marejados ao me despedir.<\/p>\n<p>Pra quem \u00e9 paulista como eu, logo adorei que botequim carioca n\u00e3o precisa se fantasiar, \u00e9 anti-passarela, vc vai como se estivesse dando um pulo no quintal de casa, de chinelo e bermuda sem se preocupar. Seu balc\u00e3o \u00e9 um zool\u00f3gico, seja pelas iguarias expostas ou pelos mais variados fregueses que fazem sua horinha por ali. J\u00e1 topei at\u00e9 com ex-fuzileiro de guerra alem\u00e3o, sujeito sem as 2 pernas e movido \u00e0 u\u00edsque. No geral \u00e9 gente da vizinhan\u00e7a, com d\u00e9cadas de assiduidade. Gente da 3a. idade, algo que aprendi a n\u00e3o me constranger. Foram tantas as hist\u00f3rias que ouvi como se fossem de pai para filho! Pensando nisso, \u00e9 triste notar esta falta de renova\u00e7\u00e3o na freguesia dos botequins tradicionais. A maioria das minhas companias de boteco tinham idade para ser meu pai. Teria eu nascido na \u00e9poca errada? \u00c9 lament\u00e1vel constatar que as gera\u00e7\u00f5es mais jovens andam lotando as franchisings do estilo &#8220;p\u00e9-limpo&#8221; (importado de SP), consumindo cegamente. Por isso eu recomendo \u00e0 vc, que acaba de completar 18 anos: frequente um boteco de verdade, fa\u00e7a um investimento na sua alma. Mas enxergue atrav\u00e9s das apar\u00eancias, duvide das sofistica\u00e7\u00f5es, suas despesas et\u00edlicas merecem um destino bem escolhido. E n\u00e3o estou fazendo apologia ao alcoolismo! Tamb\u00e9m n\u00e3o sou contra novidades, mas o Rio de Janeiro me ensinou na pr\u00e1tica que quanto mais preto-e-branco, melhor.<\/p>\n<p>O tradicional botequim carioca \u00e9 um s\u00edmbolo de resist\u00eancia, de amor \u00e0s ra\u00edzes. Infelizmente n\u00e3o vemos mais os mesmos poetas de outrora enchendo a cara nos botecos. \u00c9 preciso manter vivo a mesa de bar como palco de discursos sinceramente embriagados, cheios de acaloradas promessas de revolu\u00e7\u00e3o. \u00c9 nos botequins onde eu ainda vejo esperan\u00e7a em um mundo cujo conv\u00edvio social vem migrando para dentro do congelador digital. Vamos pro bar, que l\u00e1 n\u00f3s organizamos o mundo&#8230;<\/p>\n<p>Vida longa aos verdadeiros botequins cariocas!<\/p>\n","protected":false},"excerpt":{"rendered":"<p>Ap\u00f3s deixar o Rio de Janeiro, devo aqui umas anota\u00e7\u00f5es sobre algo que muito me transformou nessa babil\u00f4nia. Achei melhor escrever logo antes que minha falha mem\u00f3ria deixe algumas importantes emo\u00e7\u00f5es para tr\u00e1s&#8230; Me mudei ao RJ por volta de 2004. Nestes 6 anos, o meu amor pelo Rio foi altamente influenciado, sobretudo, por uma&hellip;&nbsp;<a href=\"https:\/\/yuri.com.br\/claudio\/2010\/11\/19\/o-botequim-carioca\/\" rel=\"bookmark\">Continue a ler &raquo;<span class=\"screen-reader-text\">Botequim carioca<\/span><\/a><\/p>\n","protected":false},"author":2,"featured_media":0,"comment_status":"open","ping_status":"open","sticky":false,"template":"","format":"standard","meta":{"neve_meta_sidebar":"","neve_meta_container":"","neve_meta_enable_content_width":"","neve_meta_content_width":0,"neve_meta_title_alignment":"","neve_meta_author_avatar":"","neve_post_elements_order":"","neve_meta_disable_header":"","neve_meta_disable_footer":"","neve_meta_disable_title":"","jetpack_post_was_ever_published":false,"_jetpack_newsletter_access":"","_jetpack_dont_email_post_to_subs":false,"_jetpack_newsletter_tier_id":0,"_jetpack_memberships_contains_paywalled_content":false,"_jetpack_memberships_contains_paid_content":false,"footnotes":"","jetpack_publicize_message":"","jetpack_publicize_feature_enabled":true,"jetpack_social_post_already_shared":false,"jetpack_social_options":{"image_generator_settings":{"template":"highway","default_image_id":0,"font":"","enabled":false},"version":2}},"categories":[2],"tags":[],"class_list":["post-2517","post","type-post","status-publish","format-standard","hentry","category-baixa-gastronomia"],"jetpack_publicize_connections":[],"jetpack_featured_media_url":"","jetpack_shortlink":"https:\/\/wp.me\/p4i7cB-EB","jetpack_sharing_enabled":true,"jetpack-related-posts":[{"id":741,"url":"https:\/\/yuri.com.br\/claudio\/2009\/06\/09\/comida-di-buteco-rj-2009-real-chopp\/","url_meta":{"origin":2517,"position":0},"title":"&#8216;Comida di Buteco&#8217; RJ 2009 + Real Chopp","author":"claudio","date":"9\/jun\/2009","format":false,"excerpt":"Para a alegria de nossas barriguinhas, est\u00e1 de volta ao Rio de Janeiro o festival Comida di Buteco! Uma \"competi\u00e7\u00e3o\" em que n\u00f3s, fregueses, s\u00f3 temos a ganhar - s\u00e3o novas e velhas tradi\u00e7\u00f5es como o Rolmops (\"sushi\" de portugu\u00eas do Adega P\u00e9rola) ou o lombinho com molho de tamarindo\u2026","rel":"","context":"Em &quot;'Baixa' Gastronomia&quot;","block_context":{"text":"'Baixa' Gastronomia","link":"https:\/\/yuri.com.br\/claudio\/category\/baixa-gastronomia\/"},"img":{"alt_text":"","src":"https:\/\/i0.wp.com\/yuri.com.br\/claudio\/wp-content\/uploads\/2009\/06\/realchopp_leffe.jpg?resize=350%2C200&ssl=1","width":350,"height":200,"srcset":"https:\/\/i0.wp.com\/yuri.com.br\/claudio\/wp-content\/uploads\/2009\/06\/realchopp_leffe.jpg?resize=350%2C200&ssl=1 1x, https:\/\/i0.wp.com\/yuri.com.br\/claudio\/wp-content\/uploads\/2009\/06\/realchopp_leffe.jpg?resize=525%2C300&ssl=1 1.5x"},"classes":[]},{"id":35,"url":"https:\/\/yuri.com.br\/claudio\/2008\/07\/29\/os-caldos-de-minha-vida\/","url_meta":{"origin":2517,"position":1},"title":"Os caldos de minha vida &#8211; Adega da Velha","author":"claudio","date":"29\/jul\/2008","format":false,"excerpt":"Gostaria de compartilhar um pouco da minha experi\u00eancia butequeira adquirida aqui no RJ, cidade ber\u00e7o do botequim tradicional. J\u00e1 faz tempo que eu desejo me expressar em homenagem a esse \"templo\" do bem viver, mas para isto eu pretendo me dedicar com mais carinho em uma futura postagem, como se\u2026","rel":"","context":"Em &quot;'Baixa' Gastronomia&quot;","block_context":{"text":"'Baixa' Gastronomia","link":"https:\/\/yuri.com.br\/claudio\/category\/baixa-gastronomia\/"},"img":{"alt_text":"","src":"https:\/\/i0.wp.com\/yuri.com.br\/claudio\/wp-content\/uploads\/2008\/07\/wordpress_adega_caldinho.jpg?resize=350%2C200&ssl=1","width":350,"height":200},"classes":[]},{"id":241,"url":"https:\/\/yuri.com.br\/claudio\/2008\/09\/25\/fausto-wolff\/","url_meta":{"origin":2517,"position":2},"title":"Fausto Wolff","author":"claudio","date":"25\/set\/2008","format":false,"excerpt":"A poucas semanas atr\u00e1s, mais precisamente no dia 5 de setembro, faleceu no RJ o jornalista e escritor brasileiro Fausto Wolff. Eu n\u00e3o tenho a menor compet\u00eancia pra escrever sobre esse cara. Indico um artigo \"p\u00f3stumo\" que o descreve melhor no seu pr\u00f3prio site: http:\/\/www.olobo.net\/index.php?pg=colunistas&id=1008 Mas aqui eu gostaria de\u2026","rel":"","context":"Em &quot;'Baixa' Gastronomia&quot;","block_context":{"text":"'Baixa' Gastronomia","link":"https:\/\/yuri.com.br\/claudio\/category\/baixa-gastronomia\/"},"img":{"alt_text":"","src":"","width":0,"height":0},"classes":[]},{"id":305,"url":"https:\/\/yuri.com.br\/claudio\/2008\/11\/27\/aconchego-carioca-tcheca\/","url_meta":{"origin":2517,"position":3},"title":"Aconchego Carioca &#038; Tcheca","author":"claudio","date":"27\/nov\/2008","format":false,"excerpt":"Foram orgasmos m\u00faltiplos. Portanto divido este post em duas partes: - Aconchego Carioca [ Rua Bar\u00e3o de Iguatemi 388 - 12h\/0h (s\u00e1b. e dom. at\u00e9 18h; fecha seg.)] Situado na regi\u00e3o da Pra\u00e7a da Bandeira, trata-se de um min\u00fasculo restaurante\/botequim\/bistr\u00f4 que pode n\u00e3o ser t\u00e3o antigo quanto as casas de\u2026","rel":"","context":"Em &quot;'Baixa' Gastronomia&quot;","block_context":{"text":"'Baixa' Gastronomia","link":"https:\/\/yuri.com.br\/claudio\/category\/baixa-gastronomia\/"},"img":{"alt_text":"","src":"https:\/\/i0.wp.com\/farm4.static.flickr.com\/3017\/3063578724_2210dd5150_o_d.jpg?resize=350%2C200","width":350,"height":200,"srcset":"https:\/\/i0.wp.com\/farm4.static.flickr.com\/3017\/3063578724_2210dd5150_o_d.jpg?resize=350%2C200 1x, https:\/\/i0.wp.com\/farm4.static.flickr.com\/3017\/3063578724_2210dd5150_o_d.jpg?resize=525%2C300 1.5x"},"classes":[]},{"id":203,"url":"https:\/\/yuri.com.br\/claudio\/2008\/09\/10\/festival-comida-di-buteco-no-rj\/","url_meta":{"origin":2517,"position":4},"title":"Festival &#8216;Comida di Buteco&#8217; no RJ","author":"claudio","date":"10\/set\/2008","format":false,"excerpt":"Aconteceu durante o m\u00eas passado, agosto, o festival \"Comida di Buteco\", realizado pela primeira vez no Rio. O resultado (ap\u00f3s 20 mil votos durante o m\u00eas todo) saiu a pouco: 1a. Lugar MELHOR TIRA-GOSTO - Um rol\u00e9 pelo sub\u00farbio - rol\u00e9 ouri\u00e7ado com molho de Bohemia Escura em mini-ba\u00edas de\u2026","rel":"","context":"Em &quot;'Baixa' Gastronomia&quot;","block_context":{"text":"'Baixa' Gastronomia","link":"https:\/\/yuri.com.br\/claudio\/category\/baixa-gastronomia\/"},"img":{"alt_text":"","src":"https:\/\/i0.wp.com\/yuri.com.br\/claudio\/wp-content\/uploads\/2008\/09\/sururu.jpg?resize=350%2C200&ssl=1","width":350,"height":200,"srcset":"https:\/\/i0.wp.com\/yuri.com.br\/claudio\/wp-content\/uploads\/2008\/09\/sururu.jpg?resize=350%2C200&ssl=1 1x, https:\/\/i0.wp.com\/yuri.com.br\/claudio\/wp-content\/uploads\/2008\/09\/sururu.jpg?resize=525%2C300&ssl=1 1.5x"},"classes":[]},{"id":1785,"url":"https:\/\/yuri.com.br\/claudio\/2010\/04\/07\/a-bufa\/","url_meta":{"origin":2517,"position":5},"title":"A bufa","author":"claudio","date":"7\/abr\/2010","format":false,"excerpt":"Uma foto pra registrar estes dias de muita chuva aqui no Rio. Sair \u00e0s 8 da noite durante a semana e encontrar a movimentada Rua S\u00e3o Clemente totalmente deserta, sem gente nem carros... foi uma sensa\u00e7\u00e3o no m\u00ednimo estranha.","rel":"","context":"Em &quot;Outros&quot;","block_context":{"text":"Outros","link":"https:\/\/yuri.com.br\/claudio\/category\/outros\/"},"img":{"alt_text":"","src":"https:\/\/i0.wp.com\/farm5.static.flickr.com\/4010\/4485289564_9449e1cf79_o.jpg?resize=350%2C200","width":350,"height":200,"srcset":"https:\/\/i0.wp.com\/farm5.static.flickr.com\/4010\/4485289564_9449e1cf79_o.jpg?resize=350%2C200 1x, https:\/\/i0.wp.com\/farm5.static.flickr.com\/4010\/4485289564_9449e1cf79_o.jpg?resize=525%2C300 1.5x"},"classes":[]}],"_links":{"self":[{"href":"https:\/\/yuri.com.br\/claudio\/wp-json\/wp\/v2\/posts\/2517","targetHints":{"allow":["GET"]}}],"collection":[{"href":"https:\/\/yuri.com.br\/claudio\/wp-json\/wp\/v2\/posts"}],"about":[{"href":"https:\/\/yuri.com.br\/claudio\/wp-json\/wp\/v2\/types\/post"}],"author":[{"embeddable":true,"href":"https:\/\/yuri.com.br\/claudio\/wp-json\/wp\/v2\/users\/2"}],"replies":[{"embeddable":true,"href":"https:\/\/yuri.com.br\/claudio\/wp-json\/wp\/v2\/comments?post=2517"}],"version-history":[{"count":1,"href":"https:\/\/yuri.com.br\/claudio\/wp-json\/wp\/v2\/posts\/2517\/revisions"}],"predecessor-version":[{"id":10181,"href":"https:\/\/yuri.com.br\/claudio\/wp-json\/wp\/v2\/posts\/2517\/revisions\/10181"}],"wp:attachment":[{"href":"https:\/\/yuri.com.br\/claudio\/wp-json\/wp\/v2\/media?parent=2517"}],"wp:term":[{"taxonomy":"category","embeddable":true,"href":"https:\/\/yuri.com.br\/claudio\/wp-json\/wp\/v2\/categories?post=2517"},{"taxonomy":"post_tag","embeddable":true,"href":"https:\/\/yuri.com.br\/claudio\/wp-json\/wp\/v2\/tags?post=2517"}],"curies":[{"name":"wp","href":"https:\/\/api.w.org\/{rel}","templated":true}]}}