{"id":251,"date":"2008-10-30T22:15:35","date_gmt":"2008-10-30T22:15:35","guid":{"rendered":"http:\/\/claudiobr.wordpress.com\/?p=251"},"modified":"2008-10-30T22:15:35","modified_gmt":"2008-10-30T22:15:35","slug":"back-home","status":"publish","type":"post","link":"https:\/\/yuri.com.br\/claudio\/2008\/10\/30\/back-home\/","title":{"rendered":"Back home"},"content":{"rendered":"<p>Aos poucos, pretendo compartilhar algumas lembran\u00e7as que talvez sirvam de utilidade p\u00fablica, antes que as mem\u00f3rias esfriem. Por enquanto, vou aproveitar o que me resta de f\u00e9rias! ;-)<\/p>\n<div><a href=\"http:\/\/www.flickr.com\/photos\/cbrisighello\/2984968765\/\" target=\"_blank\"><\/a><\/div>\n<div><a href=\"http:\/\/www.flickr.com\/photos\/cbrisighello\/2984968765\/\" target=\"_blank\"><\/a><\/div>\n<p><a href=\"http:\/\/www.flickr.com\/photos\/cbrisighello\/2984968765\/\" target=\"_blank\"><\/p>\n<p style=\"text-align:center;\"><img decoding=\"async\" class=\"alignnone\" src=\"http:\/\/farm4.static.flickr.com\/3005\/2984968765_b41b3471ca.jpg\" alt=\"V0 em Luminoza, S\u00e3o Bento do Sapucai (Out\/2008)\" \/><\/p>\n<p><\/a><\/p>\n","protected":false},"excerpt":{"rendered":"<p>Aos poucos, pretendo compartilhar algumas lembran\u00e7as que talvez sirvam de utilidade p\u00fablica, antes que as mem\u00f3rias esfriem. Por enquanto, vou aproveitar o que me resta de f\u00e9rias! ;-)<\/p>\n","protected":false},"author":2,"featured_media":0,"comment_status":"open","ping_status":"open","sticky":false,"template":"","format":"standard","meta":{"neve_meta_sidebar":"","neve_meta_container":"","neve_meta_enable_content_width":"","neve_meta_content_width":0,"neve_meta_title_alignment":"","neve_meta_author_avatar":"","neve_post_elements_order":"","neve_meta_disable_header":"","neve_meta_disable_footer":"","neve_meta_disable_title":"","jetpack_post_was_ever_published":false,"_jetpack_newsletter_access":"","_jetpack_dont_email_post_to_subs":false,"_jetpack_newsletter_tier_id":0,"_jetpack_memberships_contains_paywalled_content":false,"_jetpack_memberships_contains_paid_content":false,"footnotes":"","jetpack_publicize_message":"","jetpack_publicize_feature_enabled":true,"jetpack_social_post_already_shared":false,"jetpack_social_options":{"image_generator_settings":{"template":"highway","default_image_id":0,"font":"","enabled":false},"version":2}},"categories":[3],"tags":[],"class_list":["post-251","post","type-post","status-publish","format-standard","hentry","category-escalada"],"jetpack_publicize_connections":[],"jetpack_featured_media_url":"","jetpack_shortlink":"https:\/\/wp.me\/p4i7cB-43","jetpack_sharing_enabled":true,"jetpack-related-posts":[{"id":2464,"url":"https:\/\/yuri.com.br\/claudio\/2010\/09\/25\/enquanto-isso\/","url_meta":{"origin":251,"position":0},"title":"Enquanto isso&#8230;","author":"claudio","date":"25\/set\/2010","format":false,"excerpt":"Enquanto isso... compartilho uma vis\u00e3o recente, que sempre quis registrar na Dutra mas me faltava um pouco de vontade pra encostar o carro e fotografar. Foi talvez a minha \u00faltima chance de clicar isto por um bom tempo!","rel":"","context":"Em &quot;Outros&quot;","block_context":{"text":"Outros","link":"https:\/\/yuri.com.br\/claudio\/category\/outros\/"},"img":{"alt_text":"","src":"","width":0,"height":0},"classes":[]},{"id":1167,"url":"https:\/\/yuri.com.br\/claudio\/2009\/11\/03\/finados\/","url_meta":{"origin":251,"position":1},"title":"Finados","author":"claudio","date":"3\/nov\/2009","format":false,"excerpt":"O feriad\u00e3o por aqui foi tranquilo. Tijolado de rodar pelas estradas nas f\u00e9rias, ficamos no RJ onde eu pude reencontrar o granito e lembrar como \u00e9 bom escalar neste tipo de pedra, principalmente se for na Barrinha! :-) Fiz algumas fotos, mesmo que sem muita inspira\u00e7\u00e3o... aproveitei 10% do que\u2026","rel":"","context":"Em &quot;'Baixa' Gastronomia&quot;","block_context":{"text":"'Baixa' Gastronomia","link":"https:\/\/yuri.com.br\/claudio\/category\/baixa-gastronomia\/"},"img":{"alt_text":"","src":"https:\/\/i0.wp.com\/farm3.static.flickr.com\/2633\/4068778188_398b6ca944_o.jpg?resize=350%2C200","width":350,"height":200},"classes":[]},{"id":3546,"url":"https:\/\/yuri.com.br\/claudio\/2012\/03\/15\/paulinha-quilombinho\/","url_meta":{"origin":251,"position":2},"title":"Paulinha @ Quilombinho","author":"claudio","date":"15\/mar\/2012","format":false,"excerpt":"Tem uns 3 anos que n\u00e3o me pendurava com a c\u00e2mera, me pendurei ontem e confesso que n\u00e3o me reanimei. Mas uma foto se salvou e desta vez explico-me no velho estilo \"fotos comentadas\", quem sabe ainda sirva de utilidade? O local possui escaladas bacanas para todas as dificuldades, mas\u2026","rel":"","context":"Em &quot;Escalada&quot;","block_context":{"text":"Escalada","link":"https:\/\/yuri.com.br\/claudio\/category\/escalada\/"},"img":{"alt_text":"","src":"https:\/\/i0.wp.com\/yuri.com.br\/claudio\/wp-content\/uploads\/2012\/03\/quilombinho_paulinha7a_small.jpg?resize=350%2C200&ssl=1","width":350,"height":200,"srcset":"https:\/\/i0.wp.com\/yuri.com.br\/claudio\/wp-content\/uploads\/2012\/03\/quilombinho_paulinha7a_small.jpg?resize=350%2C200&ssl=1 1x, https:\/\/i0.wp.com\/yuri.com.br\/claudio\/wp-content\/uploads\/2012\/03\/quilombinho_paulinha7a_small.jpg?resize=525%2C300&ssl=1 1.5x, https:\/\/i0.wp.com\/yuri.com.br\/claudio\/wp-content\/uploads\/2012\/03\/quilombinho_paulinha7a_small.jpg?resize=700%2C400&ssl=1 2x"},"classes":[]},{"id":4650,"url":"https:\/\/yuri.com.br\/claudio\/2013\/03\/13\/tortilla\/","url_meta":{"origin":251,"position":3},"title":"Tortilla","author":"claudio","date":"13\/mar\/2013","format":"aside","excerpt":"Ta\u00ed um quitute pr\u00e1tico\/f\u00e1cil, \u00f3timo para fazer uma limpa nos restos da sua geladeira. Comfort food total! A quantidade de ovos e batatas vai depender do tamanho da sua frigideira. No caso da foto, coloquei tudo em uma assadeira e mandei pro forno. Foram 2 batatas, 2 cebolas, 6 ovos.\u2026","rel":"","context":"Em &quot;'Baixa' Gastronomia&quot;","block_context":{"text":"'Baixa' Gastronomia","link":"https:\/\/yuri.com.br\/claudio\/category\/baixa-gastronomia\/"},"img":{"alt_text":"","src":"https:\/\/i0.wp.com\/yuri.com.br\/claudio\/wp-content\/uploads\/2013\/03\/tortilla1.jpg?resize=350%2C200&ssl=1","width":350,"height":200,"srcset":"https:\/\/i0.wp.com\/yuri.com.br\/claudio\/wp-content\/uploads\/2013\/03\/tortilla1.jpg?resize=350%2C200&ssl=1 1x, https:\/\/i0.wp.com\/yuri.com.br\/claudio\/wp-content\/uploads\/2013\/03\/tortilla1.jpg?resize=525%2C300&ssl=1 1.5x, https:\/\/i0.wp.com\/yuri.com.br\/claudio\/wp-content\/uploads\/2013\/03\/tortilla1.jpg?resize=700%2C400&ssl=1 2x"},"classes":[]},{"id":367,"url":"https:\/\/yuri.com.br\/claudio\/2009\/01\/13\/fotografia-keith-ladzinski\/","url_meta":{"origin":251,"position":4},"title":"Fotografia &#8211; Keith Ladzinski","author":"claudio","date":"13\/jan\/2009","format":false,"excerpt":"Dizem que a fotografia nos ajuda a ver as coisas de maneira diferente, n\u00e3o somente pela simples utilidade de enxergar. Assim como sentimos prazer ao comer um bom prato, os olhos podem \"degustar\" uma bela luz e diger\u00ed-la\u00a0na forma de uma foto, que n\u00e3o \u00e9 uma pintura nem um mero\u2026","rel":"","context":"Em &quot;Escalada&quot;","block_context":{"text":"Escalada","link":"https:\/\/yuri.com.br\/claudio\/category\/escalada\/"},"img":{"alt_text":"","src":"https:\/\/i0.wp.com\/farm3.static.flickr.com\/2403\/2066036572_478c33a888.jpg?resize=350%2C200","width":350,"height":200},"classes":[]},{"id":4853,"url":"https:\/\/yuri.com.br\/claudio\/2013\/04\/16\/pasta-de-alho-assado\/","url_meta":{"origin":251,"position":5},"title":"Pasta de alho assado","author":"claudio","date":"16\/abr\/2013","format":false,"excerpt":"Aquela pasta de alho, que comentei no p\u00e3o de cebola, merece um post. Se voc\u00ea usa bastante o forno como eu, inclua uns alhos enquanto vc assa outras coisas e garanto, n\u00e3o se arrepender\u00e1! Essa eu fiz enquanto assava umas batatas. Basta embrulhar algumas cabe\u00e7as de alho em papel alum\u00ednio,\u2026","rel":"","context":"Em &quot;'Baixa' Gastronomia&quot;","block_context":{"text":"'Baixa' Gastronomia","link":"https:\/\/yuri.com.br\/claudio\/category\/baixa-gastronomia\/"},"img":{"alt_text":"","src":"https:\/\/i0.wp.com\/yuri.com.br\/claudio\/wp-content\/uploads\/2013\/04\/paocebola_pastaalho.jpg?resize=350%2C200&ssl=1","width":350,"height":200,"srcset":"https:\/\/i0.wp.com\/yuri.com.br\/claudio\/wp-content\/uploads\/2013\/04\/paocebola_pastaalho.jpg?resize=350%2C200&ssl=1 1x, https:\/\/i0.wp.com\/yuri.com.br\/claudio\/wp-content\/uploads\/2013\/04\/paocebola_pastaalho.jpg?resize=525%2C300&ssl=1 1.5x, https:\/\/i0.wp.com\/yuri.com.br\/claudio\/wp-content\/uploads\/2013\/04\/paocebola_pastaalho.jpg?resize=700%2C400&ssl=1 2x"},"classes":[]}],"_links":{"self":[{"href":"https:\/\/yuri.com.br\/claudio\/wp-json\/wp\/v2\/posts\/251","targetHints":{"allow":["GET"]}}],"collection":[{"href":"https:\/\/yuri.com.br\/claudio\/wp-json\/wp\/v2\/posts"}],"about":[{"href":"https:\/\/yuri.com.br\/claudio\/wp-json\/wp\/v2\/types\/post"}],"author":[{"embeddable":true,"href":"https:\/\/yuri.com.br\/claudio\/wp-json\/wp\/v2\/users\/2"}],"replies":[{"embeddable":true,"href":"https:\/\/yuri.com.br\/claudio\/wp-json\/wp\/v2\/comments?post=251"}],"version-history":[{"count":0,"href":"https:\/\/yuri.com.br\/claudio\/wp-json\/wp\/v2\/posts\/251\/revisions"}],"wp:attachment":[{"href":"https:\/\/yuri.com.br\/claudio\/wp-json\/wp\/v2\/media?parent=251"}],"wp:term":[{"taxonomy":"category","embeddable":true,"href":"https:\/\/yuri.com.br\/claudio\/wp-json\/wp\/v2\/categories?post=251"},{"taxonomy":"post_tag","embeddable":true,"href":"https:\/\/yuri.com.br\/claudio\/wp-json\/wp\/v2\/tags?post=251"}],"curies":[{"name":"wp","href":"https:\/\/api.w.org\/{rel}","templated":true}]}}