{"id":249,"date":"2008-10-01T13:40:00","date_gmt":"2008-10-01T13:40:00","guid":{"rendered":"http:\/\/claudiobr.wordpress.com\/?p=249"},"modified":"2008-10-01T13:40:00","modified_gmt":"2008-10-01T13:40:00","slug":"ferias-d","status":"publish","type":"post","link":"https:\/\/yuri.com.br\/claudio\/2008\/10\/01\/ferias-d\/","title":{"rendered":"F\u00e9rias :D"},"content":{"rendered":"<p>Daqui uns 15 dias eu volto. Com souvenirs.<\/p>\n","protected":false},"excerpt":{"rendered":"<p>Daqui uns 15 dias eu volto. Com souvenirs.<\/p>\n","protected":false},"author":2,"featured_media":0,"comment_status":"open","ping_status":"open","sticky":false,"template":"","format":"standard","meta":{"neve_meta_sidebar":"","neve_meta_container":"","neve_meta_enable_content_width":"","neve_meta_content_width":0,"neve_meta_title_alignment":"","neve_meta_author_avatar":"","neve_post_elements_order":"","neve_meta_disable_header":"","neve_meta_disable_footer":"","neve_meta_disable_title":"","jetpack_post_was_ever_published":false,"_jetpack_newsletter_access":"","_jetpack_dont_email_post_to_subs":false,"_jetpack_newsletter_tier_id":0,"_jetpack_memberships_contains_paywalled_content":false,"_jetpack_memberships_contains_paid_content":false,"footnotes":"","jetpack_publicize_message":"","jetpack_publicize_feature_enabled":true,"jetpack_social_post_already_shared":false,"jetpack_social_options":{"image_generator_settings":{"template":"highway","default_image_id":0,"font":"","enabled":false},"version":2}},"categories":[3],"tags":[],"class_list":["post-249","post","type-post","status-publish","format-standard","hentry","category-escalada"],"jetpack_publicize_connections":[],"jetpack_featured_media_url":"","jetpack_shortlink":"https:\/\/wp.me\/p4i7cB-41","jetpack_sharing_enabled":true,"jetpack-related-posts":[{"id":3834,"url":"https:\/\/yuri.com.br\/claudio\/2012\/07\/22\/air-jordan-enterrada\/","url_meta":{"origin":249,"position":0},"title":"Air Jordan \/ Enterrada","author":"claudio","date":"22\/jul\/2012","format":false,"excerpt":"A c\u00e2mera anda meio parada por conta das prioridades 'escalador\u00edsticas', e confesso que n\u00e3o ando muito disposto (ou inspirado?)\u00a0 em apenas registrar souvenirs aleat\u00f3rios... mas este movimento sempre mereceu um enquadramento: Na foto temos o Jo\u00e3o Pena (bouldersintra.wordpress.com) tentando o cl\u00e1ssico Air Jordan V8 no setor \u00c1reas, este que foi\u2026","rel":"","context":"Em &quot;Escalada&quot;","block_context":{"text":"Escalada","link":"https:\/\/yuri.com.br\/claudio\/category\/escalada\/"},"img":{"alt_text":"","src":"https:\/\/i0.wp.com\/yuri.com.br\/claudio\/wp-content\/uploads\/2012\/07\/areas_airjordan_joao.jpg?resize=350%2C200&ssl=1","width":350,"height":200,"srcset":"https:\/\/i0.wp.com\/yuri.com.br\/claudio\/wp-content\/uploads\/2012\/07\/areas_airjordan_joao.jpg?resize=350%2C200&ssl=1 1x, https:\/\/i0.wp.com\/yuri.com.br\/claudio\/wp-content\/uploads\/2012\/07\/areas_airjordan_joao.jpg?resize=525%2C300&ssl=1 1.5x, https:\/\/i0.wp.com\/yuri.com.br\/claudio\/wp-content\/uploads\/2012\/07\/areas_airjordan_joao.jpg?resize=700%2C400&ssl=1 2x"},"classes":[]},{"id":174,"url":"https:\/\/yuri.com.br\/claudio\/2008\/09\/02\/visita-do-cesinha\/","url_meta":{"origin":249,"position":1},"title":"Visita do Cesinha","author":"claudio","date":"2\/set\/2008","format":false,"excerpt":"Um registro sobre a visita do Cesinha aqui no RJ semana passada: Como n\u00e3o \u00e9 sempre que vemos r\u00e1pidas ascens\u00f5es de Xa \u00e0 vista ou Xc em poucas tentativas, procurei documentar e abaixo listo os 'souvenirs' desta viagem. Mat\u00e9ria no EscaladaBrasil.com Entrevista no EscaladaBrasil.com Fotos da Coquetel na galeria EXPO!\u2026","rel":"","context":"Em &quot;Escalada&quot;","block_context":{"text":"Escalada","link":"https:\/\/yuri.com.br\/claudio\/category\/escalada\/"},"img":{"alt_text":"","src":"https:\/\/i0.wp.com\/yuri.com.br\/claudio\/wp-content\/uploads\/2008\/09\/cesinha_banner1.jpg?resize=350%2C200","width":350,"height":200},"classes":[]},{"id":1082,"url":"https:\/\/yuri.com.br\/claudio\/2009\/09\/26\/ferias\/","url_meta":{"origin":249,"position":2},"title":"F\u00e9rias","author":"claudio","date":"26\/set\/2009","format":false,"excerpt":"\u00a0 \u00a0 \u00a0 \"A nossa vida \u00e9 o assassinato pelo trabalho, durante sessenta anos ficamos enforcados e estrebuchando na corda, mas n\u00e3o a cortamos.\" \u00a0 Georg B\u00fcchner, A Morte de Danton (1835) \u00a0 \u00a0 \u00a0\u00a0 Volto daqui algumas semanas... Viva o \u00f3cio! :-)","rel":"","context":"Em &quot;Escalada&quot;","block_context":{"text":"Escalada","link":"https:\/\/yuri.com.br\/claudio\/category\/escalada\/"},"img":{"alt_text":"Trabalho","src":"https:\/\/i0.wp.com\/yuri.com.br\/claudio\/wp-content\/uploads\/2009\/09\/trabalho.gif?resize=350%2C200","width":350,"height":200},"classes":[]},{"id":1602,"url":"https:\/\/yuri.com.br\/claudio\/2010\/03\/01\/o-futuro-e-agora\/","url_meta":{"origin":249,"position":3},"title":"Choose your future","author":"claudio","date":"1\/mar\/2010","format":false,"excerpt":"Uma foto para tentar esclarecer aos amigos que n\u00e3o sumimos e daqui alguns meses a gente se v\u00ea! Enquanto isso, mandem a \"vibe\" pois essa via \u00e9 punk! Se chama vida e faz 31 anos que estou trabalhando os movimentos :-) \u00a0 \u00a0","rel":"","context":"Em &quot;Outros&quot;","block_context":{"text":"Outros","link":"https:\/\/yuri.com.br\/claudio\/category\/outros\/"},"img":{"alt_text":"","src":"https:\/\/i0.wp.com\/yuri.com.br\/claudio\/wp-content\/uploads\/2010\/02\/casinha-2.jpg?resize=350%2C200&ssl=1","width":350,"height":200,"srcset":"https:\/\/i0.wp.com\/yuri.com.br\/claudio\/wp-content\/uploads\/2010\/02\/casinha-2.jpg?resize=350%2C200&ssl=1 1x, https:\/\/i0.wp.com\/yuri.com.br\/claudio\/wp-content\/uploads\/2010\/02\/casinha-2.jpg?resize=525%2C300&ssl=1 1.5x, https:\/\/i0.wp.com\/yuri.com.br\/claudio\/wp-content\/uploads\/2010\/02\/casinha-2.jpg?resize=700%2C400&ssl=1 2x"},"classes":[]},{"id":3626,"url":"https:\/\/yuri.com.br\/claudio\/2012\/04\/06\/fogo\/","url_meta":{"origin":249,"position":4},"title":"A for\u00e7a do fogo","author":"claudio","date":"6\/abr\/2012","format":false,"excerpt":"Pra variar um pouco, uma foto \"caliente\" que me distraiu enquanto eu queimava uns lixos\/entulhos por aqui:","rel":"","context":"Em &quot;Outros&quot;","block_context":{"text":"Outros","link":"https:\/\/yuri.com.br\/claudio\/category\/outros\/"},"img":{"alt_text":"","src":"https:\/\/i0.wp.com\/yuri.com.br\/claudio\/wp-content\/uploads\/2012\/04\/fogueira.jpg?resize=350%2C200&ssl=1","width":350,"height":200,"srcset":"https:\/\/i0.wp.com\/yuri.com.br\/claudio\/wp-content\/uploads\/2012\/04\/fogueira.jpg?resize=350%2C200&ssl=1 1x, https:\/\/i0.wp.com\/yuri.com.br\/claudio\/wp-content\/uploads\/2012\/04\/fogueira.jpg?resize=525%2C300&ssl=1 1.5x, https:\/\/i0.wp.com\/yuri.com.br\/claudio\/wp-content\/uploads\/2012\/04\/fogueira.jpg?resize=700%2C400&ssl=1 2x"},"classes":[]},{"id":3546,"url":"https:\/\/yuri.com.br\/claudio\/2012\/03\/15\/paulinha-quilombinho\/","url_meta":{"origin":249,"position":5},"title":"Paulinha @ Quilombinho","author":"claudio","date":"15\/mar\/2012","format":false,"excerpt":"Tem uns 3 anos que n\u00e3o me pendurava com a c\u00e2mera, me pendurei ontem e confesso que n\u00e3o me reanimei. Mas uma foto se salvou e desta vez explico-me no velho estilo \"fotos comentadas\", quem sabe ainda sirva de utilidade? O local possui escaladas bacanas para todas as dificuldades, mas\u2026","rel":"","context":"Em &quot;Escalada&quot;","block_context":{"text":"Escalada","link":"https:\/\/yuri.com.br\/claudio\/category\/escalada\/"},"img":{"alt_text":"","src":"https:\/\/i0.wp.com\/yuri.com.br\/claudio\/wp-content\/uploads\/2012\/03\/quilombinho_paulinha7a_small.jpg?resize=350%2C200&ssl=1","width":350,"height":200,"srcset":"https:\/\/i0.wp.com\/yuri.com.br\/claudio\/wp-content\/uploads\/2012\/03\/quilombinho_paulinha7a_small.jpg?resize=350%2C200&ssl=1 1x, https:\/\/i0.wp.com\/yuri.com.br\/claudio\/wp-content\/uploads\/2012\/03\/quilombinho_paulinha7a_small.jpg?resize=525%2C300&ssl=1 1.5x, https:\/\/i0.wp.com\/yuri.com.br\/claudio\/wp-content\/uploads\/2012\/03\/quilombinho_paulinha7a_small.jpg?resize=700%2C400&ssl=1 2x"},"classes":[]}],"_links":{"self":[{"href":"https:\/\/yuri.com.br\/claudio\/wp-json\/wp\/v2\/posts\/249","targetHints":{"allow":["GET"]}}],"collection":[{"href":"https:\/\/yuri.com.br\/claudio\/wp-json\/wp\/v2\/posts"}],"about":[{"href":"https:\/\/yuri.com.br\/claudio\/wp-json\/wp\/v2\/types\/post"}],"author":[{"embeddable":true,"href":"https:\/\/yuri.com.br\/claudio\/wp-json\/wp\/v2\/users\/2"}],"replies":[{"embeddable":true,"href":"https:\/\/yuri.com.br\/claudio\/wp-json\/wp\/v2\/comments?post=249"}],"version-history":[{"count":0,"href":"https:\/\/yuri.com.br\/claudio\/wp-json\/wp\/v2\/posts\/249\/revisions"}],"wp:attachment":[{"href":"https:\/\/yuri.com.br\/claudio\/wp-json\/wp\/v2\/media?parent=249"}],"wp:term":[{"taxonomy":"category","embeddable":true,"href":"https:\/\/yuri.com.br\/claudio\/wp-json\/wp\/v2\/categories?post=249"},{"taxonomy":"post_tag","embeddable":true,"href":"https:\/\/yuri.com.br\/claudio\/wp-json\/wp\/v2\/tags?post=249"}],"curies":[{"name":"wp","href":"https:\/\/api.w.org\/{rel}","templated":true}]}}