{"id":247,"date":"2008-09-29T13:34:57","date_gmt":"2008-09-29T13:34:57","guid":{"rendered":"http:\/\/claudiobr.wordpress.com\/?p=247"},"modified":"2008-09-29T13:34:57","modified_gmt":"2008-09-29T13:34:57","slug":"banff-2008-mostra-internacional-de-filmes-de-montanha","status":"publish","type":"post","link":"https:\/\/yuri.com.br\/claudio\/2008\/09\/29\/banff-2008-mostra-internacional-de-filmes-de-montanha\/","title":{"rendered":"BANFF 2008 &#8211; Mostra Internacional de Filmes de Montanha"},"content":{"rendered":"<p>Acontece neste m\u00eas de outubro, a 7a. Mostra Internacional de Filmes de Montanha (Banff). Conforme edi\u00e7\u00f5es anteriores, a exibi\u00e7\u00e3o ser\u00e1 no belo e hist\u00f3rico Cine Odeon, no Rio de Janeiro. Como sempre, muitas cenas de a\u00e7\u00e3o, adrenalina, natureza, conscientiza\u00e7\u00e3o, etc!<\/p>\n<div class=\"nv-iframe-embed\"><span class=\"embed-youtube\" style=\"text-align:center; display: block;\"><iframe loading=\"lazy\" class=\"youtube-player\" width=\"1200\" height=\"675\" src=\"https:\/\/www.youtube.com\/embed\/4gV6ThtY25Q?version=3&#038;rel=1&#038;showsearch=0&#038;showinfo=1&#038;iv_load_policy=1&#038;fs=1&#038;hl=pt-BR&#038;autohide=2&#038;wmode=transparent\" allowfullscreen=\"true\" style=\"border:0;\" sandbox=\"allow-scripts allow-same-origin allow-popups allow-presentation allow-popups-to-escape-sandbox\"><\/iframe><\/span><\/div>\n<p>Fique antenado no site oficial para detalhes da programa\u00e7\u00e3o, que inicia dia 22\/10 quarta-feira e vai at\u00e9 s\u00e1bado: <a href=\"http:\/\/www.filmesdemontanha.com.br\/ed2008_programacao.htm\">www.filmesdemontanha.com.br<\/a><\/p>\n<p>Abaixo, algumas sinopses que consegui da mostra competitiva, onde participam diversas produ\u00e7\u00f5es nacionais sobre\u00a0v\u00e1rios temas desde viagens, estilo de vida, boulders at\u00e9 grandes paredes e inclusive uma in\u00e9dita e divertida anima\u00e7\u00e3o de escalada!<\/p>\n<p>Quem quiser divulgar detalhes de mais algum dos 16 filmes da <a href=\"http:\/\/www.filmesdemontanha.com.br\/mostracompetitiva.htm\" target=\"_blank\">mostra competitiva<\/a>, deixe um coment\u00e1rio por aqui, e incluiremos neste artigo!<\/p>\n<hr \/>\n<div><img loading=\"lazy\" decoding=\"async\" src=\"http:\/\/escaladabrasil.com\/yuri\/BANFF-Uruca.jpg\" border=\"0\" alt=\"\" width=\"550\" height=\"314\" \/><\/div>\n<p><strong><br \/>\n\u00bb\u00a0Uruca (7\u00ba VIIIc E4), de Erick Grigorovski, RJ<br \/>\n<\/strong>&#8220;Num domingo perfeito para a escalada em rocha, Hugo tenta a cadena de uma das vias mais exigentes e cobi\u00e7adas no P\u00e3o-de-A\u00e7\u00facar, a &#8216;Uruca&#8217;. Um s\u00e9timo grau bem puxado com crux de VIIIc, e grau de exposi\u00e7\u00e3o E4, aonde toda a t\u00e9cnica e concentra\u00e7\u00e3o s\u00e3o postas a prova.<br \/>\nO curta apresenta a escalada em rocha e o montanhismo no Rio de Janeiro, interpretando com bom humor, alguns conceitos b\u00e1sicos do esporte, num &#8216;cen\u00e1rio obrigat\u00f3rio&#8217; para os praticantes, e tamb\u00e9m a log\u00edstica envolvida nas empreitadas pela pedra, fazendo piadas sobre os t\u00edpicos problemas enfrentados pelos escaladores cariocas.&#8221;<br \/>\n&#8211; Trailer: <a href=\"http:\/\/br.youtube.com\/watch?v=92-v943x61k\" target=\"_blank\">http:\/\/br.youtube.com\/watch?v=92-v943x61k<\/a><\/p>\n<hr \/>\n<div><img loading=\"lazy\" decoding=\"async\" src=\"http:\/\/escaladabrasil.com\/yuri\/BANFF-Infinito.jpg\" border=\"0\" alt=\"\" width=\"550\" height=\"403\" \/><\/div>\n<p><strong>\u00bb\u00a0Infinito, de Stefano Braggio (GO)<br \/>\n<\/strong>&#8220;O video Infinito fala sobre a quantidade de boulders no Parque Estadual do Pirineus e como isso reflete na maneira que eu vejo a escalada.&#8221;<br \/>\n&#8211; Trailer: <a href=\"http:\/\/www.youtube.com\/watch?v=3o7ciNd5kw0\" target=\"_blank\">http:\/\/www.youtube.com\/watch?v=3o7ciNd5kw0<\/a><\/p>\n<hr \/>\n<div><img loading=\"lazy\" decoding=\"async\" src=\"http:\/\/escaladabrasil.com\/yuri\/BANFF-nicola.jpg\" border=\"0\" alt=\"\" width=\"478\" height=\"358\" \/><\/div>\n<p><strong>\u00bb\u00a0Nicola Martinez &#8211; Na trilha das rochas, de Jo\u00e3o Vidotti (PR)<br \/>\n<\/strong>&#8220;O filme eh um mini documentario sobre minha vida e aventuras na estrada nestes ultimos anos.<br \/>\nDividido em 3 ou 4 partes conta minha historia, escaladas de grandes paredes em Yosemite e na regiao das dolomitas no norte da Italia, meu comeco no paraquedismo ateh minha chegada no BAse jump&#8230; Contando com imagens iradissimas de todos os lugares por onde passei. No clipe final as imagens falam por si soh, um compilado de tudo. Assiste o video que ja tem 2 partes no Youtube. Precisando de mais informacoes vai no <a href=\"http:\/\/blogs.espn.com.br\/eliseufrechou\/?p=462\" target=\"_blank\">blog do eliseu<\/a>.&#8221;<br \/>\n&#8211; Trechos do filme:<\/p>\n<p><a href=\"http:\/\/www.youtube.com\/watch?v=WC6FZs5hbTM\" target=\"_blank\">http:\/\/www.youtube.com\/watch?v=WC6FZs5hbTM<\/a><br \/>\n<a href=\"http:\/\/www.youtube.com\/watch?v=q83Gp1dsius\" target=\"_blank\">http:\/\/www.youtube.com\/watch?v=q83Gp1dsius<\/a><\/p>\n<p style=\"text-align:right;\"><strong><em>fonte: <a href=\"http:\/\/escaladabrasil.com\/osite\/modules.php?name=News&amp;file=article&amp;sid=797\" target=\"_blank\">www.escaladabrasil.com<\/a><\/em><\/strong><\/p>\n","protected":false},"excerpt":{"rendered":"<p>Acontece neste m\u00eas de outubro, a 7a. Mostra Internacional de Filmes de Montanha (Banff). Conforme edi\u00e7\u00f5es anteriores, a exibi\u00e7\u00e3o ser\u00e1 no belo e hist\u00f3rico Cine Odeon, no Rio de Janeiro. Como sempre, muitas cenas de a\u00e7\u00e3o, adrenalina, natureza, conscientiza\u00e7\u00e3o, etc! Fique antenado no site oficial para detalhes da programa\u00e7\u00e3o, que inicia dia 22\/10 quarta-feira e&hellip;&nbsp;<a href=\"https:\/\/yuri.com.br\/claudio\/2008\/09\/29\/banff-2008-mostra-internacional-de-filmes-de-montanha\/\" rel=\"bookmark\">Continue a ler &raquo;<span class=\"screen-reader-text\">BANFF 2008 &#8211; Mostra Internacional de Filmes de Montanha<\/span><\/a><\/p>\n","protected":false},"author":2,"featured_media":0,"comment_status":"open","ping_status":"open","sticky":false,"template":"","format":"standard","meta":{"neve_meta_sidebar":"","neve_meta_container":"","neve_meta_enable_content_width":"","neve_meta_content_width":0,"neve_meta_title_alignment":"","neve_meta_author_avatar":"","neve_post_elements_order":"","neve_meta_disable_header":"","neve_meta_disable_footer":"","neve_meta_disable_title":"","jetpack_post_was_ever_published":false,"_jetpack_newsletter_access":"","_jetpack_dont_email_post_to_subs":false,"_jetpack_newsletter_tier_id":0,"_jetpack_memberships_contains_paywalled_content":false,"_jetpack_memberships_contains_paid_content":false,"footnotes":"","jetpack_publicize_message":"","jetpack_publicize_feature_enabled":true,"jetpack_social_post_already_shared":false,"jetpack_social_options":{"image_generator_settings":{"template":"highway","default_image_id":0,"font":"","enabled":false},"version":2}},"categories":[3],"tags":[17,27],"class_list":["post-247","post","type-post","status-publish","format-standard","hentry","category-escalada","tag-festival-de-filmes-de-montanha","tag-banff"],"jetpack_publicize_connections":[],"jetpack_featured_media_url":"","jetpack_shortlink":"https:\/\/wp.me\/p4i7cB-3Z","jetpack_sharing_enabled":true,"jetpack-related-posts":[{"id":831,"url":"https:\/\/yuri.com.br\/claudio\/2009\/07\/07\/red-one\/","url_meta":{"origin":247,"position":0},"title":"RED ONE\u2122","author":"claudio","date":"7\/jul\/2009","format":false,"excerpt":"Comercial de cal\u00e7ados esportivos. Em HD (High Definition). Montanha russa pra esse cara deve dar sono... ps: O escalador \"film-maker\" Chuck Fryberger tem a mesma c\u00e2mera que filmou isto... equipo de uns 17 mil doletas?","rel":"","context":"Em &quot;Escalada&quot;","block_context":{"text":"Escalada","link":"https:\/\/yuri.com.br\/claudio\/category\/escalada\/"},"img":{"alt_text":"","src":"https:\/\/i0.wp.com\/img.youtube.com\/vi\/HQ7R_buZPSo\/0.jpg?resize=350%2C200","width":350,"height":200},"classes":[]},{"id":331,"url":"https:\/\/yuri.com.br\/claudio\/2008\/12\/19\/calendario-2009\/","url_meta":{"origin":247,"position":1},"title":"Calend\u00e1rio 2009","author":"claudio","date":"19\/dez\/2008","format":false,"excerpt":"\u00a0Finalmente saiu o Calend\u00e1rio 2009, uma lembrancinha, um souvenir, uma vontade de compartilhar minhas imagens. E s\u00f3 estou vendendo porque custa uma grana pra imprimir, sen\u00e3o doaria aos amantes das montanhas. Pra n\u00e3o salgar o pre\u00e7o, foi criado na vers\u00e3o de mesa. Seu escrit\u00f3rio pode ganhar um belo upgrade agora\u2026","rel":"","context":"Em &quot;Escalada&quot;","block_context":{"text":"Escalada","link":"https:\/\/yuri.com.br\/claudio\/category\/escalada\/"},"img":{"alt_text":"Calend\u00e1rio 2009","src":"https:\/\/i0.wp.com\/yuri.com.br\/claudio\/wp-content\/uploads\/2008\/11\/promo.jpg?resize=350%2C200","width":350,"height":200},"classes":[]},{"id":40,"url":"https:\/\/yuri.com.br\/claudio\/2008\/07\/31\/letranger-85-days-in-font\/","url_meta":{"origin":247,"position":2},"title":"L\u2019\u00c9tranger &#8211; 85 days in Font","author":"claudio","date":"31\/jul\/2008","format":false,"excerpt":"Recomenda\u00e7\u00e3o de filminho. Recentemente um ingl\u00eas passou alguns meses em Fontainebleau e registrou tudo em v\u00eddeo. O resultado foi \"The Outsider\", esse longa de quase 1 hora de bouldering em um dos locais mais tradicionais do mundo (com uma breve passagem na Su\u00ed\u00e7a). Considerando as circunst\u00e2ncias \"caseiras\" do filme, a\u2026","rel":"","context":"Em &quot;Escalada&quot;","block_context":{"text":"Escalada","link":"https:\/\/yuri.com.br\/claudio\/category\/escalada\/"},"img":{"alt_text":"","src":"https:\/\/i0.wp.com\/yuri.com.br\/claudio\/wp-content\/uploads\/2008\/07\/bleau_forest1_small.jpg?resize=350%2C200&ssl=1","width":350,"height":200,"srcset":"https:\/\/i0.wp.com\/yuri.com.br\/claudio\/wp-content\/uploads\/2008\/07\/bleau_forest1_small.jpg?resize=350%2C200&ssl=1 1x, https:\/\/i0.wp.com\/yuri.com.br\/claudio\/wp-content\/uploads\/2008\/07\/bleau_forest1_small.jpg?resize=525%2C300&ssl=1 1.5x, https:\/\/i0.wp.com\/yuri.com.br\/claudio\/wp-content\/uploads\/2008\/07\/bleau_forest1_small.jpg?resize=700%2C400&ssl=1 2x"},"classes":[]},{"id":3444,"url":"https:\/\/yuri.com.br\/claudio\/2012\/02\/22\/folia-na-montanha\/","url_meta":{"origin":247,"position":3},"title":"&#8220;Folia&#8221; na montanha","author":"claudio","date":"22\/fev\/2012","format":false,"excerpt":"S\u00f3 mesmo uma duplinha 'sangue b\u00e3o' pra me fazer vestir um baudrier novamente. O setor dos tetos da Divisa \u00e9 um tanto escuro mas eu n\u00e3o podia deixar de fazer uma lembrancinha do Vilmar: E mesmo depois de escalarem por 2 dias seguidos, levei-os ao setor Aranha e fiquei feliz\u2026","rel":"","context":"Em &quot;Escalada&quot;","block_context":{"text":"Escalada","link":"https:\/\/yuri.com.br\/claudio\/category\/escalada\/"},"img":{"alt_text":"","src":"https:\/\/i0.wp.com\/yuri.com.br\/claudio\/wp-content\/uploads\/2012\/02\/divisa_chaodegiz_vilmar.jpg?resize=350%2C200&ssl=1","width":350,"height":200,"srcset":"https:\/\/i0.wp.com\/yuri.com.br\/claudio\/wp-content\/uploads\/2012\/02\/divisa_chaodegiz_vilmar.jpg?resize=350%2C200&ssl=1 1x, https:\/\/i0.wp.com\/yuri.com.br\/claudio\/wp-content\/uploads\/2012\/02\/divisa_chaodegiz_vilmar.jpg?resize=525%2C300&ssl=1 1.5x, https:\/\/i0.wp.com\/yuri.com.br\/claudio\/wp-content\/uploads\/2012\/02\/divisa_chaodegiz_vilmar.jpg?resize=700%2C400&ssl=1 2x"},"classes":[]},{"id":3701,"url":"https:\/\/yuri.com.br\/claudio\/2012\/06\/05\/seg-de-corpus-christi\/","url_meta":{"origin":247,"position":4},"title":"&#8216;Seg&#8217; de Corpus Christi","author":"claudio","date":"5\/jun\/2012","format":false,"excerpt":"A maioria j\u00e1 sabe e est\u00e1 vindo a\u00ea, mas n\u00e3o custa aumentar o coro: nesse fds tem Campeonato Brasileiro seguido de Festa na Montanha 2012 em S\u00e3o Bento! Uma \"prociss\u00e3o\" de escaladores vai encher a cidade... nos vemos por l\u00e1!","rel":"","context":"Em &quot;Escalada&quot;","block_context":{"text":"Escalada","link":"https:\/\/yuri.com.br\/claudio\/category\/escalada\/"},"img":{"alt_text":"","src":"https:\/\/i0.wp.com\/yuri.com.br\/claudio\/wp-content\/uploads\/2012\/06\/campeonato_brasileiro_boulder_2012.jpg?resize=350%2C200&ssl=1","width":350,"height":200,"srcset":"https:\/\/i0.wp.com\/yuri.com.br\/claudio\/wp-content\/uploads\/2012\/06\/campeonato_brasileiro_boulder_2012.jpg?resize=350%2C200&ssl=1 1x, https:\/\/i0.wp.com\/yuri.com.br\/claudio\/wp-content\/uploads\/2012\/06\/campeonato_brasileiro_boulder_2012.jpg?resize=525%2C300&ssl=1 1.5x"},"classes":[]},{"id":254,"url":"https:\/\/yuri.com.br\/claudio\/2008\/10\/31\/sobre-o-campeonato-estadual-de-boulder-rj-2008\/","url_meta":{"origin":247,"position":5},"title":"Sobre o Campeonato Estadual de Boulder RJ 2008","author":"claudio","date":"31\/out\/2008","format":false,"excerpt":"Neste m\u00eas de outubro\u00a0terminou o Campeonato Estadual de Escalada (Boulder) do RJ 2008. Sobre os resultados oficiais eu indico 2 artigos: Blog da Lojinha de Escalada Blog do Caio Gomes E clicando neste link pode-se conferir algumas fotos que fiz desta \u00faltima etapa na Limite Vertical. Aproveito este espa\u00e7o para\u2026","rel":"","context":"Em &quot;Escalada&quot;","block_context":{"text":"Escalada","link":"https:\/\/yuri.com.br\/claudio\/category\/escalada\/"},"img":{"alt_text":"","src":"https:\/\/i0.wp.com\/yuri.com.br\/claudio\/wp-content\/uploads\/2008\/10\/jornaldossports_estadualrj2008.jpg?resize=350%2C200&ssl=1","width":350,"height":200,"srcset":"https:\/\/i0.wp.com\/yuri.com.br\/claudio\/wp-content\/uploads\/2008\/10\/jornaldossports_estadualrj2008.jpg?resize=350%2C200&ssl=1 1x, https:\/\/i0.wp.com\/yuri.com.br\/claudio\/wp-content\/uploads\/2008\/10\/jornaldossports_estadualrj2008.jpg?resize=525%2C300&ssl=1 1.5x, https:\/\/i0.wp.com\/yuri.com.br\/claudio\/wp-content\/uploads\/2008\/10\/jornaldossports_estadualrj2008.jpg?resize=700%2C400&ssl=1 2x"},"classes":[]}],"_links":{"self":[{"href":"https:\/\/yuri.com.br\/claudio\/wp-json\/wp\/v2\/posts\/247","targetHints":{"allow":["GET"]}}],"collection":[{"href":"https:\/\/yuri.com.br\/claudio\/wp-json\/wp\/v2\/posts"}],"about":[{"href":"https:\/\/yuri.com.br\/claudio\/wp-json\/wp\/v2\/types\/post"}],"author":[{"embeddable":true,"href":"https:\/\/yuri.com.br\/claudio\/wp-json\/wp\/v2\/users\/2"}],"replies":[{"embeddable":true,"href":"https:\/\/yuri.com.br\/claudio\/wp-json\/wp\/v2\/comments?post=247"}],"version-history":[{"count":0,"href":"https:\/\/yuri.com.br\/claudio\/wp-json\/wp\/v2\/posts\/247\/revisions"}],"wp:attachment":[{"href":"https:\/\/yuri.com.br\/claudio\/wp-json\/wp\/v2\/media?parent=247"}],"wp:term":[{"taxonomy":"category","embeddable":true,"href":"https:\/\/yuri.com.br\/claudio\/wp-json\/wp\/v2\/categories?post=247"},{"taxonomy":"post_tag","embeddable":true,"href":"https:\/\/yuri.com.br\/claudio\/wp-json\/wp\/v2\/tags?post=247"}],"curies":[{"name":"wp","href":"https:\/\/api.w.org\/{rel}","templated":true}]}}