{"id":2464,"date":"2010-09-25T02:09:44","date_gmt":"2010-09-25T02:09:44","guid":{"rendered":"http:\/\/claudiobr.wordpress.com\/?p=2464"},"modified":"2010-09-25T02:09:44","modified_gmt":"2010-09-25T02:09:44","slug":"enquanto-isso","status":"publish","type":"post","link":"https:\/\/yuri.com.br\/claudio\/2010\/09\/25\/enquanto-isso\/","title":{"rendered":"Enquanto isso&#8230;"},"content":{"rendered":"<p>Enquanto isso&#8230; compartilho uma vis\u00e3o recente, que sempre quis registrar na Dutra mas me faltava um pouco de vontade pra encostar o carro e fotografar. Foi talvez a minha \u00faltima chance de clicar isto por um bom tempo!<\/p>\n<p style=\"text-align:center;\"><a href=\"http:\/\/www.flickr.com\/photos\/cbrisighello\/5021317231\" target=\"_blank\"><img decoding=\"async\" class=\"aligncenter\" title=\"Flickr\" src=\"http:\/\/farm5.static.flickr.com\/4149\/5021317231_43f91bc712_b.jpg\" alt=\"\" width=\"700\" \/><\/a><\/p>\n","protected":false},"excerpt":{"rendered":"<p>Enquanto isso&#8230; compartilho uma vis\u00e3o recente, que sempre quis registrar na Dutra mas me faltava um pouco de vontade pra encostar o carro e fotografar. Foi talvez a minha \u00faltima chance de clicar isto por um bom tempo!<\/p>\n","protected":false},"author":2,"featured_media":0,"comment_status":"open","ping_status":"open","sticky":false,"template":"","format":"standard","meta":{"neve_meta_sidebar":"","neve_meta_container":"","neve_meta_enable_content_width":"","neve_meta_content_width":0,"neve_meta_title_alignment":"","neve_meta_author_avatar":"","neve_post_elements_order":"","neve_meta_disable_header":"","neve_meta_disable_footer":"","neve_meta_disable_title":"","jetpack_post_was_ever_published":false,"_jetpack_newsletter_access":"","_jetpack_dont_email_post_to_subs":false,"_jetpack_newsletter_tier_id":0,"_jetpack_memberships_contains_paywalled_content":false,"_jetpack_memberships_contains_paid_content":false,"footnotes":"","jetpack_publicize_message":"","jetpack_publicize_feature_enabled":true,"jetpack_social_post_already_shared":false,"jetpack_social_options":{"image_generator_settings":{"template":"highway","default_image_id":0,"font":"","enabled":false},"version":2}},"categories":[5],"tags":[],"class_list":["post-2464","post","type-post","status-publish","format-standard","hentry","category-outros"],"jetpack_publicize_connections":[],"jetpack_featured_media_url":"","jetpack_shortlink":"https:\/\/wp.me\/p4i7cB-DK","jetpack_sharing_enabled":true,"jetpack-related-posts":[{"id":2257,"url":"https:\/\/yuri.com.br\/claudio\/2010\/06\/24\/way-underground\/","url_meta":{"origin":2464,"position":0},"title":"Way underground","author":"claudio","date":"24\/jun\/2010","format":false,"excerpt":"Recentemente em minhas andan\u00e7as sem carro pelo Rio, fui at\u00e9 o Real Chopp pela profunda esta\u00e7\u00e3o Cardeal Arcoverde do metr\u00f4 carioca. Aquele esquema de sempre: treino \u00e0 noite na Limite e caldinho de feij\u00e3o com cacha\u00e7a pra repor. O que eu n\u00e3o esperava \u00e9 que na volta eu fosse pirar\u2026","rel":"","context":"Em &quot;Outros&quot;","block_context":{"text":"Outros","link":"https:\/\/yuri.com.br\/claudio\/category\/outros\/"},"img":{"alt_text":"","src":"https:\/\/i0.wp.com\/farm5.static.flickr.com\/4022\/4712385838_9e93cee308_b.jpg?resize=350%2C200","width":350,"height":200,"srcset":"https:\/\/i0.wp.com\/farm5.static.flickr.com\/4022\/4712385838_9e93cee308_b.jpg?resize=350%2C200 1x, https:\/\/i0.wp.com\/farm5.static.flickr.com\/4022\/4712385838_9e93cee308_b.jpg?resize=525%2C300 1.5x"},"classes":[]},{"id":367,"url":"https:\/\/yuri.com.br\/claudio\/2009\/01\/13\/fotografia-keith-ladzinski\/","url_meta":{"origin":2464,"position":1},"title":"Fotografia &#8211; Keith Ladzinski","author":"claudio","date":"13\/jan\/2009","format":false,"excerpt":"Dizem que a fotografia nos ajuda a ver as coisas de maneira diferente, n\u00e3o somente pela simples utilidade de enxergar. Assim como sentimos prazer ao comer um bom prato, os olhos podem \"degustar\" uma bela luz e diger\u00ed-la\u00a0na forma de uma foto, que n\u00e3o \u00e9 uma pintura nem um mero\u2026","rel":"","context":"Em &quot;Escalada&quot;","block_context":{"text":"Escalada","link":"https:\/\/yuri.com.br\/claudio\/category\/escalada\/"},"img":{"alt_text":"","src":"https:\/\/i0.wp.com\/farm3.static.flickr.com\/2403\/2066036572_478c33a888.jpg?resize=350%2C200","width":350,"height":200},"classes":[]},{"id":1806,"url":"https:\/\/yuri.com.br\/claudio\/2010\/04\/18\/enquanto-isso-na-vida-real\/","url_meta":{"origin":2464,"position":2},"title":"Enquanto isso na vida real&#8230;","author":"claudio","date":"18\/abr\/2010","format":false,"excerpt":"Este v\u00eddeo confidencial vazado \u00e9 um dos aspectos mais interessantes na liberdade da internet. Pra quem assistiu The Hurt Locker (ganhador do Oscar), aqui vai um registro n\u00e3o-fic\u00e7\u00e3o, recomendo a todos 'perderem' os 15min: \u00a0 \u00a0 Jornalistas arriscando suas vidas em sua profiss\u00e3o, tem suas c\u00e2meras fotogr\u00e1ficas confundidas com armas\u2026","rel":"","context":"Em &quot;Outros&quot;","block_context":{"text":"Outros","link":"https:\/\/yuri.com.br\/claudio\/category\/outros\/"},"img":{"alt_text":"","src":"https:\/\/i0.wp.com\/img.youtube.com\/vi\/5rXPrfnU3G0\/0.jpg?resize=350%2C200","width":350,"height":200},"classes":[]},{"id":251,"url":"https:\/\/yuri.com.br\/claudio\/2008\/10\/30\/back-home\/","url_meta":{"origin":2464,"position":3},"title":"Back home","author":"claudio","date":"30\/out\/2008","format":false,"excerpt":"Aos poucos, pretendo compartilhar algumas lembran\u00e7as que talvez sirvam de utilidade p\u00fablica, antes que as mem\u00f3rias esfriem. Por enquanto, vou aproveitar o que me resta de f\u00e9rias! ;-)","rel":"","context":"Em &quot;Escalada&quot;","block_context":{"text":"Escalada","link":"https:\/\/yuri.com.br\/claudio\/category\/escalada\/"},"img":{"alt_text":"","src":"","width":0,"height":0},"classes":[]},{"id":331,"url":"https:\/\/yuri.com.br\/claudio\/2008\/12\/19\/calendario-2009\/","url_meta":{"origin":2464,"position":4},"title":"Calend\u00e1rio 2009","author":"claudio","date":"19\/dez\/2008","format":false,"excerpt":"\u00a0Finalmente saiu o Calend\u00e1rio 2009, uma lembrancinha, um souvenir, uma vontade de compartilhar minhas imagens. E s\u00f3 estou vendendo porque custa uma grana pra imprimir, sen\u00e3o doaria aos amantes das montanhas. Pra n\u00e3o salgar o pre\u00e7o, foi criado na vers\u00e3o de mesa. Seu escrit\u00f3rio pode ganhar um belo upgrade agora\u2026","rel":"","context":"Em &quot;Escalada&quot;","block_context":{"text":"Escalada","link":"https:\/\/yuri.com.br\/claudio\/category\/escalada\/"},"img":{"alt_text":"Calend\u00e1rio 2009","src":"https:\/\/i0.wp.com\/yuri.com.br\/claudio\/wp-content\/uploads\/2008\/11\/promo.jpg?resize=350%2C200","width":350,"height":200},"classes":[]},{"id":1181,"url":"https:\/\/yuri.com.br\/claudio\/2009\/11\/16\/camera-nova\/","url_meta":{"origin":2464,"position":5},"title":"C\u00e2mera nova","author":"claudio","date":"16\/nov\/2009","format":false,"excerpt":"Na semana passada, chegou um equipo novo por aqui, a \"7D\". Minha trajet\u00f3ria em c\u00e2meras fotogr\u00e1ficas (todas Canon) pode ser resumida em apenas 3 est\u00e1gios: iniciei com uma SLR do meu pai, e nunca me esquecerei da sensibilidade de um bom filme cromo (ex: Fuji Velvia 100). Em seguida, veio\u2026","rel":"","context":"Em &quot;Escalada&quot;","block_context":{"text":"Escalada","link":"https:\/\/yuri.com.br\/claudio\/category\/escalada\/"},"img":{"alt_text":"","src":"https:\/\/i0.wp.com\/yuri.com.br\/claudio\/wp-content\/uploads\/2009\/11\/anabanana.jpg?resize=350%2C200&ssl=1","width":350,"height":200,"srcset":"https:\/\/i0.wp.com\/yuri.com.br\/claudio\/wp-content\/uploads\/2009\/11\/anabanana.jpg?resize=350%2C200&ssl=1 1x, https:\/\/i0.wp.com\/yuri.com.br\/claudio\/wp-content\/uploads\/2009\/11\/anabanana.jpg?resize=525%2C300&ssl=1 1.5x, https:\/\/i0.wp.com\/yuri.com.br\/claudio\/wp-content\/uploads\/2009\/11\/anabanana.jpg?resize=700%2C400&ssl=1 2x"},"classes":[]}],"_links":{"self":[{"href":"https:\/\/yuri.com.br\/claudio\/wp-json\/wp\/v2\/posts\/2464","targetHints":{"allow":["GET"]}}],"collection":[{"href":"https:\/\/yuri.com.br\/claudio\/wp-json\/wp\/v2\/posts"}],"about":[{"href":"https:\/\/yuri.com.br\/claudio\/wp-json\/wp\/v2\/types\/post"}],"author":[{"embeddable":true,"href":"https:\/\/yuri.com.br\/claudio\/wp-json\/wp\/v2\/users\/2"}],"replies":[{"embeddable":true,"href":"https:\/\/yuri.com.br\/claudio\/wp-json\/wp\/v2\/comments?post=2464"}],"version-history":[{"count":0,"href":"https:\/\/yuri.com.br\/claudio\/wp-json\/wp\/v2\/posts\/2464\/revisions"}],"wp:attachment":[{"href":"https:\/\/yuri.com.br\/claudio\/wp-json\/wp\/v2\/media?parent=2464"}],"wp:term":[{"taxonomy":"category","embeddable":true,"href":"https:\/\/yuri.com.br\/claudio\/wp-json\/wp\/v2\/categories?post=2464"},{"taxonomy":"post_tag","embeddable":true,"href":"https:\/\/yuri.com.br\/claudio\/wp-json\/wp\/v2\/tags?post=2464"}],"curies":[{"name":"wp","href":"https:\/\/api.w.org\/{rel}","templated":true}]}}