{"id":241,"date":"2008-09-25T20:02:26","date_gmt":"2008-09-25T20:02:26","guid":{"rendered":"http:\/\/claudiobr.wordpress.com\/?p=241"},"modified":"2008-09-25T20:02:26","modified_gmt":"2008-09-25T20:02:26","slug":"fausto-wolff","status":"publish","type":"post","link":"https:\/\/yuri.com.br\/claudio\/2008\/09\/25\/fausto-wolff\/","title":{"rendered":"Fausto Wolff"},"content":{"rendered":"<p>A poucas semanas atr\u00e1s, mais precisamente no dia 5 de setembro, faleceu no RJ o jornalista e escritor brasileiro Fausto Wolff.<\/p>\n<p><a href=\"http:\/\/www.olobo.net\/index.php?pg=colunistas&amp;id=1008\" target=\"_blank\"><\/a><\/p>\n<p>Eu n\u00e3o tenho a menor compet\u00eancia pra escrever sobre esse cara. Indico um artigo &#8220;p\u00f3stumo&#8221; que o descreve melhor no seu pr\u00f3prio site: <a href=\"http:\/\/www.olobo.net\/index.php?pg=colunistas&amp;id=1008\" target=\"_blank\">http:\/\/www.olobo.net\/index.php?pg=colunistas&amp;id=1008<\/a><\/p>\n<p>Mas aqui eu gostaria de manifestar a minha tristeza.<\/p>\n<p>O velho Lobo apareceu pra mim atrav\u00e9s do seu livro de contos &#8220;O Homem E Seu Algoz&#8221;, que eu li a primeira vez uns 6 anos atr\u00e1s. Pra mim, n\u00e3o pude ter melhor apresenta\u00e7\u00e3o, pois esse livro \u00e9 do caralho. Fazia tempo que eu n\u00e3o lia contos t\u00e3o prazeirosos e surpreendentes! Depois foi &#8220;\u00c0 M\u00e3o Esquerda&#8221;, romance chapante contado a partir de diversos personagens e per\u00edodos diferentes. A\u00ed fui atr\u00e1s dos seus poemas, e ao me mudar para o RJ, o escritor me fez escolher o Jornal do Brasil (JB) como meu predileto. Sua coluna di\u00e1ria no &#8216;Caderno B&#8217; JAMAIS ser\u00e1 substitu\u00edda. Ele botava o Jabor no chinelo. Meu sonho sempre foi encontrar o Fausto Wolff num botequim e tomar um porre com ele, rindo sobre a vida. Ali\u00e1s este post vai no t\u00f3pico da baixa gastronomia por isso: assim como diversos escritores &#8220;seniors&#8221; por a\u00ed afora, Fausto Wolff era um bom bebedor. Diz a lenda que ele j\u00e1 ganhou at\u00e9 maratona de chope aqui no Rio, onde os competidores iam de bar em bar e uns fiscais da Brahma anotavam o que bebiam, e o Fausto sozinho tomou mais de 30. Enfim, finalizarei com um trecho aleat\u00f3rio de sua \u00faltima grande obra &#8220;A Mil\u00e9sima Segunda Noite&#8221;, que cont\u00e9m nada menos do que 1002 pequenas hist\u00f3rias em mais de 740 p\u00e1ginas:<\/p>\n<p>&#8220;<strong>Onofrinho Peres Salm\u00e3o era um playboy de seus quase 60 anos, muito popular nas cr\u00f4nicas sociais. Uma noite, ao voltar da serra carioca, deparou com um acidente na Avenida Brasil e foi obrigado a virar \u00e0 esquerda. Distra\u00eddo, depois de dez minutos, se deu conta de que estava perdido numa rua da Zona Norte sem ilumina\u00e7\u00e3o. Neste momento, estourou um pneu e ele teve de estacionar no meio-fio. Ao sair do carro para ver o estrago, foi rodeado por tr\u00eas crioulos musculosos e, nas m\u00e3os de um deles, um enorme rev\u00f3lver.<\/strong><\/p>\n<p><strong>&#8211; Passa tudo, doutor!<\/strong><\/p>\n<p><strong>Onofrinho sentiu o suor escorrendo por entre as pernas. J\u00e1 se preparava para entregar tudo quando viu um negr\u00e3o ainda mais alto aproximar-se:<\/strong><\/p>\n<p><strong>&#8211; O que \u00e9 que est\u00e1 havendo a\u00ed?<\/strong><\/p>\n<p><strong>&#8211; Estamos trabalhando, pai.<\/strong><\/p>\n<p><strong>&#8211; Calma, que este a\u00ed \u00e9 o dr. Onofrinho. Conhe\u00e7o ele l\u00e1 do Jockey.<\/strong><\/p>\n<p><strong>&#8211; Que bom que o senhor apareceu. Est\u00e3o vendo, rapazes? O pai de voc\u00eas me conhece.<\/strong><\/p>\n<p><strong>&#8211; Servi o dr. Onofre por quase dez anos na social. Ia buscar cafezinho, programas, fazia as apostas para ele. Nunca me deu um tost\u00e3o e nem um &#8216;muito obrigado&#8217;. Um dia n\u00e3o consegui fazer a aposta a tempo, ele mandou me despedir.<\/strong><\/p>\n<p><strong>&#8211; O senhor est\u00e1 me confundindo&#8230;<\/strong><\/p>\n<p><strong>&#8211; Voc\u00ea \u00e9 um filho-da-puta, est\u00e1 fora do seu territ\u00f3rio, n\u00e3o gosto do seu jeito viado de falar! Voc\u00ea s\u00f3 sabe como a gente vive pelos jornais. Acha que o Rio inteiro \u00e9 o Leblon, seu puto? Eu e meus filhos tivemos de formar uma quadrilha por tua causa! Matem esse viado, desovem ele no Chinfro do Urubu e repassem o carro pro Jo\u00e3o BomBom.<\/strong><\/p>\n<p><strong>Quando encontraram e identificaram o corpo de Onofrinho, a governadora prometeu tomar provid\u00eancias, choveram cartas nos jornais, mas nada se fez para melhorar a vida dos pobres. <\/strong>&#8220;<\/p>\n","protected":false},"excerpt":{"rendered":"<p>A poucas semanas atr\u00e1s, mais precisamente no dia 5 de setembro, faleceu no RJ o jornalista e escritor brasileiro Fausto Wolff. Eu n\u00e3o tenho a menor compet\u00eancia pra escrever sobre esse cara. Indico um artigo &#8220;p\u00f3stumo&#8221; que o descreve melhor no seu pr\u00f3prio site: http:\/\/www.olobo.net\/index.php?pg=colunistas&amp;id=1008 Mas aqui eu gostaria de manifestar a minha tristeza. O&hellip;&nbsp;<a href=\"https:\/\/yuri.com.br\/claudio\/2008\/09\/25\/fausto-wolff\/\" rel=\"bookmark\">Continue a ler &raquo;<span class=\"screen-reader-text\">Fausto Wolff<\/span><\/a><\/p>\n","protected":false},"author":2,"featured_media":0,"comment_status":"open","ping_status":"open","sticky":false,"template":"","format":"standard","meta":{"neve_meta_sidebar":"","neve_meta_container":"","neve_meta_enable_content_width":"","neve_meta_content_width":0,"neve_meta_title_alignment":"","neve_meta_author_avatar":"","neve_post_elements_order":"","neve_meta_disable_header":"","neve_meta_disable_footer":"","neve_meta_disable_title":"","jetpack_post_was_ever_published":false,"_jetpack_newsletter_access":"","_jetpack_dont_email_post_to_subs":false,"_jetpack_newsletter_tier_id":0,"_jetpack_memberships_contains_paywalled_content":false,"_jetpack_memberships_contains_paid_content":false,"footnotes":"","jetpack_publicize_message":"","jetpack_publicize_feature_enabled":true,"jetpack_social_post_already_shared":false,"jetpack_social_options":{"image_generator_settings":{"template":"highway","default_image_id":0,"font":"","enabled":false},"version":2}},"categories":[2],"tags":[16],"class_list":["post-241","post","type-post","status-publish","format-standard","hentry","category-baixa-gastronomia","tag-fausto-wolff"],"jetpack_publicize_connections":[],"jetpack_featured_media_url":"","jetpack_shortlink":"https:\/\/wp.me\/p4i7cB-3T","jetpack_sharing_enabled":true,"jetpack-related-posts":[{"id":3304,"url":"https:\/\/yuri.com.br\/claudio\/2012\/01\/03\/r-i-p-daniel-piza\/","url_meta":{"origin":241,"position":0},"title":"R.I.P. Daniel Piza","author":"claudio","date":"3\/jan\/2012","format":false,"excerpt":"Ele estava aqui perto de casa e sofreu um a.v.c. inesperado (41 anos!), na vizinha Gon\u00e7alves, MG. L\u00e1 se foi um dos poucos seres vivos verdadeiramente cultos deste pa\u00eds (saudades de Fausto Wolff) que eu acompanhava pelo dom\u00ednio das palavras, sempre embasadas longe da superf\u00edcie. Qual seu aforismo predileto? \u201cEstilo\u2026","rel":"","context":"Em &quot;Outros&quot;","block_context":{"text":"Outros","link":"https:\/\/yuri.com.br\/claudio\/category\/outros\/"},"img":{"alt_text":"","src":"","width":0,"height":0},"classes":[]},{"id":946,"url":"https:\/\/yuri.com.br\/claudio\/2009\/08\/10\/limite-vertical-c-e-l-v\/","url_meta":{"origin":241,"position":1},"title":"Limite Vertical (C.E.L.V.)","author":"claudio","date":"10\/ago\/2009","format":false,"excerpt":"A Limite Vertical (C.E.L.V.) \u00e9 um tradicional reduto underground de escaladores aqui no RJ\/capital, onde vc pode treinar, arrumar parcerias ou simplesmente bater aquele bom papo \"et\u00edlico\" entre amigos. Uns dias atr\u00e1s o Naoki me pilhou pra fazer umas fotos por l\u00e1, ent\u00e3o na \u00faltima quinta-feira levei meus flashes e\u2026","rel":"","context":"Em &quot;Escalada&quot;","block_context":{"text":"Escalada","link":"https:\/\/yuri.com.br\/claudio\/category\/escalada\/"},"img":{"alt_text":"","src":"https:\/\/i0.wp.com\/farm3.static.flickr.com\/2576\/3808027430_07475e2319.jpg?resize=350%2C200","width":350,"height":200},"classes":[]},{"id":3476,"url":"https:\/\/yuri.com.br\/claudio\/2012\/02\/24\/liefmans-goudenband-7-anos\/","url_meta":{"origin":241,"position":2},"title":"Liefmans Goudenband (7 anos)","author":"claudio","date":"24\/fev\/2012","format":false,"excerpt":"Esses dias arrumei as *desculpas que precisava para abrir uma cerveja de guarda que eu havia encontrado no mercado Zona Sul (RJ) anos atr\u00e1s, uma\u00a0 pechincha (os menos de R$20,00 me fizeram acreditar que estava com pre\u00e7o errado). Tomei\u00a0 uma na \u00e9poca e reservei uma outra para guarda. Trata-se da\u2026","rel":"","context":"Em &quot;'Baixa' Gastronomia&quot;","block_context":{"text":"'Baixa' Gastronomia","link":"https:\/\/yuri.com.br\/claudio\/category\/baixa-gastronomia\/"},"img":{"alt_text":"","src":"https:\/\/i0.wp.com\/yuri.com.br\/claudio\/wp-content\/uploads\/2012\/02\/goudenband_glass.jpg?resize=350%2C200&ssl=1","width":350,"height":200,"srcset":"https:\/\/i0.wp.com\/yuri.com.br\/claudio\/wp-content\/uploads\/2012\/02\/goudenband_glass.jpg?resize=350%2C200&ssl=1 1x, https:\/\/i0.wp.com\/yuri.com.br\/claudio\/wp-content\/uploads\/2012\/02\/goudenband_glass.jpg?resize=525%2C300&ssl=1 1.5x, https:\/\/i0.wp.com\/yuri.com.br\/claudio\/wp-content\/uploads\/2012\/02\/goudenband_glass.jpg?resize=700%2C400&ssl=1 2x"},"classes":[]},{"id":35,"url":"https:\/\/yuri.com.br\/claudio\/2008\/07\/29\/os-caldos-de-minha-vida\/","url_meta":{"origin":241,"position":3},"title":"Os caldos de minha vida &#8211; Adega da Velha","author":"claudio","date":"29\/jul\/2008","format":false,"excerpt":"Gostaria de compartilhar um pouco da minha experi\u00eancia butequeira adquirida aqui no RJ, cidade ber\u00e7o do botequim tradicional. J\u00e1 faz tempo que eu desejo me expressar em homenagem a esse \"templo\" do bem viver, mas para isto eu pretendo me dedicar com mais carinho em uma futura postagem, como se\u2026","rel":"","context":"Em &quot;'Baixa' Gastronomia&quot;","block_context":{"text":"'Baixa' Gastronomia","link":"https:\/\/yuri.com.br\/claudio\/category\/baixa-gastronomia\/"},"img":{"alt_text":"","src":"https:\/\/i0.wp.com\/yuri.com.br\/claudio\/wp-content\/uploads\/2008\/07\/wordpress_adega_caldinho.jpg?resize=350%2C200&ssl=1","width":350,"height":200},"classes":[]},{"id":683,"url":"https:\/\/yuri.com.br\/claudio\/2009\/05\/11\/adam-ondra-da-silva-jr\/","url_meta":{"origin":241,"position":4},"title":"&#8220;Adam Ondra da Silva Jr&#8221;","author":"claudio","date":"11\/maio\/2009","format":false,"excerpt":"Como n\u00e3o terei mto tempo pra editar t\u00e3o cedo as imagens da 1a. etapa do Estadual\/RJ, disponibilizei um \"raw footage\" desse moleque (Jo\u00e3o Matheus, 11 anos) pra n\u00e3o passar batido: Ta\u00ed mais um motivo pra vc participar e prestigiar os campeonatos, estimulando a manter mais um caminho aberto para que\u00a0\u2026","rel":"","context":"Em &quot;Escalada&quot;","block_context":{"text":"Escalada","link":"https:\/\/yuri.com.br\/claudio\/category\/escalada\/"},"img":{"alt_text":"","src":"","width":0,"height":0},"classes":[]},{"id":1167,"url":"https:\/\/yuri.com.br\/claudio\/2009\/11\/03\/finados\/","url_meta":{"origin":241,"position":5},"title":"Finados","author":"claudio","date":"3\/nov\/2009","format":false,"excerpt":"O feriad\u00e3o por aqui foi tranquilo. Tijolado de rodar pelas estradas nas f\u00e9rias, ficamos no RJ onde eu pude reencontrar o granito e lembrar como \u00e9 bom escalar neste tipo de pedra, principalmente se for na Barrinha! :-) Fiz algumas fotos, mesmo que sem muita inspira\u00e7\u00e3o... aproveitei 10% do que\u2026","rel":"","context":"Em &quot;'Baixa' Gastronomia&quot;","block_context":{"text":"'Baixa' Gastronomia","link":"https:\/\/yuri.com.br\/claudio\/category\/baixa-gastronomia\/"},"img":{"alt_text":"","src":"https:\/\/i0.wp.com\/farm3.static.flickr.com\/2633\/4068778188_398b6ca944_o.jpg?resize=350%2C200","width":350,"height":200},"classes":[]}],"_links":{"self":[{"href":"https:\/\/yuri.com.br\/claudio\/wp-json\/wp\/v2\/posts\/241","targetHints":{"allow":["GET"]}}],"collection":[{"href":"https:\/\/yuri.com.br\/claudio\/wp-json\/wp\/v2\/posts"}],"about":[{"href":"https:\/\/yuri.com.br\/claudio\/wp-json\/wp\/v2\/types\/post"}],"author":[{"embeddable":true,"href":"https:\/\/yuri.com.br\/claudio\/wp-json\/wp\/v2\/users\/2"}],"replies":[{"embeddable":true,"href":"https:\/\/yuri.com.br\/claudio\/wp-json\/wp\/v2\/comments?post=241"}],"version-history":[{"count":0,"href":"https:\/\/yuri.com.br\/claudio\/wp-json\/wp\/v2\/posts\/241\/revisions"}],"wp:attachment":[{"href":"https:\/\/yuri.com.br\/claudio\/wp-json\/wp\/v2\/media?parent=241"}],"wp:term":[{"taxonomy":"category","embeddable":true,"href":"https:\/\/yuri.com.br\/claudio\/wp-json\/wp\/v2\/categories?post=241"},{"taxonomy":"post_tag","embeddable":true,"href":"https:\/\/yuri.com.br\/claudio\/wp-json\/wp\/v2\/tags?post=241"}],"curies":[{"name":"wp","href":"https:\/\/api.w.org\/{rel}","templated":true}]}}