{"id":233,"date":"2008-09-23T19:09:55","date_gmt":"2008-09-23T19:09:55","guid":{"rendered":"http:\/\/claudiobr.wordpress.com\/?p=233"},"modified":"2008-09-23T19:09:55","modified_gmt":"2008-09-23T19:09:55","slug":"grajau","status":"publish","type":"post","link":"https:\/\/yuri.com.br\/claudio\/2008\/09\/23\/grajau\/","title":{"rendered":"Graja\u00fa"},"content":{"rendered":"<p>Conversando com um amigo escoc\u00eas que atualmente mora aqui no RJ, ouvi uma opini\u00e3o que pode surpreender os c\u00e9ticos: se pegarmos um setor de boulders l\u00e1 da Reserva Florestal do Graja\u00fa, localizada na zona norte do Rio, \u00e9 compar\u00e1vel a um setor de <strong>Fontainebleau <\/strong>como <em>Bas Cuvier<\/em>. \u00c9 isso a\u00ed brasileirada, pasmem&#8230;<\/p>\n<p><a href=\"http:\/\/www.flickr.com\/photos\/cbrisighello\/2873891868\/\" target=\"_blank\"><img loading=\"lazy\" decoding=\"async\" data-attachment-id=\"219\" data-permalink=\"https:\/\/yuri.com.br\/claudio\/2008\/09\/22\/eisenbahn-rauchbier-dannemann-petit-robusto\/eisenbahn_rauch1\/\" data-orig-file=\"https:\/\/yuri.com.br\/claudio\/wp-content\/uploads\/2008\/09\/eisenbahn_rauch1.jpg\" data-orig-size=\"1024,683\" data-comments-opened=\"1\" data-image-meta=\"{&quot;aperture&quot;:&quot;4.5&quot;,&quot;credit&quot;:&quot;&quot;,&quot;camera&quot;:&quot;Canon EOS DIGITAL REBEL&quot;,&quot;caption&quot;:&quot;&quot;,&quot;created_timestamp&quot;:&quot;315532978&quot;,&quot;copyright&quot;:&quot;&quot;,&quot;focal_length&quot;:&quot;35&quot;,&quot;iso&quot;:&quot;100&quot;,&quot;shutter_speed&quot;:&quot;0.5&quot;,&quot;title&quot;:&quot;&quot;}\" data-image-title=\"Eisenbahn Rauchbier\" data-image-description=\"\" data-image-caption=\"\" data-medium-file=\"https:\/\/yuri.com.br\/claudio\/wp-content\/uploads\/2008\/09\/eisenbahn_rauch1-300x200.jpg\" data-large-file=\"https:\/\/yuri.com.br\/claudio\/wp-content\/uploads\/2008\/09\/eisenbahn_rauch1.jpg\" class=\"aligncenter size-large wp-image-219\" title=\"Ant\u00f4nio S\u00e9rgio no Snoopy\" src=\"http:\/\/farm4.static.flickr.com\/3222\/2873891868_dbb013d1a6_d.jpg?w=600\" alt=\"\" width=\"500\" height=\"333\" \/><\/a><\/p>\n<p>Eu j\u00e1 estive em &#8220;Bleau&#8221; e at\u00e9 ent\u00e3o achava um exagero absurdo a compara\u00e7\u00e3o acima citada. Veja bem, a id\u00e9ia desse post n\u00e3o \u00e9 estimular pol\u00eamicas duvidosas, mas sim convid\u00e1-los a visitar o Graja\u00fa! Posso garantir que, para quem nunca foi, se sentir\u00e1 como crian\u00e7a adentrando um parque de divers\u00f5es&#8230; \u00e9 pedra para todos os lados, voc\u00ea vai sair correndo sem saber em qual brincar primeiro. Tem de tudo: highballs, lowballs, problemas de V0 a V-Projeto em negativinhos, negativ\u00f5es, tetos, travessias, botes, bases boas e at\u00e9 um gigantesco maci\u00e7o para escaladas tradicionais (Pico do Perdido do Andara\u00ed). Em detalhes, existe l\u00e1 o primeiro boulder de nono grau (V9) do pa\u00eds, o &#8220;Olhos de Fogo&#8221;, escalado pelo Paulo &#8220;Macaco&#8221; na d\u00e9cada de oitenta ; sem falar da cave do &#8220;Edmundo&#8221;, uma fenda\/teto com mais de 15 metros em agarras boas, no m\u00e1ximo a 2 metros do ch\u00e3o. O \u00fanico detalhe que costumam comentar \u00e9 a abrasividade, um granito que exige certa aclimata\u00e7\u00e3o (leia-se toler\u00e2ncia a dor :-) portanto prepare sua pele! Para maiores informa\u00e7\u00f5es, procure pelo &#8220;<a href=\"http:\/\/www.montanhar.com.br\/saiba%20mais\/guia_grajau.html\" target=\"_blank\">Guia de Escaladas do Graja\u00fa<\/a>&#8220;, escrito pelo escalador local Andr\u00e9 &#8220;Maluquinho&#8221;.<\/p>\n<p><a href=\"http:\/\/www.flickr.com\/photos\/yurihayashi\/2879230872\/\" target=\"_blank\"><img loading=\"lazy\" decoding=\"async\" data-attachment-id=\"219\" data-permalink=\"https:\/\/yuri.com.br\/claudio\/2008\/09\/22\/eisenbahn-rauchbier-dannemann-petit-robusto\/eisenbahn_rauch1\/\" data-orig-file=\"https:\/\/yuri.com.br\/claudio\/wp-content\/uploads\/2008\/09\/eisenbahn_rauch1.jpg\" data-orig-size=\"1024,683\" data-comments-opened=\"1\" data-image-meta=\"{&quot;aperture&quot;:&quot;4.5&quot;,&quot;credit&quot;:&quot;&quot;,&quot;camera&quot;:&quot;Canon EOS DIGITAL REBEL&quot;,&quot;caption&quot;:&quot;&quot;,&quot;created_timestamp&quot;:&quot;315532978&quot;,&quot;copyright&quot;:&quot;&quot;,&quot;focal_length&quot;:&quot;35&quot;,&quot;iso&quot;:&quot;100&quot;,&quot;shutter_speed&quot;:&quot;0.5&quot;,&quot;title&quot;:&quot;&quot;}\" data-image-title=\"Eisenbahn Rauchbier\" data-image-description=\"\" data-image-caption=\"\" data-medium-file=\"https:\/\/yuri.com.br\/claudio\/wp-content\/uploads\/2008\/09\/eisenbahn_rauch1-300x200.jpg\" data-large-file=\"https:\/\/yuri.com.br\/claudio\/wp-content\/uploads\/2008\/09\/eisenbahn_rauch1.jpg\" class=\"aligncenter size-large wp-image-219\" title=\"Inicio do Edmundo\" src=\"http:\/\/farm4.static.flickr.com\/3073\/2879230872_185e937938_d.jpg?w=600\" alt=\"\" width=\"375\" height=\"500\" \/><\/a><\/p>\n","protected":false},"excerpt":{"rendered":"<p>Conversando com um amigo escoc\u00eas que atualmente mora aqui no RJ, ouvi uma opini\u00e3o que pode surpreender os c\u00e9ticos: se pegarmos um setor de boulders l\u00e1 da Reserva Florestal do Graja\u00fa, localizada na zona norte do Rio, \u00e9 compar\u00e1vel a um setor de Fontainebleau como Bas Cuvier. \u00c9 isso a\u00ed brasileirada, pasmem&#8230; Eu j\u00e1 estive&hellip;&nbsp;<a href=\"https:\/\/yuri.com.br\/claudio\/2008\/09\/23\/grajau\/\" rel=\"bookmark\">Continue a ler &raquo;<span class=\"screen-reader-text\">Graja\u00fa<\/span><\/a><\/p>\n","protected":false},"author":2,"featured_media":0,"comment_status":"open","ping_status":"open","sticky":false,"template":"","format":"standard","meta":{"neve_meta_sidebar":"","neve_meta_container":"","neve_meta_enable_content_width":"","neve_meta_content_width":0,"neve_meta_title_alignment":"","neve_meta_author_avatar":"","neve_post_elements_order":"","neve_meta_disable_header":"","neve_meta_disable_footer":"","neve_meta_disable_title":"","jetpack_post_was_ever_published":false,"_jetpack_newsletter_access":"","_jetpack_dont_email_post_to_subs":false,"_jetpack_newsletter_tier_id":0,"_jetpack_memberships_contains_paywalled_content":false,"_jetpack_memberships_contains_paid_content":false,"footnotes":"","jetpack_publicize_message":"","jetpack_publicize_feature_enabled":true,"jetpack_social_post_already_shared":false,"jetpack_social_options":{"image_generator_settings":{"template":"highway","default_image_id":0,"font":"","enabled":false},"version":2}},"categories":[3],"tags":[19,56],"class_list":["post-233","post","type-post","status-publish","format-standard","hentry","category-escalada","tag-rio-de-janeiro","tag-grajau"],"jetpack_publicize_connections":[],"jetpack_featured_media_url":"","jetpack_shortlink":"https:\/\/wp.me\/s4i7cB-grajau","jetpack_sharing_enabled":true,"jetpack-related-posts":[{"id":388,"url":"https:\/\/yuri.com.br\/claudio\/2009\/01\/23\/video-do-grajaurj\/","url_meta":{"origin":233,"position":0},"title":"V\u00eddeo do Graja\u00fa\/RJ","author":"claudio","date":"23\/jan\/2009","format":false,"excerpt":"A homage to the friends and the boulders. \u00a0\"Curta-metragem\" sobre uma tarde de escalada em um dos melhores locais de boulder da cidade. Foquei a edi\u00e7\u00e3o\/trilha no aspecto mais social, portanto n\u00e3o espere aquele rock'n'roll de morder a pedra... Bons ventos!","rel":"","context":"Em &quot;Escalada&quot;","block_context":{"text":"Escalada","link":"https:\/\/yuri.com.br\/claudio\/category\/escalada\/"},"img":{"alt_text":"","src":"","width":0,"height":0},"classes":[]},{"id":458,"url":"https:\/\/yuri.com.br\/claudio\/2009\/03\/19\/algumas-fotos-recentes-comentadas\/","url_meta":{"origin":233,"position":1},"title":"Algumas fotos recentes, comentadas","author":"claudio","date":"19\/mar\/2009","format":false,"excerpt":"Abaixo compartilho a concep\u00e7\u00e3o de algumas\u00a0fotos recentes: O bloco do \"Banana Amassada\" no Graja\u00fa\/RJ, fica no setor ao lado dos banheiros do parque, n\u00e3o exatamente o local mais bonito para uma foto. Fotografia \u00e9 luz, e ultimamente tenho experimentado a combina\u00e7\u00e3o de ilumina\u00e7\u00e3o artificial (flash) em plena luz do dia\u2026","rel":"","context":"Em &quot;Escalada&quot;","block_context":{"text":"Escalada","link":"https:\/\/yuri.com.br\/claudio\/category\/escalada\/"},"img":{"alt_text":"","src":"https:\/\/i0.wp.com\/farm4.static.flickr.com\/3585\/3320196043_a5fae6cc1e.jpg?resize=350%2C200","width":350,"height":200},"classes":[]},{"id":5965,"url":"https:\/\/yuri.com.br\/claudio\/2013\/10\/21\/o-lindo-batore\/","url_meta":{"origin":233,"position":2},"title":"O lindo Bator\u00e9","author":"claudio","date":"21\/out\/2013","format":false,"excerpt":"O Bator\u00e9 (comediante) pode ser feio pacas, mas o boulder \u00e9 lindo! Pra justificar, aqui vai uma demonstra\u00e7\u00e3o do crux by Diego Correa, que trouxe a sua press\u00e3o \"made in Graja\u00fa\" e botou o V9 no bolso. Clique para ampliar... E n\u00e3o resisti em registrar uma lembrancinha familiar com a\u2026","rel":"","context":"Em &quot;Escalada&quot;","block_context":{"text":"Escalada","link":"https:\/\/yuri.com.br\/claudio\/category\/escalada\/"},"img":{"alt_text":"","src":"https:\/\/i0.wp.com\/yuri.com.br\/claudio\/wp-content\/uploads\/2013\/10\/rubinho_batore_diego.jpg?resize=350%2C200&ssl=1","width":350,"height":200,"srcset":"https:\/\/i0.wp.com\/yuri.com.br\/claudio\/wp-content\/uploads\/2013\/10\/rubinho_batore_diego.jpg?resize=350%2C200&ssl=1 1x, https:\/\/i0.wp.com\/yuri.com.br\/claudio\/wp-content\/uploads\/2013\/10\/rubinho_batore_diego.jpg?resize=525%2C300&ssl=1 1.5x, https:\/\/i0.wp.com\/yuri.com.br\/claudio\/wp-content\/uploads\/2013\/10\/rubinho_batore_diego.jpg?resize=700%2C400&ssl=1 2x, https:\/\/i0.wp.com\/yuri.com.br\/claudio\/wp-content\/uploads\/2013\/10\/rubinho_batore_diego.jpg?resize=1050%2C600&ssl=1 3x"},"classes":[]},{"id":203,"url":"https:\/\/yuri.com.br\/claudio\/2008\/09\/10\/festival-comida-di-buteco-no-rj\/","url_meta":{"origin":233,"position":3},"title":"Festival &#8216;Comida di Buteco&#8217; no RJ","author":"claudio","date":"10\/set\/2008","format":false,"excerpt":"Aconteceu durante o m\u00eas passado, agosto, o festival \"Comida di Buteco\", realizado pela primeira vez no Rio. O resultado (ap\u00f3s 20 mil votos durante o m\u00eas todo) saiu a pouco: 1a. Lugar MELHOR TIRA-GOSTO - Um rol\u00e9 pelo sub\u00farbio - rol\u00e9 ouri\u00e7ado com molho de Bohemia Escura em mini-ba\u00edas de\u2026","rel":"","context":"Em &quot;'Baixa' Gastronomia&quot;","block_context":{"text":"'Baixa' Gastronomia","link":"https:\/\/yuri.com.br\/claudio\/category\/baixa-gastronomia\/"},"img":{"alt_text":"","src":"https:\/\/i0.wp.com\/yuri.com.br\/claudio\/wp-content\/uploads\/2008\/09\/sururu.jpg?resize=350%2C200&ssl=1","width":350,"height":200,"srcset":"https:\/\/i0.wp.com\/yuri.com.br\/claudio\/wp-content\/uploads\/2008\/09\/sururu.jpg?resize=350%2C200&ssl=1 1x, https:\/\/i0.wp.com\/yuri.com.br\/claudio\/wp-content\/uploads\/2008\/09\/sururu.jpg?resize=525%2C300&ssl=1 1.5x"},"classes":[]},{"id":5630,"url":"https:\/\/yuri.com.br\/claudio\/2013\/08\/26\/e-o-rio-continua-lindo\/","url_meta":{"origin":233,"position":4},"title":"E o Rio continua lindo&#8230;","author":"claudio","date":"26\/ago\/2013","format":false,"excerpt":"Em anota\u00e7\u00f5es saudosistas como esta, soa mais \u00f3bvio guardar imagens dos belos cart\u00f5es postais da cidade maravilhosa, mas no caso deste butequeiro apaixonado que vos escreve, as saudades mais fortes vinham dos balc\u00f5es dos verdadeiros botequins, onde se respira o carioqu\u00eas e pude reencontrar iguarias como este rosbife e o\u2026","rel":"","context":"Em &quot;'Baixa' Gastronomia&quot;","block_context":{"text":"'Baixa' Gastronomia","link":"https:\/\/yuri.com.br\/claudio\/category\/baixa-gastronomia\/"},"img":{"alt_text":"","src":"https:\/\/i0.wp.com\/yuri.com.br\/claudio\/wp-content\/uploads\/2013\/08\/bosque_improviso_dani.jpg?resize=350%2C200&ssl=1","width":350,"height":200,"srcset":"https:\/\/i0.wp.com\/yuri.com.br\/claudio\/wp-content\/uploads\/2013\/08\/bosque_improviso_dani.jpg?resize=350%2C200&ssl=1 1x, https:\/\/i0.wp.com\/yuri.com.br\/claudio\/wp-content\/uploads\/2013\/08\/bosque_improviso_dani.jpg?resize=525%2C300&ssl=1 1.5x, https:\/\/i0.wp.com\/yuri.com.br\/claudio\/wp-content\/uploads\/2013\/08\/bosque_improviso_dani.jpg?resize=700%2C400&ssl=1 2x, https:\/\/i0.wp.com\/yuri.com.br\/claudio\/wp-content\/uploads\/2013\/08\/bosque_improviso_dani.jpg?resize=1050%2C600&ssl=1 3x"},"classes":[]},{"id":254,"url":"https:\/\/yuri.com.br\/claudio\/2008\/10\/31\/sobre-o-campeonato-estadual-de-boulder-rj-2008\/","url_meta":{"origin":233,"position":5},"title":"Sobre o Campeonato Estadual de Boulder RJ 2008","author":"claudio","date":"31\/out\/2008","format":false,"excerpt":"Neste m\u00eas de outubro\u00a0terminou o Campeonato Estadual de Escalada (Boulder) do RJ 2008. Sobre os resultados oficiais eu indico 2 artigos: Blog da Lojinha de Escalada Blog do Caio Gomes E clicando neste link pode-se conferir algumas fotos que fiz desta \u00faltima etapa na Limite Vertical. Aproveito este espa\u00e7o para\u2026","rel":"","context":"Em &quot;Escalada&quot;","block_context":{"text":"Escalada","link":"https:\/\/yuri.com.br\/claudio\/category\/escalada\/"},"img":{"alt_text":"","src":"https:\/\/i0.wp.com\/yuri.com.br\/claudio\/wp-content\/uploads\/2008\/10\/jornaldossports_estadualrj2008.jpg?resize=350%2C200&ssl=1","width":350,"height":200,"srcset":"https:\/\/i0.wp.com\/yuri.com.br\/claudio\/wp-content\/uploads\/2008\/10\/jornaldossports_estadualrj2008.jpg?resize=350%2C200&ssl=1 1x, https:\/\/i0.wp.com\/yuri.com.br\/claudio\/wp-content\/uploads\/2008\/10\/jornaldossports_estadualrj2008.jpg?resize=525%2C300&ssl=1 1.5x, https:\/\/i0.wp.com\/yuri.com.br\/claudio\/wp-content\/uploads\/2008\/10\/jornaldossports_estadualrj2008.jpg?resize=700%2C400&ssl=1 2x"},"classes":[]}],"_links":{"self":[{"href":"https:\/\/yuri.com.br\/claudio\/wp-json\/wp\/v2\/posts\/233","targetHints":{"allow":["GET"]}}],"collection":[{"href":"https:\/\/yuri.com.br\/claudio\/wp-json\/wp\/v2\/posts"}],"about":[{"href":"https:\/\/yuri.com.br\/claudio\/wp-json\/wp\/v2\/types\/post"}],"author":[{"embeddable":true,"href":"https:\/\/yuri.com.br\/claudio\/wp-json\/wp\/v2\/users\/2"}],"replies":[{"embeddable":true,"href":"https:\/\/yuri.com.br\/claudio\/wp-json\/wp\/v2\/comments?post=233"}],"version-history":[{"count":0,"href":"https:\/\/yuri.com.br\/claudio\/wp-json\/wp\/v2\/posts\/233\/revisions"}],"wp:attachment":[{"href":"https:\/\/yuri.com.br\/claudio\/wp-json\/wp\/v2\/media?parent=233"}],"wp:term":[{"taxonomy":"category","embeddable":true,"href":"https:\/\/yuri.com.br\/claudio\/wp-json\/wp\/v2\/categories?post=233"},{"taxonomy":"post_tag","embeddable":true,"href":"https:\/\/yuri.com.br\/claudio\/wp-json\/wp\/v2\/tags?post=233"}],"curies":[{"name":"wp","href":"https:\/\/api.w.org\/{rel}","templated":true}]}}