{"id":228,"date":"2008-09-17T13:15:04","date_gmt":"2008-09-17T13:15:04","guid":{"rendered":"http:\/\/claudiobr.wordpress.com\/?p=228"},"modified":"2008-09-17T13:15:04","modified_gmt":"2008-09-17T13:15:04","slug":"expo-2","status":"publish","type":"post","link":"https:\/\/yuri.com.br\/claudio\/2008\/09\/17\/expo-2\/","title":{"rendered":"EXPO!"},"content":{"rendered":"<p><a href=\"http:\/\/www.yuri.com.br\/claudio\/EXPO\"><img loading=\"lazy\" decoding=\"async\" data-attachment-id=\"229\" data-permalink=\"https:\/\/yuri.com.br\/claudio\/2008\/09\/17\/expo-2\/expo_screenshot2\/\" data-orig-file=\"https:\/\/yuri.com.br\/claudio\/wp-content\/uploads\/2008\/09\/expo_screenshot2.jpg\" data-orig-size=\"640,443\" data-comments-opened=\"1\" data-image-meta=\"{&quot;aperture&quot;:&quot;0&quot;,&quot;credit&quot;:&quot;&quot;,&quot;camera&quot;:&quot;&quot;,&quot;caption&quot;:&quot;&quot;,&quot;created_timestamp&quot;:&quot;0&quot;,&quot;copyright&quot;:&quot;&quot;,&quot;focal_length&quot;:&quot;0&quot;,&quot;iso&quot;:&quot;0&quot;,&quot;shutter_speed&quot;:&quot;0&quot;,&quot;title&quot;:&quot;&quot;}\" data-image-title=\"EXPO!\" data-image-description=\"\" data-image-caption=\"\" data-medium-file=\"https:\/\/yuri.com.br\/claudio\/wp-content\/uploads\/2008\/09\/expo_screenshot2-300x207.jpg\" data-large-file=\"https:\/\/yuri.com.br\/claudio\/wp-content\/uploads\/2008\/09\/expo_screenshot2.jpg\" class=\"alignleft size-medium wp-image-229\" title=\"EXPO!\" src=\"http:\/\/yuri.com.br\/claudio\/wp-content\/uploads\/2008\/09\/expo_screenshot2.jpg?w=300\" alt=\"\" width=\"240\" height=\"166\" srcset=\"https:\/\/yuri.com.br\/claudio\/wp-content\/uploads\/2008\/09\/expo_screenshot2.jpg 640w, https:\/\/yuri.com.br\/claudio\/wp-content\/uploads\/2008\/09\/expo_screenshot2-300x207.jpg 300w, https:\/\/yuri.com.br\/claudio\/wp-content\/uploads\/2008\/09\/expo_screenshot2-210x145.jpg 210w\" sizes=\"auto, (max-width: 240px) 100vw, 240px\" \/><\/a><\/p>\n<p>Recentemente, atualizei a galeria <a href=\"http:\/\/www.yuri.com.br\/claudio\/EXPO\" target=\"_blank\">EXPO!<\/a> com imagens do Campo Escola 2000, na Floresta da Tijuca &#8211; RJ.<\/p>\n<p>Fiz uma pequena mudan\u00e7a de layout para poder acomodar mais itens, e agora o menu de sele\u00e7\u00e3o fica na parte inferior.<\/p>\n<p>EXPO! fica neste link: <a href=\"http:\/\/www.yuri.com.br\/claudio\/EXPO\" target=\"_blank\">http:\/\/www.yuri.com.br\/claudio\/EXPO<\/a><\/p>\n","protected":false},"excerpt":{"rendered":"<p>Recentemente, atualizei a galeria EXPO! com imagens do Campo Escola 2000, na Floresta da Tijuca &#8211; RJ. Fiz uma pequena mudan\u00e7a de layout para poder acomodar mais itens, e agora o menu de sele\u00e7\u00e3o fica na parte inferior. EXPO! fica neste link: http:\/\/www.yuri.com.br\/claudio\/EXPO<\/p>\n","protected":false},"author":2,"featured_media":229,"comment_status":"open","ping_status":"open","sticky":false,"template":"","format":"standard","meta":{"neve_meta_sidebar":"","neve_meta_container":"","neve_meta_enable_content_width":"","neve_meta_content_width":0,"neve_meta_title_alignment":"","neve_meta_author_avatar":"","neve_post_elements_order":"","neve_meta_disable_header":"","neve_meta_disable_footer":"","neve_meta_disable_title":"","jetpack_post_was_ever_published":false,"_jetpack_newsletter_access":"","_jetpack_dont_email_post_to_subs":false,"_jetpack_newsletter_tier_id":0,"_jetpack_memberships_contains_paywalled_content":false,"_jetpack_memberships_contains_paid_content":false,"footnotes":"","jetpack_publicize_message":"","jetpack_publicize_feature_enabled":true,"jetpack_social_post_already_shared":false,"jetpack_social_options":{"image_generator_settings":{"template":"highway","default_image_id":0,"font":"","enabled":false},"version":2}},"categories":[3],"tags":[54,66],"class_list":["post-228","post","type-post","status-publish","format-standard","has-post-thumbnail","hentry","category-escalada","tag-fotografia","tag-photography"],"jetpack_publicize_connections":[],"jetpack_featured_media_url":"https:\/\/yuri.com.br\/claudio\/wp-content\/uploads\/2008\/09\/expo_screenshot2.jpg","jetpack_shortlink":"https:\/\/wp.me\/p4i7cB-3G","jetpack_sharing_enabled":true,"jetpack-related-posts":[{"id":17,"url":"https:\/\/yuri.com.br\/claudio\/2008\/07\/23\/expo\/","url_meta":{"origin":228,"position":0},"title":"EXPO!","author":"claudio","date":"23\/jul\/2008","format":false,"excerpt":"Estou montando uma galeria fotogr\u00e1fica, a princ\u00edpio focada no assunto da escalada, com o intuito de divulg\u00e1-la por a\u00ed afora (por isso as descri\u00e7\u00f5es est\u00e3o em ingl\u00eas). Tamb\u00e9m, foi uma maneira que encontrei de expressar melhor esse meu tes\u00e3o intraduz\u00edvel pela pedra. Como n\u00e3o curto uma xenofobia, boto f\u00e9 que\u2026","rel":"","context":"Em &quot;Escalada&quot;","block_context":{"text":"Escalada","link":"https:\/\/yuri.com.br\/claudio\/category\/escalada\/"},"img":{"alt_text":"","src":"https:\/\/i0.wp.com\/yuri.com.br\/claudio\/wp-content\/uploads\/2008\/07\/cb_logo.jpg?resize=350%2C200","width":350,"height":200},"classes":[]},{"id":174,"url":"https:\/\/yuri.com.br\/claudio\/2008\/09\/02\/visita-do-cesinha\/","url_meta":{"origin":228,"position":1},"title":"Visita do Cesinha","author":"claudio","date":"2\/set\/2008","format":false,"excerpt":"Um registro sobre a visita do Cesinha aqui no RJ semana passada: Como n\u00e3o \u00e9 sempre que vemos r\u00e1pidas ascens\u00f5es de Xa \u00e0 vista ou Xc em poucas tentativas, procurei documentar e abaixo listo os 'souvenirs' desta viagem. Mat\u00e9ria no EscaladaBrasil.com Entrevista no EscaladaBrasil.com Fotos da Coquetel na galeria EXPO!\u2026","rel":"","context":"Em &quot;Escalada&quot;","block_context":{"text":"Escalada","link":"https:\/\/yuri.com.br\/claudio\/category\/escalada\/"},"img":{"alt_text":"","src":"https:\/\/i0.wp.com\/yuri.com.br\/claudio\/wp-content\/uploads\/2008\/09\/cesinha_banner1.jpg?resize=350%2C200","width":350,"height":200},"classes":[]},{"id":167,"url":"https:\/\/yuri.com.br\/claudio\/2008\/08\/27\/ce2000-expo\/","url_meta":{"origin":228,"position":2},"title":"CE2000 &#8211; EXPO!","author":"claudio","date":"27\/ago\/2008","format":false,"excerpt":"Em breve... http:\/\/www.yuri.com.br\/claudio\/EXPO","rel":"","context":"Em &quot;Escalada&quot;","block_context":{"text":"Escalada","link":"https:\/\/yuri.com.br\/claudio\/category\/escalada\/"},"img":{"alt_text":"","src":"https:\/\/claudiobr.files.wordpress.com\/2008\/08\/ce2000_gosma_diego_seq.jpg?w=350&h=200&crop=1","width":350,"height":200,"srcset":"https:\/\/claudiobr.files.wordpress.com\/2008\/08\/ce2000_gosma_diego_seq.jpg?w=350&h=200&crop=1 1x, https:\/\/claudiobr.files.wordpress.com\/2008\/08\/ce2000_gosma_diego_seq.jpg?w=525&h=300&crop=1 1.5x"},"classes":[]},{"id":262,"url":"https:\/\/yuri.com.br\/claudio\/2008\/11\/02\/footage\/","url_meta":{"origin":228,"position":3},"title":"Footage","author":"claudio","date":"2\/nov\/2008","format":false,"excerpt":"Links para os recentes registros na California. - Fotos (Yosemite e Bishop): http:\/\/www.yuri.com.br\/claudio\/EXPO - ou pelo Flickr\/TripperMap: http:\/\/www.yuri.com.br\/claudio\/map - V\u00eddeos (Yosemite\/Ahwahnee & Bishop\/Happies) no Vimeo: http:\/\/www.vimeo.com\/user717408\/videos - Ou download direto: http:\/\/www.escaladabrasil.com","rel":"","context":"Em &quot;Escalada&quot;","block_context":{"text":"Escalada","link":"https:\/\/yuri.com.br\/claudio\/category\/escalada\/"},"img":{"alt_text":"","src":"","width":0,"height":0},"classes":[]},{"id":458,"url":"https:\/\/yuri.com.br\/claudio\/2009\/03\/19\/algumas-fotos-recentes-comentadas\/","url_meta":{"origin":228,"position":4},"title":"Algumas fotos recentes, comentadas","author":"claudio","date":"19\/mar\/2009","format":false,"excerpt":"Abaixo compartilho a concep\u00e7\u00e3o de algumas\u00a0fotos recentes: O bloco do \"Banana Amassada\" no Graja\u00fa\/RJ, fica no setor ao lado dos banheiros do parque, n\u00e3o exatamente o local mais bonito para uma foto. Fotografia \u00e9 luz, e ultimamente tenho experimentado a combina\u00e7\u00e3o de ilumina\u00e7\u00e3o artificial (flash) em plena luz do dia\u2026","rel":"","context":"Em &quot;Escalada&quot;","block_context":{"text":"Escalada","link":"https:\/\/yuri.com.br\/claudio\/category\/escalada\/"},"img":{"alt_text":"","src":"https:\/\/i0.wp.com\/farm4.static.flickr.com\/3585\/3320196043_a5fae6cc1e.jpg?resize=350%2C200","width":350,"height":200},"classes":[]},{"id":1573,"url":"https:\/\/yuri.com.br\/claudio\/2010\/02\/25\/centro-de-escalada-jpa\/","url_meta":{"origin":228,"position":5},"title":"Centro de Escalada JPA","author":"claudio","date":"25\/fev\/2010","format":false,"excerpt":"Estive esses dias no novo \"Centro de Escalada JPA\", na zona oeste do Rio. Que eu me lembre, a \u00faltima vez que a regi\u00e3o contou com um muro decente aberto ao p\u00fablico foi em 2005, no extinto muro do Juba, velhos tempos... Eu (rec\u00e9m mudado ao RJ), Caio (pra variar\u2026","rel":"","context":"Em &quot;Escalada&quot;","block_context":{"text":"Escalada","link":"https:\/\/yuri.com.br\/claudio\/category\/escalada\/"},"img":{"alt_text":"","src":"https:\/\/i0.wp.com\/yuri.com.br\/claudio\/wp-content\/uploads\/2010\/02\/escaladabr_2.jpg?resize=350%2C200&ssl=1","width":350,"height":200,"srcset":"https:\/\/i0.wp.com\/yuri.com.br\/claudio\/wp-content\/uploads\/2010\/02\/escaladabr_2.jpg?resize=350%2C200&ssl=1 1x, https:\/\/i0.wp.com\/yuri.com.br\/claudio\/wp-content\/uploads\/2010\/02\/escaladabr_2.jpg?resize=525%2C300&ssl=1 1.5x"},"classes":[]}],"_links":{"self":[{"href":"https:\/\/yuri.com.br\/claudio\/wp-json\/wp\/v2\/posts\/228","targetHints":{"allow":["GET"]}}],"collection":[{"href":"https:\/\/yuri.com.br\/claudio\/wp-json\/wp\/v2\/posts"}],"about":[{"href":"https:\/\/yuri.com.br\/claudio\/wp-json\/wp\/v2\/types\/post"}],"author":[{"embeddable":true,"href":"https:\/\/yuri.com.br\/claudio\/wp-json\/wp\/v2\/users\/2"}],"replies":[{"embeddable":true,"href":"https:\/\/yuri.com.br\/claudio\/wp-json\/wp\/v2\/comments?post=228"}],"version-history":[{"count":0,"href":"https:\/\/yuri.com.br\/claudio\/wp-json\/wp\/v2\/posts\/228\/revisions"}],"wp:featuredmedia":[{"embeddable":true,"href":"https:\/\/yuri.com.br\/claudio\/wp-json\/wp\/v2\/media\/229"}],"wp:attachment":[{"href":"https:\/\/yuri.com.br\/claudio\/wp-json\/wp\/v2\/media?parent=228"}],"wp:term":[{"taxonomy":"category","embeddable":true,"href":"https:\/\/yuri.com.br\/claudio\/wp-json\/wp\/v2\/categories?post=228"},{"taxonomy":"post_tag","embeddable":true,"href":"https:\/\/yuri.com.br\/claudio\/wp-json\/wp\/v2\/tags?post=228"}],"curies":[{"name":"wp","href":"https:\/\/api.w.org\/{rel}","templated":true}]}}