{"id":2263,"date":"2010-06-21T18:45:16","date_gmt":"2010-06-21T18:45:16","guid":{"rendered":"http:\/\/claudiobr.wordpress.com\/?p=2263"},"modified":"2010-06-21T18:45:16","modified_gmt":"2010-06-21T18:45:16","slug":"life-goes-on","status":"publish","type":"post","link":"https:\/\/yuri.com.br\/claudio\/2010\/06\/21\/life-goes-on\/","title":{"rendered":"Life goes on&#8230;"},"content":{"rendered":"<p>Nesse fim de semana, matei a saudade dos meus dedos esfolados e de   brothers &#8220;nikitianos&#8221;. Fazia tanto tempo que n\u00e3o escalava em rocha assim, ent\u00e3o vou relatar nesse pseudo-di\u00e1rio:<\/p>\n<p><img loading=\"lazy\" decoding=\"async\" data-attachment-id=\"2266\" data-permalink=\"https:\/\/yuri.com.br\/claudio\/2010\/06\/21\/life-goes-on\/claudio\/\" data-orig-file=\"https:\/\/yuri.com.br\/claudio\/wp-content\/uploads\/2010\/06\/claudio.jpg\" data-orig-size=\"200,317\" data-comments-opened=\"1\" data-image-meta=\"{&quot;aperture&quot;:&quot;0&quot;,&quot;credit&quot;:&quot;&quot;,&quot;camera&quot;:&quot;&quot;,&quot;caption&quot;:&quot;&quot;,&quot;created_timestamp&quot;:&quot;0&quot;,&quot;copyright&quot;:&quot;&quot;,&quot;focal_length&quot;:&quot;0&quot;,&quot;iso&quot;:&quot;0&quot;,&quot;shutter_speed&quot;:&quot;0&quot;,&quot;title&quot;:&quot;&quot;}\" data-image-title=\"Macumba\" data-image-description=\"\" data-image-caption=\"\" data-medium-file=\"https:\/\/yuri.com.br\/claudio\/wp-content\/uploads\/2010\/06\/claudio-189x300.jpg\" data-large-file=\"https:\/\/yuri.com.br\/claudio\/wp-content\/uploads\/2010\/06\/claudio.jpg\" class=\"size-full wp-image-2266 alignleft\" title=\"Macumba\" src=\"http:\/\/yuri.com.br\/claudio\/wp-content\/uploads\/2010\/06\/claudio.jpg\" alt=\"\" width=\"123\" height=\"208\" \/><\/p>\n<p>Na Urca rolou um circuito sadomasoquista  de  boulders com o <a href=\"http:\/\/www.flickr.com\/photos\/cbrisighello\/2873891868\/\" target=\"_blank\">Ant\u00f4nio  S\u00e9rgio<\/a>. Condi\u00e7\u00f5es perfeitas, lindo s\u00e1bado! Um boulder bacana que provamos foi o cl\u00e1ssico Os Imperdo\u00e1veis, cujo in\u00edcio havia sofrido uma quebra de agarra boa\/invertida para m\u00e3o esquerda, restando uma pin\u00e7a ruim. O &#8220;novo&#8221; come\u00e7o se mostrou poss\u00edvel (e explosivo) ap\u00f3s usar um reglete mais potente de direita. Por\u00e9m o final, relativamente exposto, n\u00e3o foi solucionado. Betas?<\/p>\n<p>Fizemos o Bote do Marimbondo, que pode ser inclu\u00eddo na lista dos bons &#8220;lowballs&#8221; da Urca. Acho aconselh\u00e1vel uma esparadrapagem na m\u00e3o esquerda, a n\u00e3o ser que vc use um m\u00e9todo mais est\u00e1tico (drop-knee alto), preferido por mim&#8230;<\/p>\n<p>E meu  projetinho de 1  movimento continua pendente. Apesar da imagem ao lado  aparentar  proximidade da execu\u00e7\u00e3o perfeita, ainda me sinto longe de um  \u00eaxito que  vem sendo trabalhado a custosos progressos, que v\u00e3o desde a  tirada de  bunda do ch\u00e3o, meses atr\u00e1s. N\u00e3o vai rolar tentar novamente em  breve,  ent\u00e3o espero que o bom clima perdure at\u00e9 fim de julho&#8230;<\/p>\n<p style=\"text-align:left;\"><img loading=\"lazy\" decoding=\"async\" data-attachment-id=\"2265\" data-permalink=\"https:\/\/yuri.com.br\/claudio\/2010\/06\/21\/life-goes-on\/caio\/\" data-orig-file=\"https:\/\/yuri.com.br\/claudio\/wp-content\/uploads\/2010\/06\/caio.jpg\" data-orig-size=\"600,391\" data-comments-opened=\"1\" data-image-meta=\"{&quot;aperture&quot;:&quot;0&quot;,&quot;credit&quot;:&quot;&quot;,&quot;camera&quot;:&quot;&quot;,&quot;caption&quot;:&quot;&quot;,&quot;created_timestamp&quot;:&quot;0&quot;,&quot;copyright&quot;:&quot;&quot;,&quot;focal_length&quot;:&quot;0&quot;,&quot;iso&quot;:&quot;0&quot;,&quot;shutter_speed&quot;:&quot;0&quot;,&quot;title&quot;:&quot;&quot;}\" data-image-title=\"Parab\u00e9ns Caio! V\u00eddeo em breve&amp;#8230;\" data-image-description=\"\" data-image-caption=\"\" data-medium-file=\"https:\/\/yuri.com.br\/claudio\/wp-content\/uploads\/2010\/06\/caio-300x195.jpg\" data-large-file=\"https:\/\/yuri.com.br\/claudio\/wp-content\/uploads\/2010\/06\/caio.jpg\" class=\"size-full wp-image-2265 aligncenter\" title=\"Parab\u00e9ns Caio! V\u00eddeo em breve...\" src=\"http:\/\/yuri.com.br\/claudio\/wp-content\/uploads\/2010\/06\/caio.jpg\" alt=\"\" width=\"600\" height=\"391\" srcset=\"https:\/\/yuri.com.br\/claudio\/wp-content\/uploads\/2010\/06\/caio.jpg 600w, https:\/\/yuri.com.br\/claudio\/wp-content\/uploads\/2010\/06\/caio-300x195.jpg 300w, https:\/\/yuri.com.br\/claudio\/wp-content\/uploads\/2010\/06\/caio-210x136.jpg 210w\" sizes=\"auto, (max-width: 600px) 100vw, 600px\" \/><\/p>\n<p style=\"text-align:left;\">J\u00e1 em Itacoatiara, o <a href=\"http:\/\/familiabuscapedra.blogspot.com\/\" target=\"_blank\">Caio<\/a> mostrou porque escalar e perseverar combinam entre si, dando vida ao &#8220;duro na queda&#8221; La Olla. Filmei e espero fazer uma lembrancinha bacana. Uma coisa que me impressiona no Caio \u00e9 sua habilidade de escalar &#8220;hard&#8221; sem muito aquecimento. Por um momento eu achei que ele fosse mandar o projeto na 1a. escalada do dia&#8230; o cara deve acordar de manh\u00e3 com\u00a0 um pulo da cama em cima do batente da porta! :-) Mais um belo dia, com momentos especiais&#8230; e vamo que vamo!<\/p>\n<p style=\"text-align:left;\">\u00c9 isso, uma \u00f3tima semana proceis.<\/p>\n","protected":false},"excerpt":{"rendered":"<p>Nesse fim de semana, matei a saudade dos meus dedos esfolados e de brothers &#8220;nikitianos&#8221;. Fazia tanto tempo que n\u00e3o escalava em rocha assim, ent\u00e3o vou relatar nesse pseudo-di\u00e1rio: Na Urca rolou um circuito sadomasoquista de boulders com o Ant\u00f4nio S\u00e9rgio. Condi\u00e7\u00f5es perfeitas, lindo s\u00e1bado! Um boulder bacana que provamos foi o cl\u00e1ssico Os Imperdo\u00e1veis,&hellip;&nbsp;<a href=\"https:\/\/yuri.com.br\/claudio\/2010\/06\/21\/life-goes-on\/\" rel=\"bookmark\">Continue a ler &raquo;<span class=\"screen-reader-text\">Life goes on&#8230;<\/span><\/a><\/p>\n","protected":false},"author":2,"featured_media":2265,"comment_status":"open","ping_status":"open","sticky":false,"template":"","format":"standard","meta":{"neve_meta_sidebar":"","neve_meta_container":"","neve_meta_enable_content_width":"","neve_meta_content_width":0,"neve_meta_title_alignment":"","neve_meta_author_avatar":"","neve_post_elements_order":"","neve_meta_disable_header":"","neve_meta_disable_footer":"","neve_meta_disable_title":"","jetpack_post_was_ever_published":false,"_jetpack_newsletter_access":"","_jetpack_dont_email_post_to_subs":false,"_jetpack_newsletter_tier_id":0,"_jetpack_memberships_contains_paywalled_content":false,"_jetpack_memberships_contains_paid_content":false,"footnotes":"","jetpack_publicize_message":"","jetpack_publicize_feature_enabled":true,"jetpack_social_post_already_shared":false,"jetpack_social_options":{"image_generator_settings":{"template":"highway","default_image_id":0,"font":"","enabled":false},"version":2}},"categories":[3],"tags":[],"class_list":["post-2263","post","type-post","status-publish","format-standard","has-post-thumbnail","hentry","category-escalada"],"jetpack_publicize_connections":[],"jetpack_featured_media_url":"https:\/\/yuri.com.br\/claudio\/wp-content\/uploads\/2010\/06\/caio.jpg","jetpack_shortlink":"https:\/\/wp.me\/p4i7cB-Av","jetpack_sharing_enabled":true,"jetpack-related-posts":[{"id":1473,"url":"https:\/\/yuri.com.br\/claudio\/2010\/02\/08\/easy-like-sunday-morning\/","url_meta":{"origin":2263,"position":0},"title":"Easy like sunday morning","author":"claudio","date":"8\/fev\/2010","format":false,"excerpt":"Desde o \u00ednicio do ano, ando um pouco ocupado nos finais de semana, viajando para tratar de uns assuntos pessoais... mas neste \u00faltimo domingo, criei vergonha na cara e acordei cedo pra encarar uma escaladinha sob um calor mais ameno. A primeira motiva\u00e7\u00e3o era o boulder Macumba, meu eterno projeto\u2026","rel":"","context":"Em &quot;'Baixa' Gastronomia&quot;","block_context":{"text":"'Baixa' Gastronomia","link":"https:\/\/yuri.com.br\/claudio\/category\/baixa-gastronomia\/"},"img":{"alt_text":"","src":"https:\/\/i0.wp.com\/yuri.com.br\/claudio\/wp-content\/uploads\/2010\/02\/urca_berlota_sequence_small.jpg?resize=350%2C200&ssl=1","width":350,"height":200,"srcset":"https:\/\/i0.wp.com\/yuri.com.br\/claudio\/wp-content\/uploads\/2010\/02\/urca_berlota_sequence_small.jpg?resize=350%2C200&ssl=1 1x, https:\/\/i0.wp.com\/yuri.com.br\/claudio\/wp-content\/uploads\/2010\/02\/urca_berlota_sequence_small.jpg?resize=525%2C300&ssl=1 1.5x, https:\/\/i0.wp.com\/yuri.com.br\/claudio\/wp-content\/uploads\/2010\/02\/urca_berlota_sequence_small.jpg?resize=700%2C400&ssl=1 2x"},"classes":[]},{"id":110,"url":"https:\/\/yuri.com.br\/claudio\/2009\/01\/30\/lesimetro-log-book\/","url_meta":{"origin":2263,"position":1},"title":"&#8220;Les\u00edmetro&#8221; log-book","author":"claudio","date":"30\/jan\/2009","format":false,"excerpt":"Como um escalador mortal e apreciador da modalidade esportiva desde 2000, pude vivenciar incont\u00e1veis les\u00f5es: ombro, joelho, abd\u00f4men, costas, cotovelo, pulso, assim como todos os dedos das duas m\u00e3os (exceto ded\u00e3o e indicador). Apesar de tanta \"dor\" assim soar irrespons\u00e1vel, lembremos que a escalada \u00e9 uma atividade\u00a0altamente lesiva,\u00a0atingindo desde iniciantes\u2026","rel":"","context":"Em &quot;Escalada&quot;","block_context":{"text":"Escalada","link":"https:\/\/yuri.com.br\/claudio\/category\/escalada\/"},"img":{"alt_text":"","src":"https:\/\/i0.wp.com\/yuri.com.br\/claudio\/wp-content\/uploads\/2008\/08\/wordpress_handmaster.jpg?resize=350%2C200&ssl=1","width":350,"height":200},"classes":[]},{"id":717,"url":"https:\/\/yuri.com.br\/claudio\/2009\/08\/17\/lesimetro-update\/","url_meta":{"origin":2263,"position":2},"title":"&#8220;Les\u00edmetro&#8221; (update)","author":"claudio","date":"17\/ago\/2009","format":false,"excerpt":"Registro dos \"preju\u00edzos\" destes \u00faltimos meses de escalada. \u00daltima vez que postei isso, atraiu in\u00fameras visitas oriundas do google... As les\u00f5es nos dedos (polias) continuam aparecendo neste \"hist\u00f3rico\", e infelizmente est\u00e1 chegando aquela hora de dar tr\u00e9gua de pelo menos 1 m\u00eas pra elas. A parte muscular (sobretudo ombros e\u2026","rel":"","context":"Em &quot;Escalada&quot;","block_context":{"text":"Escalada","link":"https:\/\/yuri.com.br\/claudio\/category\/escalada\/"},"img":{"alt_text":"","src":"","width":0,"height":0},"classes":[]},{"id":1236,"url":"https:\/\/yuri.com.br\/claudio\/2009\/12\/21\/o-retorno-das-fotos-comentadas\/","url_meta":{"origin":2263,"position":3},"title":"O retorno das fotos comentadas","author":"claudio","date":"21\/dez\/2009","format":false,"excerpt":"N\u00e3o, ainda n\u00e3o desisti desta id\u00e9ia! Como houve algum retorno positivo, volto a compartilhar minhas experi\u00eancias fotogr\u00e1ficas. \u00c9 tudo uma quest\u00e3o de tempo para que eu possa escrever essas coisas... As duas imagens acima mostram o mesmo local (o cl\u00e1ssico bloco do Rala Peito na Urca, RJ), em circunst\u00e2ncias similares\u2026","rel":"","context":"Em &quot;Escalada&quot;","block_context":{"text":"Escalada","link":"https:\/\/yuri.com.br\/claudio\/category\/escalada\/"},"img":{"alt_text":"","src":"https:\/\/i0.wp.com\/farm3.static.flickr.com\/2577\/4088067628_1d7d7f2f57.jpg?resize=350%2C200","width":350,"height":200},"classes":[]},{"id":4459,"url":"https:\/\/yuri.com.br\/claudio\/2012\/12\/17\/focaccia\/","url_meta":{"origin":2263,"position":4},"title":"Focaccia","author":"claudio","date":"17\/dez\/2012","format":false,"excerpt":"Na semana passada, sobrou fermento\/levain e aproveitei para fazer uma focaccia. Pena que foto n\u00e3o tem cheiro... Como a aprova\u00e7\u00e3o da esposa foi superlativa, deixo a sugest\u00e3o para vc que est\u00e1 naquele ador\u00e1vel ritmo de fim de ano e sem id\u00e9ias para fazer nesses dias de chuva. A grosso modo\u2026","rel":"","context":"Em &quot;'Baixa' Gastronomia&quot;","block_context":{"text":"'Baixa' Gastronomia","link":"https:\/\/yuri.com.br\/claudio\/category\/baixa-gastronomia\/"},"img":{"alt_text":"","src":"https:\/\/i0.wp.com\/yuri.com.br\/claudio\/wp-content\/uploads\/2012\/12\/focaccia.jpg?resize=350%2C200&ssl=1","width":350,"height":200,"srcset":"https:\/\/i0.wp.com\/yuri.com.br\/claudio\/wp-content\/uploads\/2012\/12\/focaccia.jpg?resize=350%2C200&ssl=1 1x, https:\/\/i0.wp.com\/yuri.com.br\/claudio\/wp-content\/uploads\/2012\/12\/focaccia.jpg?resize=525%2C300&ssl=1 1.5x, https:\/\/i0.wp.com\/yuri.com.br\/claudio\/wp-content\/uploads\/2012\/12\/focaccia.jpg?resize=700%2C400&ssl=1 2x"},"classes":[]},{"id":6004,"url":"https:\/\/yuri.com.br\/claudio\/2013\/10\/27\/foca-no-rubinho\/","url_meta":{"origin":2263,"position":5},"title":"Foca no Rubinho","author":"claudio","date":"27\/out\/2013","format":false,"excerpt":"Eis que uma janela de tempo bom excepcional agraciou mais uma visitinha dos brothers da saudosa Rio de Janeiro... Fica ent\u00e3o um souvenir com o Miguel \"Esteban\" provando o final do Medusa V12. Detalhe da seg cl\u00e1ssica de 1 m\u00e3o! E abaixo, Dr. Dani d\u00e1 um pega no Arqueiro Zen\u2026","rel":"","context":"Em &quot;Escalada&quot;","block_context":{"text":"Escalada","link":"https:\/\/yuri.com.br\/claudio\/category\/escalada\/"},"img":{"alt_text":"","src":"https:\/\/i0.wp.com\/yuri.com.br\/claudio\/wp-content\/uploads\/2013\/10\/rubinho_medusa_miguel.jpg?resize=350%2C200&ssl=1","width":350,"height":200,"srcset":"https:\/\/i0.wp.com\/yuri.com.br\/claudio\/wp-content\/uploads\/2013\/10\/rubinho_medusa_miguel.jpg?resize=350%2C200&ssl=1 1x, https:\/\/i0.wp.com\/yuri.com.br\/claudio\/wp-content\/uploads\/2013\/10\/rubinho_medusa_miguel.jpg?resize=525%2C300&ssl=1 1.5x, https:\/\/i0.wp.com\/yuri.com.br\/claudio\/wp-content\/uploads\/2013\/10\/rubinho_medusa_miguel.jpg?resize=700%2C400&ssl=1 2x, https:\/\/i0.wp.com\/yuri.com.br\/claudio\/wp-content\/uploads\/2013\/10\/rubinho_medusa_miguel.jpg?resize=1050%2C600&ssl=1 3x"},"classes":[]}],"_links":{"self":[{"href":"https:\/\/yuri.com.br\/claudio\/wp-json\/wp\/v2\/posts\/2263","targetHints":{"allow":["GET"]}}],"collection":[{"href":"https:\/\/yuri.com.br\/claudio\/wp-json\/wp\/v2\/posts"}],"about":[{"href":"https:\/\/yuri.com.br\/claudio\/wp-json\/wp\/v2\/types\/post"}],"author":[{"embeddable":true,"href":"https:\/\/yuri.com.br\/claudio\/wp-json\/wp\/v2\/users\/2"}],"replies":[{"embeddable":true,"href":"https:\/\/yuri.com.br\/claudio\/wp-json\/wp\/v2\/comments?post=2263"}],"version-history":[{"count":0,"href":"https:\/\/yuri.com.br\/claudio\/wp-json\/wp\/v2\/posts\/2263\/revisions"}],"wp:featuredmedia":[{"embeddable":true,"href":"https:\/\/yuri.com.br\/claudio\/wp-json\/wp\/v2\/media\/2265"}],"wp:attachment":[{"href":"https:\/\/yuri.com.br\/claudio\/wp-json\/wp\/v2\/media?parent=2263"}],"wp:term":[{"taxonomy":"category","embeddable":true,"href":"https:\/\/yuri.com.br\/claudio\/wp-json\/wp\/v2\/categories?post=2263"},{"taxonomy":"post_tag","embeddable":true,"href":"https:\/\/yuri.com.br\/claudio\/wp-json\/wp\/v2\/tags?post=2263"}],"curies":[{"name":"wp","href":"https:\/\/api.w.org\/{rel}","templated":true}]}}