{"id":2231,"date":"2010-06-13T20:56:36","date_gmt":"2010-06-13T20:56:36","guid":{"rendered":"http:\/\/claudiobr.wordpress.com\/?p=2231"},"modified":"2010-06-13T20:56:36","modified_gmt":"2010-06-13T20:56:36","slug":"gopro-hd-hero","status":"publish","type":"post","link":"https:\/\/yuri.com.br\/claudio\/2010\/06\/13\/gopro-hd-hero\/","title":{"rendered":"GoPro HD HERO"},"content":{"rendered":"<p>Mais uma &#8220;c\u00e2mera-sonho-de-consumo&#8221;, esta \u00e9 esportiva pra POV (<em>point of view<\/em>\/primeira pessoa). Por exemplo:<\/p>\n<p style=\"text-align:center;\"><div class=\"nv-iframe-embed\"><div class=\"embed-vimeo\" style=\"text-align: center;\"><iframe loading=\"lazy\" src=\"https:\/\/player.vimeo.com\/video\/6829621\" width=\"700\" height=\"394\" frameborder=\"0\" webkitallowfullscreen mozallowfullscreen allowfullscreen><\/iframe><\/div><\/div>\n","protected":false},"excerpt":{"rendered":"<p>Mais uma &#8220;c\u00e2mera-sonho-de-consumo&#8221;, esta \u00e9 esportiva pra POV (point of view\/primeira pessoa). Por exemplo:<\/p>\n","protected":false},"author":2,"featured_media":0,"comment_status":"open","ping_status":"open","sticky":false,"template":"","format":"standard","meta":{"neve_meta_sidebar":"","neve_meta_container":"","neve_meta_enable_content_width":"","neve_meta_content_width":0,"neve_meta_title_alignment":"","neve_meta_author_avatar":"","neve_post_elements_order":"","neve_meta_disable_header":"","neve_meta_disable_footer":"","neve_meta_disable_title":"","jetpack_post_was_ever_published":false,"_jetpack_newsletter_access":"","_jetpack_dont_email_post_to_subs":false,"_jetpack_newsletter_tier_id":0,"_jetpack_memberships_contains_paywalled_content":false,"_jetpack_memberships_contains_paid_content":false,"footnotes":"","jetpack_publicize_message":"","jetpack_publicize_feature_enabled":true,"jetpack_social_post_already_shared":false,"jetpack_social_options":{"image_generator_settings":{"template":"highway","default_image_id":0,"font":"","enabled":false},"version":2}},"categories":[5],"tags":[],"class_list":["post-2231","post","type-post","status-publish","format-standard","hentry","category-outros"],"jetpack_publicize_connections":[],"jetpack_featured_media_url":"","jetpack_shortlink":"https:\/\/wp.me\/p4i7cB-zZ","jetpack_sharing_enabled":true,"jetpack-related-posts":[{"id":831,"url":"https:\/\/yuri.com.br\/claudio\/2009\/07\/07\/red-one\/","url_meta":{"origin":2231,"position":0},"title":"RED ONE\u2122","author":"claudio","date":"7\/jul\/2009","format":false,"excerpt":"Comercial de cal\u00e7ados esportivos. Em HD (High Definition). Montanha russa pra esse cara deve dar sono... ps: O escalador \"film-maker\" Chuck Fryberger tem a mesma c\u00e2mera que filmou isto... equipo de uns 17 mil doletas?","rel":"","context":"Em &quot;Escalada&quot;","block_context":{"text":"Escalada","link":"https:\/\/yuri.com.br\/claudio\/category\/escalada\/"},"img":{"alt_text":"","src":"https:\/\/i0.wp.com\/img.youtube.com\/vi\/HQ7R_buZPSo\/0.jpg?resize=350%2C200","width":350,"height":200},"classes":[]},{"id":272,"url":"https:\/\/yuri.com.br\/claudio\/2008\/11\/05\/city-beer-store-sf\/","url_meta":{"origin":2231,"position":1},"title":"City Beer Store, SF","author":"claudio","date":"5\/nov\/2008","format":false,"excerpt":"Propaganda\/dica de S\u00e3o Francisco pro povo da cerveja. Experimentei alguns bares por l\u00e1, inclusive o dito buteco-trapista La Trappe, que tem ambiente t\u00e9matico (me lembrou mais uma taberna, legal pra ir a dois), oferece um rango bacana e boas op\u00e7\u00f5es 'on tap' al\u00e9m de v\u00e1rias cervejas belgas de garrafa. O\u2026","rel":"","context":"Em &quot;'Baixa' Gastronomia&quot;","block_context":{"text":"'Baixa' Gastronomia","link":"https:\/\/yuri.com.br\/claudio\/category\/baixa-gastronomia\/"},"img":{"alt_text":"","src":"https:\/\/i0.wp.com\/yuri.com.br\/claudio\/wp-content\/uploads\/2008\/11\/citybeerstore_sf.jpg?resize=350%2C200&ssl=1","width":350,"height":200,"srcset":"https:\/\/i0.wp.com\/yuri.com.br\/claudio\/wp-content\/uploads\/2008\/11\/citybeerstore_sf.jpg?resize=350%2C200&ssl=1 1x, https:\/\/i0.wp.com\/yuri.com.br\/claudio\/wp-content\/uploads\/2008\/11\/citybeerstore_sf.jpg?resize=525%2C300&ssl=1 1.5x, https:\/\/i0.wp.com\/yuri.com.br\/claudio\/wp-content\/uploads\/2008\/11\/citybeerstore_sf.jpg?resize=700%2C400&ssl=1 2x"},"classes":[]},{"id":3203,"url":"https:\/\/yuri.com.br\/claudio\/2011\/11\/10\/video-o-criador\/","url_meta":{"origin":2231,"position":2},"title":"V\u00eddeo: O Criador","author":"claudio","date":"10\/nov\/2011","format":false,"excerpt":"Segue mais um experimento recente. Videozinho do boulder \"O Criador\", considerado um V12 \"caro\",\u00a0 linha que foi limpa pelo Bel\u00ea e escalada primeiramente pelo Felipinho e depois pelo pr\u00f3prio Criador... e ningu\u00e9m mais. \u00a0 Filmar ali foi um teste dif\u00edcil pra c\u00e2mera, devido \u00e0 enorme escurid\u00e3o do lugar (d\u00e1 pra\u2026","rel":"","context":"Em &quot;Escalada&quot;","block_context":{"text":"Escalada","link":"https:\/\/yuri.com.br\/claudio\/category\/escalada\/"},"img":{"alt_text":"","src":"","width":0,"height":0},"classes":[]},{"id":4071,"url":"https:\/\/yuri.com.br\/claudio\/2012\/09\/19\/ubt-session\/","url_meta":{"origin":2231,"position":3},"title":"UBT session","author":"claudio","date":"19\/set\/2012","format":false,"excerpt":"Depois de muito tempo sem viajar para escalar, por fim uma rock-trip! Apesar do calorz\u00e3o que anda fazendo esses dias, \u00e9 sempre bom estar nesse point t\u00e3o desenvolvido e com uma incr\u00edvel concentra\u00e7\u00e3o de op\u00e7\u00f5es por metro quadrado. Tamb\u00e9m foi bom poder me testar e perceber que S\u00e3o Bento tem\u2026","rel":"","context":"Em &quot;Escalada&quot;","block_context":{"text":"Escalada","link":"https:\/\/yuri.com.br\/claudio\/category\/escalada\/"},"img":{"alt_text":"","src":"https:\/\/i0.wp.com\/yuri.com.br\/claudio\/wp-content\/uploads\/2012\/09\/ubt_paisagem2012set.jpg?resize=350%2C200&ssl=1","width":350,"height":200},"classes":[]},{"id":3763,"url":"https:\/\/yuri.com.br\/claudio\/2012\/06\/25\/regras-pra-que-te-quero\/","url_meta":{"origin":2231,"position":4},"title":"Regras pra que te quero","author":"claudio","date":"25\/jun\/2012","format":false,"excerpt":"Mais uma semana, e dessa vez propago aqui 2 v\u00eddeos diferentes que vi recentemente. O primeiro, mais popular, do Dai Koyamada fazendo o Story of Two Worlds, ou melhor, repetindo ele ap\u00f3s descobrir que tinha feito o in\u00edcio a partir de uma agarra de m\u00e3o direita diferente, por quest\u00e3o de\u2026","rel":"","context":"Em &quot;Escalada&quot;","block_context":{"text":"Escalada","link":"https:\/\/yuri.com.br\/claudio\/category\/escalada\/"},"img":{"alt_text":"","src":"","width":0,"height":0},"classes":[]},{"id":1539,"url":"https:\/\/yuri.com.br\/claudio\/2010\/02\/15\/living-the-dream\/","url_meta":{"origin":2231,"position":5},"title":"Living the Dream","author":"claudio","date":"15\/fev\/2010","format":false,"excerpt":"Um v\u00eddeo bacana para se ver ap\u00f3s um feriado prolongado. Produzido pelo Renan Ortzurk para um premiado festival de v\u00eddeos (de 140 segs.) da Nikon. Ficou inspirador, bem feito e equipado, com grua, POV (primeira pessoa), etc. Live your dream everyday (not only in holidays - adendo by Claudio :-)","rel":"","context":"Em &quot;Escalada&quot;","block_context":{"text":"Escalada","link":"https:\/\/yuri.com.br\/claudio\/category\/escalada\/"},"img":{"alt_text":"","src":"","width":0,"height":0},"classes":[]}],"_links":{"self":[{"href":"https:\/\/yuri.com.br\/claudio\/wp-json\/wp\/v2\/posts\/2231","targetHints":{"allow":["GET"]}}],"collection":[{"href":"https:\/\/yuri.com.br\/claudio\/wp-json\/wp\/v2\/posts"}],"about":[{"href":"https:\/\/yuri.com.br\/claudio\/wp-json\/wp\/v2\/types\/post"}],"author":[{"embeddable":true,"href":"https:\/\/yuri.com.br\/claudio\/wp-json\/wp\/v2\/users\/2"}],"replies":[{"embeddable":true,"href":"https:\/\/yuri.com.br\/claudio\/wp-json\/wp\/v2\/comments?post=2231"}],"version-history":[{"count":0,"href":"https:\/\/yuri.com.br\/claudio\/wp-json\/wp\/v2\/posts\/2231\/revisions"}],"wp:attachment":[{"href":"https:\/\/yuri.com.br\/claudio\/wp-json\/wp\/v2\/media?parent=2231"}],"wp:term":[{"taxonomy":"category","embeddable":true,"href":"https:\/\/yuri.com.br\/claudio\/wp-json\/wp\/v2\/categories?post=2231"},{"taxonomy":"post_tag","embeddable":true,"href":"https:\/\/yuri.com.br\/claudio\/wp-json\/wp\/v2\/tags?post=2231"}],"curies":[{"name":"wp","href":"https:\/\/api.w.org\/{rel}","templated":true}]}}