{"id":2226,"date":"2010-07-23T14:24:02","date_gmt":"2010-07-23T14:24:02","guid":{"rendered":"http:\/\/claudiobr.wordpress.com\/?p=2226"},"modified":"2010-07-23T14:24:02","modified_gmt":"2010-07-23T14:24:02","slug":"suicidal-tendencies","status":"publish","type":"post","link":"https:\/\/yuri.com.br\/claudio\/2010\/07\/23\/suicidal-tendencies\/","title":{"rendered":"Suicidal Tendencies"},"content":{"rendered":"<p>Estas not\u00edcias se espalharam faz um tempo j\u00e1, mas n\u00e3o custa &#8220;re<span style=\"text-decoration:line-through;\">twittar<\/span>blogar&#8221;:<\/p>\n<div class=\"nv-iframe-embed\"><span class=\"embed-youtube\" style=\"text-align:center; display: block;\"><iframe loading=\"lazy\" class=\"youtube-player\" width=\"600\" height=\"338\" src=\"https:\/\/www.youtube.com\/embed\/s8Y8HWlJQiE?version=3&#038;rel=1&#038;showsearch=0&#038;showinfo=1&#038;iv_load_policy=1&#038;fs=1&#038;hl=pt-BR&#038;autohide=2&#038;wmode=transparent\" allowfullscreen=\"true\" style=\"border:0;\" sandbox=\"allow-scripts allow-same-origin allow-popups allow-presentation allow-popups-to-escape-sandbox\"><\/iframe><\/span><\/div>\n<p>Na chinesa Foxconn &#8211; prov\u00e1vel fabricante de algum componente que est\u00e1 dentro de seu computador agora, fabricante dos gadjets da Apple, etc -a frequ\u00eancia de suic\u00eddios de jovens empregados vem chamando a aten\u00e7\u00e3o&#8230; tanto que a molecada foi obrigada a assinar uma <a href=\"http:\/\/www.dailytech.com\/Foxconn+Makes+Employees+Promise+Not+to+Kill+Themselves\/article18526.htm\" target=\"_blank\">carta<\/a> prometendo n\u00e3o se matar. Mesmo considerando o grande n\u00famero de 900 mil empregados e o sal\u00e1rio de 130 d\u00f3lares (considerado acima da m\u00e9dia chinesa), cerca de 1 funcion\u00e1rio por m\u00eas se jogar do alto da f\u00e1brica, n\u00e3o pode ser normal. A\u00ed eu vi um monte de ocidentais indignados, levantando a bandeira de boicote aos iPhones, mas essa forma de protesto \u00e9 paliativa, ineficaz. \u00c9 preciso &#8220;boicotar&#8221; todo um modo de pensamento, um modo de viver. N\u00e3o consumir essas tralhas \u00e9 mera consequ\u00eancia da elimina\u00e7\u00e3o desta <a href=\"http:\/\/www.flickr.com\/photos\/vejotudoenaomorro\/3639245000\/\" target=\"_blank\">causa raiz<\/a>. O &#8220;cartunista&#8221; abaixo nos explica porque esse <a href=\"http:\/\/en.wikipedia.org\/wiki\/Offshoring\" target=\"_blank\">offshoring<\/a> n\u00e3o vai acabar:<\/p>\n<p>&nbsp;<\/p>\n<div class=\"nv-iframe-embed\"><span class=\"embed-youtube\" style=\"text-align:center; display: block;\"><iframe loading=\"lazy\" class=\"youtube-player\" width=\"702\" height=\"420\" src=\"https:\/\/www.youtube.com\/embed\/qOP2V_np2c0?version=3&#038;rel=1&#038;showsearch=0&#038;showinfo=1&#038;iv_load_policy=1&#038;fs=1&#038;hl=pt-BR&#038;autohide=2&#038;wmode=transparent\" allowfullscreen=\"true\" style=\"border:0;\" sandbox=\"allow-scripts allow-same-origin allow-popups allow-presentation allow-popups-to-escape-sandbox\"><\/iframe><\/span><\/div>\n","protected":false},"excerpt":{"rendered":"<p>Estas not\u00edcias se espalharam faz um tempo j\u00e1, mas n\u00e3o custa &#8220;retwittarblogar&#8221;: Na chinesa Foxconn &#8211; prov\u00e1vel fabricante de algum componente que est\u00e1 dentro de seu computador agora, fabricante dos gadjets da Apple, etc -a frequ\u00eancia de suic\u00eddios de jovens empregados vem chamando a aten\u00e7\u00e3o&#8230; tanto que a molecada foi obrigada a assinar uma carta&hellip;&nbsp;<a href=\"https:\/\/yuri.com.br\/claudio\/2010\/07\/23\/suicidal-tendencies\/\" rel=\"bookmark\">Continue a ler &raquo;<span class=\"screen-reader-text\">Suicidal Tendencies<\/span><\/a><\/p>\n","protected":false},"author":2,"featured_media":0,"comment_status":"open","ping_status":"open","sticky":false,"template":"","format":"standard","meta":{"neve_meta_sidebar":"","neve_meta_container":"","neve_meta_enable_content_width":"","neve_meta_content_width":0,"neve_meta_title_alignment":"","neve_meta_author_avatar":"","neve_post_elements_order":"","neve_meta_disable_header":"","neve_meta_disable_footer":"","neve_meta_disable_title":"","jetpack_post_was_ever_published":false,"_jetpack_newsletter_access":"","_jetpack_dont_email_post_to_subs":false,"_jetpack_newsletter_tier_id":0,"_jetpack_memberships_contains_paywalled_content":false,"_jetpack_memberships_contains_paid_content":false,"footnotes":"","jetpack_publicize_message":"","jetpack_publicize_feature_enabled":true,"jetpack_social_post_already_shared":false,"jetpack_social_options":{"image_generator_settings":{"template":"highway","default_image_id":0,"font":"","enabled":false},"version":2}},"categories":[5],"tags":[],"class_list":["post-2226","post","type-post","status-publish","format-standard","hentry","category-outros"],"jetpack_publicize_connections":[],"jetpack_featured_media_url":"","jetpack_shortlink":"https:\/\/wp.me\/p4i7cB-zU","jetpack_sharing_enabled":true,"jetpack-related-posts":[{"id":3411,"url":"https:\/\/yuri.com.br\/claudio\/2012\/02\/12\/new-pads-in-tha-house\/","url_meta":{"origin":2226,"position":0},"title":"New pads in tha house","author":"claudio","date":"12\/fev\/2012","format":false,"excerpt":"N\u00e3o \u00e9 porque o fabricante mora aqui perto e escala mto, mas hoje sou um feliz detentor de um belepad! E quem est\u00e1 falando isso \u00e9 tbem dono de um BD Mondo, eu tenho uma certa no\u00e7\u00e3o pra dizer que os crashs do Bel\u00ea s\u00e3o de n\u00edvel mundial: costuras bem\u2026","rel":"","context":"Em &quot;Escalada&quot;","block_context":{"text":"Escalada","link":"https:\/\/yuri.com.br\/claudio\/category\/escalada\/"},"img":{"alt_text":"","src":"https:\/\/i0.wp.com\/yuri.com.br\/claudio\/wp-content\/uploads\/2012\/02\/belepad_fivela.jpg?resize=350%2C200","width":350,"height":200,"srcset":"https:\/\/i0.wp.com\/yuri.com.br\/claudio\/wp-content\/uploads\/2012\/02\/belepad_fivela.jpg?resize=350%2C200 1x, https:\/\/i0.wp.com\/yuri.com.br\/claudio\/wp-content\/uploads\/2012\/02\/belepad_fivela.jpg?resize=525%2C300 1.5x, https:\/\/i0.wp.com\/yuri.com.br\/claudio\/wp-content\/uploads\/2012\/02\/belepad_fivela.jpg?resize=700%2C400 2x"},"classes":[]},{"id":7268,"url":"https:\/\/yuri.com.br\/claudio\/2014\/02\/11\/serranos\/","url_meta":{"origin":2226,"position":1},"title":"Serranos","author":"Cl\u00e1udio Brisighello","date":"11\/fev\/2014","format":false,"excerpt":"Bel\u00ea no Largad\u00e3o, V8 do in\u00edcio da d\u00e9cada passada Como not\u00edcia ruim espalha r\u00e1pido, deixo apenas um refor\u00e7o aqui: favor n\u00e3o visitar o setor Serranos, pois o acesso foi proibido. Seja pelo falecimento do antigo propriet\u00e1rio aliado a comportamentos indesejados ou etc., \u00e9 uma oportunidade de reflex\u00e3o para, assim espero,\u2026","rel":"","context":"Em &quot;Escalada&quot;","block_context":{"text":"Escalada","link":"https:\/\/yuri.com.br\/claudio\/category\/escalada\/"},"img":{"alt_text":"","src":"https:\/\/i0.wp.com\/yuri.com.br\/claudio\/wp-content\/uploads\/2014\/02\/Serranos_Largadao_Bele.jpg?resize=350%2C200&ssl=1","width":350,"height":200,"srcset":"https:\/\/i0.wp.com\/yuri.com.br\/claudio\/wp-content\/uploads\/2014\/02\/Serranos_Largadao_Bele.jpg?resize=350%2C200&ssl=1 1x, https:\/\/i0.wp.com\/yuri.com.br\/claudio\/wp-content\/uploads\/2014\/02\/Serranos_Largadao_Bele.jpg?resize=525%2C300&ssl=1 1.5x, https:\/\/i0.wp.com\/yuri.com.br\/claudio\/wp-content\/uploads\/2014\/02\/Serranos_Largadao_Bele.jpg?resize=700%2C400&ssl=1 2x"},"classes":[]},{"id":4929,"url":"https:\/\/yuri.com.br\/claudio\/2013\/05\/05\/macaron\/","url_meta":{"origin":2226,"position":2},"title":"Macaron","author":"claudio","date":"5\/maio\/2013","format":false,"excerpt":"Em tempos de BoicotaSP provocando debates e reflex\u00f5es na sociedade de consumo, \u00e9 um bom momento para refor\u00e7ar a satisfa\u00e7\u00e3o do \"fa\u00e7a vc mesmo\"! Esse aqui eu n\u00e3o tinha como n\u00e3o mostrar: macarons caseiros, by Yuri! Uma unidade desses docinhos franceses, que vc come em praticamente uma bocada (te levando\u2026","rel":"","context":"Em &quot;'Baixa' Gastronomia&quot;","block_context":{"text":"'Baixa' Gastronomia","link":"https:\/\/yuri.com.br\/claudio\/category\/baixa-gastronomia\/"},"img":{"alt_text":"","src":"https:\/\/i0.wp.com\/yuri.com.br\/claudio\/wp-content\/uploads\/2013\/05\/macaron1.jpg?resize=350%2C200&ssl=1","width":350,"height":200,"srcset":"https:\/\/i0.wp.com\/yuri.com.br\/claudio\/wp-content\/uploads\/2013\/05\/macaron1.jpg?resize=350%2C200&ssl=1 1x, https:\/\/i0.wp.com\/yuri.com.br\/claudio\/wp-content\/uploads\/2013\/05\/macaron1.jpg?resize=525%2C300&ssl=1 1.5x, https:\/\/i0.wp.com\/yuri.com.br\/claudio\/wp-content\/uploads\/2013\/05\/macaron1.jpg?resize=700%2C400&ssl=1 2x"},"classes":[]},{"id":5609,"url":"https:\/\/yuri.com.br\/claudio\/2013\/08\/20\/medusa\/","url_meta":{"origin":2226,"position":3},"title":"Medusa&#8230;","author":"claudio","date":"20\/ago\/2013","format":false,"excerpt":"J\u00e1 que desta vez me propus a relatar o processo, aqui v\u00e3o uns frames da pancadaria: Babaleia, eu e Bel\u00ea quase chegando no final desse \"corredor polon\u00eas\". S\u00e3o 3 contra 1, agora sim a porteira est\u00e1 amea\u00e7ando abrir! Sem d\u00favidas trabalhar projetos em conjunto \u00e9 bem mais produtivo, ainda mais\u2026","rel":"","context":"Em &quot;Escalada&quot;","block_context":{"text":"Escalada","link":"https:\/\/yuri.com.br\/claudio\/category\/escalada\/"},"img":{"alt_text":"","src":"https:\/\/i0.wp.com\/yuri.com.br\/claudio\/wp-content\/uploads\/2013\/08\/medusa_crux.jpg?resize=350%2C200&ssl=1","width":350,"height":200,"srcset":"https:\/\/i0.wp.com\/yuri.com.br\/claudio\/wp-content\/uploads\/2013\/08\/medusa_crux.jpg?resize=350%2C200&ssl=1 1x, https:\/\/i0.wp.com\/yuri.com.br\/claudio\/wp-content\/uploads\/2013\/08\/medusa_crux.jpg?resize=525%2C300&ssl=1 1.5x, https:\/\/i0.wp.com\/yuri.com.br\/claudio\/wp-content\/uploads\/2013\/08\/medusa_crux.jpg?resize=700%2C400&ssl=1 2x"},"classes":[]},{"id":1212,"url":"https:\/\/yuri.com.br\/claudio\/2009\/11\/29\/mixtape-27\/","url_meta":{"origin":2226,"position":4},"title":"mixtape #27","author":"claudio","date":"29\/nov\/2009","format":false,"excerpt":"mixtape #27 Intro - Tom Z\u00e9 The Coasters - Down In Mexico (Tarantino's Death Proof OST) Greyboy - Double Barrel Ft. Main Flow The J.B. Horns - You Can Have Watergate Just Gimme Some Bucks and I'll Be Straight B.K. One - Blue Balls Ft. Blueprint Uni\u00e3o Black - Black\u2026","rel":"","context":"Em &quot;M\u00fasica&quot;","block_context":{"text":"M\u00fasica","link":"https:\/\/yuri.com.br\/claudio\/category\/musica\/"},"img":{"alt_text":"","src":"https:\/\/i0.wp.com\/farm3.static.flickr.com\/2267\/1734064025_bbcaef9f64_o.jpg?resize=350%2C200","width":350,"height":200,"srcset":"https:\/\/i0.wp.com\/farm3.static.flickr.com\/2267\/1734064025_bbcaef9f64_o.jpg?resize=350%2C200 1x, https:\/\/i0.wp.com\/farm3.static.flickr.com\/2267\/1734064025_bbcaef9f64_o.jpg?resize=525%2C300 1.5x"},"classes":[]},{"id":331,"url":"https:\/\/yuri.com.br\/claudio\/2008\/12\/19\/calendario-2009\/","url_meta":{"origin":2226,"position":5},"title":"Calend\u00e1rio 2009","author":"claudio","date":"19\/dez\/2008","format":false,"excerpt":"\u00a0Finalmente saiu o Calend\u00e1rio 2009, uma lembrancinha, um souvenir, uma vontade de compartilhar minhas imagens. E s\u00f3 estou vendendo porque custa uma grana pra imprimir, sen\u00e3o doaria aos amantes das montanhas. Pra n\u00e3o salgar o pre\u00e7o, foi criado na vers\u00e3o de mesa. Seu escrit\u00f3rio pode ganhar um belo upgrade agora\u2026","rel":"","context":"Em &quot;Escalada&quot;","block_context":{"text":"Escalada","link":"https:\/\/yuri.com.br\/claudio\/category\/escalada\/"},"img":{"alt_text":"Calend\u00e1rio 2009","src":"https:\/\/i0.wp.com\/yuri.com.br\/claudio\/wp-content\/uploads\/2008\/11\/promo.jpg?resize=350%2C200","width":350,"height":200},"classes":[]}],"_links":{"self":[{"href":"https:\/\/yuri.com.br\/claudio\/wp-json\/wp\/v2\/posts\/2226","targetHints":{"allow":["GET"]}}],"collection":[{"href":"https:\/\/yuri.com.br\/claudio\/wp-json\/wp\/v2\/posts"}],"about":[{"href":"https:\/\/yuri.com.br\/claudio\/wp-json\/wp\/v2\/types\/post"}],"author":[{"embeddable":true,"href":"https:\/\/yuri.com.br\/claudio\/wp-json\/wp\/v2\/users\/2"}],"replies":[{"embeddable":true,"href":"https:\/\/yuri.com.br\/claudio\/wp-json\/wp\/v2\/comments?post=2226"}],"version-history":[{"count":0,"href":"https:\/\/yuri.com.br\/claudio\/wp-json\/wp\/v2\/posts\/2226\/revisions"}],"wp:attachment":[{"href":"https:\/\/yuri.com.br\/claudio\/wp-json\/wp\/v2\/media?parent=2226"}],"wp:term":[{"taxonomy":"category","embeddable":true,"href":"https:\/\/yuri.com.br\/claudio\/wp-json\/wp\/v2\/categories?post=2226"},{"taxonomy":"post_tag","embeddable":true,"href":"https:\/\/yuri.com.br\/claudio\/wp-json\/wp\/v2\/tags?post=2226"}],"curies":[{"name":"wp","href":"https:\/\/api.w.org\/{rel}","templated":true}]}}