{"id":222,"date":"2008-09-15T14:43:45","date_gmt":"2008-09-15T14:43:45","guid":{"rendered":"http:\/\/claudiobr.wordpress.com\/?p=222"},"modified":"2008-09-15T14:43:45","modified_gmt":"2008-09-15T14:43:45","slug":"campeonato-carioca-etapa-nova-friburgo-resultado-extra-oficial","status":"publish","type":"post","link":"https:\/\/yuri.com.br\/claudio\/2008\/09\/15\/campeonato-carioca-etapa-nova-friburgo-resultado-extra-oficial\/","title":{"rendered":"Campeonato Carioca &#8211; etapa Nova Friburgo (resultado extra oficial)"},"content":{"rendered":"<p style=\"text-align:center;\"><a href=\"http:\/\/4.bp.blogspot.com\/_V-lGnSbu7zw\/SMyAlu3D_nI\/AAAAAAAAABI\/dV17OOlV0D8\/s1600-h\/IMG_4268.JPG\"><img decoding=\"async\" style=\"display:block;text-align:center;cursor:pointer;margin:0 auto 10px;\" src=\"http:\/\/4.bp.blogspot.com\/_V-lGnSbu7zw\/SMyAlu3D_nI\/AAAAAAAAABI\/dV17OOlV0D8\/s320\/IMG_4268.JPG\" border=\"0\" alt=\"\" \/><\/a><span style=\"font-size:78%;\">Caio Gomes no Planeta Vertical em Nova Friburgo<\/span><\/p>\n<p style=\"text-align:left;\">Update r\u00e1pido sobre o resultado da 3a. etapa do campeonato carioca (boulder) realizado neste s\u00e1bado 13\/Set em Nova Friburgo:<\/p>\n<p><span style=\"font-weight:bold;\">Iniciante Masculino<\/span><br \/>\n1 &#8211; Daniel Lustoza (Rio de Janeiro)<br \/>\n2 &#8211; Tony (Nova Friburgo)<br \/>\n3 &#8211; Artur (Nova Friburgo)<\/p>\n<p><span style=\"font-weight:bold;\">Iniciante Feminino<\/span><br \/>\n1 &#8211; Aline Sette  (Rio de Janeiro)<br \/>\n2 &#8211; Yuri Hayashi  (Rio de Janeiro)<br \/>\n3 &#8211; Mariana Costa  (Niter\u00f3i)<\/p>\n<p><span style=\"font-weight:bold;\">Master Masculino<\/span><br \/>\n1 &#8211; Eric Teles (Nova Friburgo)<br \/>\n2 &#8211; Caio Gomes (Niter\u00f3i)<br \/>\n3 &#8211; Candido Bisneto (Volta Redonda)<\/p>\n<p><span style=\"font-weight:bold;\">Master Feminino<\/span><br \/>\n1 &#8211; Camilla Porto (Rio de Janeiro)<br \/>\n2 &#8211; Raquel Guilhon (Rio de Janeiro)<br \/>\n3 &#8211; Flavia dos Anjos (Rio de Janeiro)<\/p>\n<p><em>fonte: <\/em><a href=\"http:\/\/lojinhadeescalada.blogspot.com\/2008\/09\/campeonato-carioca-etapa-nova-friburgo.html\" target=\"_blank\">lojinhadeescalada.blogspot.com<\/a><\/p>\n","protected":false},"excerpt":{"rendered":"<p>Caio Gomes no Planeta Vertical em Nova Friburgo Update r\u00e1pido sobre o resultado da 3a. etapa do campeonato carioca (boulder) realizado neste s\u00e1bado 13\/Set em Nova Friburgo: Iniciante Masculino 1 &#8211; Daniel Lustoza (Rio de Janeiro) 2 &#8211; Tony (Nova Friburgo) 3 &#8211; Artur (Nova Friburgo) Iniciante Feminino 1 &#8211; Aline Sette (Rio de Janeiro)&hellip;&nbsp;<a href=\"https:\/\/yuri.com.br\/claudio\/2008\/09\/15\/campeonato-carioca-etapa-nova-friburgo-resultado-extra-oficial\/\" rel=\"bookmark\">Continue a ler &raquo;<span class=\"screen-reader-text\">Campeonato Carioca &#8211; etapa Nova Friburgo (resultado extra oficial)<\/span><\/a><\/p>\n","protected":false},"author":2,"featured_media":0,"comment_status":"open","ping_status":"open","sticky":false,"template":"","format":"standard","meta":{"neve_meta_sidebar":"","neve_meta_container":"","neve_meta_enable_content_width":"","neve_meta_content_width":0,"neve_meta_title_alignment":"","neve_meta_author_avatar":"","neve_post_elements_order":"","neve_meta_disable_header":"","neve_meta_disable_footer":"","neve_meta_disable_title":"","jetpack_post_was_ever_published":false,"_jetpack_newsletter_access":"","_jetpack_dont_email_post_to_subs":false,"_jetpack_newsletter_tier_id":0,"_jetpack_memberships_contains_paywalled_content":false,"_jetpack_memberships_contains_paid_content":false,"footnotes":"","jetpack_publicize_message":"","jetpack_publicize_feature_enabled":true,"jetpack_social_post_already_shared":false,"jetpack_social_options":{"image_generator_settings":{"template":"highway","default_image_id":0,"font":"","enabled":false},"version":2}},"categories":[3],"tags":[11,125],"class_list":["post-222","post","type-post","status-publish","format-standard","hentry","category-escalada","tag-campeonato-carioca","tag-escalada"],"jetpack_publicize_connections":[],"jetpack_featured_media_url":"","jetpack_shortlink":"https:\/\/wp.me\/p4i7cB-3A","jetpack_sharing_enabled":true,"jetpack-related-posts":[{"id":201,"url":"https:\/\/yuri.com.br\/claudio\/2008\/09\/09\/iii-etapa-do-campeonato-estadualrj-de-boulder-2008-nova-friburgo\/","url_meta":{"origin":222,"position":0},"title":"III Etapa do Campeonato Estadual\/RJ de Boulder 2008 &#8211; Nova Friburgo","author":"claudio","date":"9\/set\/2008","format":false,"excerpt":"\"Bom Pessoal, como todos estavam esperando a\u00ed est\u00e1 o convite para a etapa de boulder aqui da Planeta Vertical. Contamos com a vinda dos atletas participantes do ranking e aqueles que queiram tamb\u00e9m prestigiar essa etapa\" - Leandro S. Nogueira \/ Planeta Vertical 13 de Setembro a partir das 9:30\u2026","rel":"","context":"Em &quot;Escalada&quot;","block_context":{"text":"Escalada","link":"https:\/\/yuri.com.br\/claudio\/category\/escalada\/"},"img":{"alt_text":"","src":"","width":0,"height":0},"classes":[]},{"id":118,"url":"https:\/\/yuri.com.br\/claudio\/2008\/08\/18\/2a-etapa-campeonato-carioca-2008\/","url_meta":{"origin":222,"position":1},"title":"2a. Etapa Campeonato Carioca 2008","author":"claudio","date":"18\/ago\/2008","format":false,"excerpt":"Rolou neste \u00faltimo domingo a segunda etapa do campeonato carioca de escalada, \"etapa Paulo Macaco\", realizada no muro da Patr\u00edcia em Niter\u00f3i (modalidade boulder). Participaram na montagem das rotas Ralf C\u00f4rtes, F\u00e1bio Muniz e Ant\u00f4nio Sergio. O formato foi dividido em 2 etapas, cada uma como 3 problemas, tentados em\u2026","rel":"","context":"Em &quot;Escalada&quot;","block_context":{"text":"Escalada","link":"https:\/\/yuri.com.br\/claudio\/category\/escalada\/"},"img":{"alt_text":"","src":"https:\/\/i0.wp.com\/yuri.com.br\/claudio\/wp-content\/uploads\/2008\/08\/nikit_eric.jpg?resize=350%2C200&ssl=1","width":350,"height":200,"srcset":"https:\/\/i0.wp.com\/yuri.com.br\/claudio\/wp-content\/uploads\/2008\/08\/nikit_eric.jpg?resize=350%2C200&ssl=1 1x, https:\/\/i0.wp.com\/yuri.com.br\/claudio\/wp-content\/uploads\/2008\/08\/nikit_eric.jpg?resize=525%2C300&ssl=1 1.5x, https:\/\/i0.wp.com\/yuri.com.br\/claudio\/wp-content\/uploads\/2008\/08\/nikit_eric.jpg?resize=700%2C400&ssl=1 2x"},"classes":[]},{"id":254,"url":"https:\/\/yuri.com.br\/claudio\/2008\/10\/31\/sobre-o-campeonato-estadual-de-boulder-rj-2008\/","url_meta":{"origin":222,"position":2},"title":"Sobre o Campeonato Estadual de Boulder RJ 2008","author":"claudio","date":"31\/out\/2008","format":false,"excerpt":"Neste m\u00eas de outubro\u00a0terminou o Campeonato Estadual de Escalada (Boulder) do RJ 2008. Sobre os resultados oficiais eu indico 2 artigos: Blog da Lojinha de Escalada Blog do Caio Gomes E clicando neste link pode-se conferir algumas fotos que fiz desta \u00faltima etapa na Limite Vertical. Aproveito este espa\u00e7o para\u2026","rel":"","context":"Em &quot;Escalada&quot;","block_context":{"text":"Escalada","link":"https:\/\/yuri.com.br\/claudio\/category\/escalada\/"},"img":{"alt_text":"","src":"https:\/\/i0.wp.com\/yuri.com.br\/claudio\/wp-content\/uploads\/2008\/10\/jornaldossports_estadualrj2008.jpg?resize=350%2C200&ssl=1","width":350,"height":200,"srcset":"https:\/\/i0.wp.com\/yuri.com.br\/claudio\/wp-content\/uploads\/2008\/10\/jornaldossports_estadualrj2008.jpg?resize=350%2C200&ssl=1 1x, https:\/\/i0.wp.com\/yuri.com.br\/claudio\/wp-content\/uploads\/2008\/10\/jornaldossports_estadualrj2008.jpg?resize=525%2C300&ssl=1 1.5x, https:\/\/i0.wp.com\/yuri.com.br\/claudio\/wp-content\/uploads\/2008\/10\/jornaldossports_estadualrj2008.jpg?resize=700%2C400&ssl=1 2x"},"classes":[]},{"id":170,"url":"https:\/\/yuri.com.br\/claudio\/2008\/08\/28\/ainda-sobre-a-ultima-etapa-do-carioca-de-boulder\/","url_meta":{"origin":222,"position":3},"title":"Ainda sobre a \u00faltima etapa do carioca de boulder","author":"claudio","date":"28\/ago\/2008","format":false,"excerpt":"O escalador niteroiense Caio Gomes, vencedor da \u00faltima etapa do campeonato carioca 2008, \"Etapa Paulo Macaco\", escreveu um artigo mais completo sobre o o evento para o Webventure. Gostaria de citar e destacar um par\u00e1grafo em especial: \"O que chamou muita aten\u00e7\u00e3o nessa etapa, foi o numero bastante reduzido de\u2026","rel":"","context":"Em &quot;Escalada&quot;","block_context":{"text":"Escalada","link":"https:\/\/yuri.com.br\/claudio\/category\/escalada\/"},"img":{"alt_text":"","src":"https:\/\/i0.wp.com\/farm4.static.flickr.com\/3060\/2774639781_89570c6d42.jpg?resize=350%2C200","width":350,"height":200},"classes":[]},{"id":103,"url":"https:\/\/yuri.com.br\/claudio\/2008\/08\/13\/ii-etapa-do-campeonato-estadualrj-de-boulder-2008\/","url_meta":{"origin":222,"position":4},"title":"II Etapa do Campeonato Estadual\/RJ","author":"claudio","date":"13\/ago\/2008","format":false,"excerpt":"Bora participar galera! \u00c9 preciso prestigiar a iniciativa, lembrando que o RJ carece de gin\u00e1sios e j\u00e1 teve etapa do brasileiro cancelada este ano... me desculpem a alfinetada, mas quem ignora esses eventos s\u00f3 porque n\u00e3o curtem \"competi\u00e7\u00e3o\" ou preferem as pedras (que abundam dentro da cidade), est\u00e1 cuspindo no\u2026","rel":"","context":"Em &quot;Escalada&quot;","block_context":{"text":"Escalada","link":"https:\/\/yuri.com.br\/claudio\/category\/escalada\/"},"img":{"alt_text":"","src":"https:\/\/i0.wp.com\/img.youtube.com\/vi\/pwem2Wn7FcE\/0.jpg?resize=350%2C200","width":350,"height":200},"classes":[]},{"id":2008,"url":"https:\/\/yuri.com.br\/claudio\/2010\/05\/19\/1%c2%aa-etapa-campeonato-estadual-de-boulder-rj2010\/","url_meta":{"origin":222,"position":5},"title":"1\u00aa Etapa Campeonato Estadual de Boulder RJ\/2010","author":"claudio","date":"19\/maio\/2010","format":false,"excerpt":"Divulgando: Infelizmente ainda estarei longe do Rio nesta 1a. etapa :-\/ Mas fica a dica: o circuito de boulder deste ano vai rolar novamente l\u00e1 no muro da Patty em Niter\u00f3i, naquele esquema sem taxa de inscri\u00e7\u00e3o (luxo), basta estar devidamente federado ou filiado aos clubes. Aqui vai uma lembran\u00e7a\u2026","rel":"","context":"Em &quot;Escalada&quot;","block_context":{"text":"Escalada","link":"https:\/\/yuri.com.br\/claudio\/category\/escalada\/"},"img":{"alt_text":"","src":"https:\/\/i0.wp.com\/img.youtube.com\/vi\/ojMRzsXSBH4\/0.jpg?resize=350%2C200","width":350,"height":200},"classes":[]}],"_links":{"self":[{"href":"https:\/\/yuri.com.br\/claudio\/wp-json\/wp\/v2\/posts\/222","targetHints":{"allow":["GET"]}}],"collection":[{"href":"https:\/\/yuri.com.br\/claudio\/wp-json\/wp\/v2\/posts"}],"about":[{"href":"https:\/\/yuri.com.br\/claudio\/wp-json\/wp\/v2\/types\/post"}],"author":[{"embeddable":true,"href":"https:\/\/yuri.com.br\/claudio\/wp-json\/wp\/v2\/users\/2"}],"replies":[{"embeddable":true,"href":"https:\/\/yuri.com.br\/claudio\/wp-json\/wp\/v2\/comments?post=222"}],"version-history":[{"count":0,"href":"https:\/\/yuri.com.br\/claudio\/wp-json\/wp\/v2\/posts\/222\/revisions"}],"wp:attachment":[{"href":"https:\/\/yuri.com.br\/claudio\/wp-json\/wp\/v2\/media?parent=222"}],"wp:term":[{"taxonomy":"category","embeddable":true,"href":"https:\/\/yuri.com.br\/claudio\/wp-json\/wp\/v2\/categories?post=222"},{"taxonomy":"post_tag","embeddable":true,"href":"https:\/\/yuri.com.br\/claudio\/wp-json\/wp\/v2\/tags?post=222"}],"curies":[{"name":"wp","href":"https:\/\/api.w.org\/{rel}","templated":true}]}}