{"id":2065,"date":"2010-05-26T19:03:08","date_gmt":"2010-05-26T19:03:08","guid":{"rendered":"http:\/\/claudiobr.wordpress.com\/?p=2065"},"modified":"2010-05-26T19:03:08","modified_gmt":"2010-05-26T19:03:08","slug":"adega-perola","status":"publish","type":"post","link":"https:\/\/yuri.com.br\/claudio\/2010\/05\/26\/adega-perola\/","title":{"rendered":"Adega P\u00e9rola"},"content":{"rendered":"<p style=\"text-align:justify;\"><img loading=\"lazy\" decoding=\"async\" data-attachment-id=\"2066\" data-permalink=\"https:\/\/yuri.com.br\/claudio\/2010\/05\/26\/adega-perola\/rollmops\/\" data-orig-file=\"https:\/\/yuri.com.br\/claudio\/wp-content\/uploads\/2010\/05\/rollmops.jpg\" data-orig-size=\"320,240\" data-comments-opened=\"1\" data-image-meta=\"{&quot;aperture&quot;:&quot;0&quot;,&quot;credit&quot;:&quot;&quot;,&quot;camera&quot;:&quot;&quot;,&quot;caption&quot;:&quot;&quot;,&quot;created_timestamp&quot;:&quot;0&quot;,&quot;copyright&quot;:&quot;&quot;,&quot;focal_length&quot;:&quot;0&quot;,&quot;iso&quot;:&quot;0&quot;,&quot;shutter_speed&quot;:&quot;0&quot;,&quot;title&quot;:&quot;&quot;}\" data-image-title=\"Rollmops do Adega P\u00e9rola (foto de celular)\" data-image-description=\"\" data-image-caption=\"\" data-medium-file=\"https:\/\/yuri.com.br\/claudio\/wp-content\/uploads\/2010\/05\/rollmops-300x225.jpg\" data-large-file=\"https:\/\/yuri.com.br\/claudio\/wp-content\/uploads\/2010\/05\/rollmops.jpg\" class=\"size-full wp-image-2066  alignleft\" title=\"Rollmops do Adega P\u00e9rola (foto de celular)\" src=\"http:\/\/yuri.com.br\/claudio\/wp-content\/uploads\/2010\/05\/rollmops.jpg\" alt=\"\" width=\"185\" height=\"140\" srcset=\"https:\/\/yuri.com.br\/claudio\/wp-content\/uploads\/2010\/05\/rollmops.jpg 320w, https:\/\/yuri.com.br\/claudio\/wp-content\/uploads\/2010\/05\/rollmops-300x225.jpg 300w\" sizes=\"auto, (max-width: 185px) 100vw, 185px\" \/>Enquanto atravesso uma crise de abstin\u00eancia dos verdadeiros <a href=\"http:\/\/docs.google.com\/viewer?a=v&amp;q=cache:O94WgpYbaP0J:www.filologia.org.br\/xiicnlf\/15\/05.pdf+%22rio+botequim%22+and+a+cidade+por+do+balcao&amp;hl=en&amp;gl=us&amp;pid=bl&amp;srcid=ADGEESisIhHsC3U2PGA14_GQx-AMitnZNhqQ9WuQaAQ89qoDDj6EP-UnEv5DXnE2WhP01TW-E9rrRRCLWH3ormpfVs0Rg1svKhaWeFsDNMhuQotPEimMU6f-kSJejYKxrlyi9bACPavA&amp;sig=AHIEtbR3cw7mZiPm11_S5eH9V_oiFZHwMA\" target=\"_blank\">botequins cariocas<\/a>, indico com saudades o <a href=\"http:\/\/en.wikipedia.org\/wiki\/Rollmops\" target=\"_blank\">Rollmops<\/a> (uma esp\u00e9cie de sushi de sardinha) do <em><strong>Adega P\u00e9rola<\/strong><\/em>, recomenda\u00e7\u00e3o que eu estava devendo registrar por aqui faz tempo. Afinal trata-se de um dos bares mais antigos de Copa, com seu famoso e longo balc\u00e3o cheio de preciosidades.\u00a0 S\u00f3 n\u00e3o frequento tanto porque fica ao lado do <a href=\"http:\/\/claudiobr.wordpress.com\/2008\/08\/20\/os-caldos-de-minha-vida-real-chopp\/\" target=\"_blank\">Real Chopp<\/a>, minha &#8220;segunda casa&#8221; no Rio.<\/p>\n<p style=\"text-align:center;\"><img loading=\"lazy\" decoding=\"async\" class=\"aligncenter\" title=\"Foto: Germania Heibe\" src=\"http:\/\/farm5.static.flickr.com\/4032\/4568100712_0d1ee5dca6.jpg\" alt=\"\" width=\"711\" height=\"478\" \/><\/p>\n<p style=\"text-align:right;\"><em>Adega P\u00e9rola \u2013 Rua Siqueira Campos, 138A &#8211; Copacabana (fecha dom.)<\/em><\/p>\n","protected":false},"excerpt":{"rendered":"<p>Enquanto atravesso uma crise de abstin\u00eancia dos verdadeiros botequins cariocas, indico com saudades o Rollmops (uma esp\u00e9cie de sushi de sardinha) do Adega P\u00e9rola, recomenda\u00e7\u00e3o que eu estava devendo registrar por aqui faz tempo. Afinal trata-se de um dos bares mais antigos de Copa, com seu famoso e longo balc\u00e3o cheio de preciosidades.\u00a0 S\u00f3 n\u00e3o&hellip;&nbsp;<a href=\"https:\/\/yuri.com.br\/claudio\/2010\/05\/26\/adega-perola\/\" rel=\"bookmark\">Continue a ler &raquo;<span class=\"screen-reader-text\">Adega P\u00e9rola<\/span><\/a><\/p>\n","protected":false},"author":2,"featured_media":2066,"comment_status":"open","ping_status":"open","sticky":false,"template":"","format":"standard","meta":{"neve_meta_sidebar":"","neve_meta_container":"","neve_meta_enable_content_width":"","neve_meta_content_width":0,"neve_meta_title_alignment":"","neve_meta_author_avatar":"","neve_post_elements_order":"","neve_meta_disable_header":"","neve_meta_disable_footer":"","neve_meta_disable_title":"","jetpack_post_was_ever_published":false,"_jetpack_newsletter_access":"","_jetpack_dont_email_post_to_subs":false,"_jetpack_newsletter_tier_id":0,"_jetpack_memberships_contains_paywalled_content":false,"_jetpack_memberships_contains_paid_content":false,"footnotes":"","jetpack_publicize_message":"","jetpack_publicize_feature_enabled":true,"jetpack_social_post_already_shared":false,"jetpack_social_options":{"image_generator_settings":{"template":"highway","default_image_id":0,"font":"","enabled":false},"version":2}},"categories":[2],"tags":[],"class_list":["post-2065","post","type-post","status-publish","format-standard","has-post-thumbnail","hentry","category-baixa-gastronomia"],"jetpack_publicize_connections":[],"jetpack_featured_media_url":"https:\/\/yuri.com.br\/claudio\/wp-content\/uploads\/2010\/05\/rollmops.jpg","jetpack_shortlink":"https:\/\/wp.me\/p4i7cB-xj","jetpack_sharing_enabled":true,"jetpack-related-posts":[{"id":741,"url":"https:\/\/yuri.com.br\/claudio\/2009\/06\/09\/comida-di-buteco-rj-2009-real-chopp\/","url_meta":{"origin":2065,"position":0},"title":"&#8216;Comida di Buteco&#8217; RJ 2009 + Real Chopp","author":"claudio","date":"9\/jun\/2009","format":false,"excerpt":"Para a alegria de nossas barriguinhas, est\u00e1 de volta ao Rio de Janeiro o festival Comida di Buteco! Uma \"competi\u00e7\u00e3o\" em que n\u00f3s, fregueses, s\u00f3 temos a ganhar - s\u00e3o novas e velhas tradi\u00e7\u00f5es como o Rolmops (\"sushi\" de portugu\u00eas do Adega P\u00e9rola) ou o lombinho com molho de tamarindo\u2026","rel":"","context":"Em &quot;'Baixa' Gastronomia&quot;","block_context":{"text":"'Baixa' Gastronomia","link":"https:\/\/yuri.com.br\/claudio\/category\/baixa-gastronomia\/"},"img":{"alt_text":"","src":"https:\/\/i0.wp.com\/yuri.com.br\/claudio\/wp-content\/uploads\/2009\/06\/realchopp_leffe.jpg?resize=350%2C200&ssl=1","width":350,"height":200,"srcset":"https:\/\/i0.wp.com\/yuri.com.br\/claudio\/wp-content\/uploads\/2009\/06\/realchopp_leffe.jpg?resize=350%2C200&ssl=1 1x, https:\/\/i0.wp.com\/yuri.com.br\/claudio\/wp-content\/uploads\/2009\/06\/realchopp_leffe.jpg?resize=525%2C300&ssl=1 1.5x"},"classes":[]},{"id":2517,"url":"https:\/\/yuri.com.br\/claudio\/2010\/11\/19\/o-botequim-carioca\/","url_meta":{"origin":2065,"position":1},"title":"Botequim carioca","author":"claudio","date":"19\/nov\/2010","format":false,"excerpt":"Ap\u00f3s deixar o Rio de Janeiro, devo aqui umas anota\u00e7\u00f5es sobre algo que muito me transformou nessa babil\u00f4nia. Achei melhor escrever logo antes que minha falha mem\u00f3ria deixe algumas importantes emo\u00e7\u00f5es para tr\u00e1s... Me mudei ao RJ por volta de 2004. Nestes 6 anos, o meu amor pelo Rio foi\u2026","rel":"","context":"Em &quot;'Baixa' Gastronomia&quot;","block_context":{"text":"'Baixa' Gastronomia","link":"https:\/\/yuri.com.br\/claudio\/category\/baixa-gastronomia\/"},"img":{"alt_text":"","src":"","width":0,"height":0},"classes":[]},{"id":203,"url":"https:\/\/yuri.com.br\/claudio\/2008\/09\/10\/festival-comida-di-buteco-no-rj\/","url_meta":{"origin":2065,"position":2},"title":"Festival &#8216;Comida di Buteco&#8217; no RJ","author":"claudio","date":"10\/set\/2008","format":false,"excerpt":"Aconteceu durante o m\u00eas passado, agosto, o festival \"Comida di Buteco\", realizado pela primeira vez no Rio. O resultado (ap\u00f3s 20 mil votos durante o m\u00eas todo) saiu a pouco: 1a. Lugar MELHOR TIRA-GOSTO - Um rol\u00e9 pelo sub\u00farbio - rol\u00e9 ouri\u00e7ado com molho de Bohemia Escura em mini-ba\u00edas de\u2026","rel":"","context":"Em &quot;'Baixa' Gastronomia&quot;","block_context":{"text":"'Baixa' Gastronomia","link":"https:\/\/yuri.com.br\/claudio\/category\/baixa-gastronomia\/"},"img":{"alt_text":"","src":"https:\/\/i0.wp.com\/yuri.com.br\/claudio\/wp-content\/uploads\/2008\/09\/sururu.jpg?resize=350%2C200&ssl=1","width":350,"height":200,"srcset":"https:\/\/i0.wp.com\/yuri.com.br\/claudio\/wp-content\/uploads\/2008\/09\/sururu.jpg?resize=350%2C200&ssl=1 1x, https:\/\/i0.wp.com\/yuri.com.br\/claudio\/wp-content\/uploads\/2008\/09\/sururu.jpg?resize=525%2C300&ssl=1 1.5x"},"classes":[]},{"id":35,"url":"https:\/\/yuri.com.br\/claudio\/2008\/07\/29\/os-caldos-de-minha-vida\/","url_meta":{"origin":2065,"position":3},"title":"Os caldos de minha vida &#8211; Adega da Velha","author":"claudio","date":"29\/jul\/2008","format":false,"excerpt":"Gostaria de compartilhar um pouco da minha experi\u00eancia butequeira adquirida aqui no RJ, cidade ber\u00e7o do botequim tradicional. J\u00e1 faz tempo que eu desejo me expressar em homenagem a esse \"templo\" do bem viver, mas para isto eu pretendo me dedicar com mais carinho em uma futura postagem, como se\u2026","rel":"","context":"Em &quot;'Baixa' Gastronomia&quot;","block_context":{"text":"'Baixa' Gastronomia","link":"https:\/\/yuri.com.br\/claudio\/category\/baixa-gastronomia\/"},"img":{"alt_text":"","src":"https:\/\/i0.wp.com\/yuri.com.br\/claudio\/wp-content\/uploads\/2008\/07\/wordpress_adega_caldinho.jpg?resize=350%2C200&ssl=1","width":350,"height":200},"classes":[]},{"id":1167,"url":"https:\/\/yuri.com.br\/claudio\/2009\/11\/03\/finados\/","url_meta":{"origin":2065,"position":4},"title":"Finados","author":"claudio","date":"3\/nov\/2009","format":false,"excerpt":"O feriad\u00e3o por aqui foi tranquilo. Tijolado de rodar pelas estradas nas f\u00e9rias, ficamos no RJ onde eu pude reencontrar o granito e lembrar como \u00e9 bom escalar neste tipo de pedra, principalmente se for na Barrinha! :-) Fiz algumas fotos, mesmo que sem muita inspira\u00e7\u00e3o... aproveitei 10% do que\u2026","rel":"","context":"Em &quot;'Baixa' Gastronomia&quot;","block_context":{"text":"'Baixa' Gastronomia","link":"https:\/\/yuri.com.br\/claudio\/category\/baixa-gastronomia\/"},"img":{"alt_text":"","src":"https:\/\/i0.wp.com\/farm3.static.flickr.com\/2633\/4068778188_398b6ca944_o.jpg?resize=350%2C200","width":350,"height":200},"classes":[]},{"id":1697,"url":"https:\/\/yuri.com.br\/claudio\/2010\/03\/09\/cachacas-do-sul\/","url_meta":{"origin":2065,"position":5},"title":"Cacha\u00e7as do sul","author":"claudio","date":"9\/mar\/2010","format":false,"excerpt":"Uma pequena homenagem \u00e0s boas canas do sul do Brasil. Afinal n\u00e3o \u00e9 s\u00f3 Minas Gerais que produz uma boa cacha\u00e7a. Temos a famosa Armaz\u00e9m Vieira de Floripa, a Solar de Blumenau boa para se tomar geladinha, a Casa Bucco na serra ga\u00facha com a qual tive a alegria de\u2026","rel":"","context":"Em &quot;'Baixa' Gastronomia&quot;","block_context":{"text":"'Baixa' Gastronomia","link":"https:\/\/yuri.com.br\/claudio\/category\/baixa-gastronomia\/"},"img":{"alt_text":"","src":"https:\/\/i0.wp.com\/farm5.static.flickr.com\/4067\/4414004947_8486000423_o.jpg?resize=350%2C200","width":350,"height":200,"srcset":"https:\/\/i0.wp.com\/farm5.static.flickr.com\/4067\/4414004947_8486000423_o.jpg?resize=350%2C200 1x, https:\/\/i0.wp.com\/farm5.static.flickr.com\/4067\/4414004947_8486000423_o.jpg?resize=525%2C300 1.5x"},"classes":[]}],"_links":{"self":[{"href":"https:\/\/yuri.com.br\/claudio\/wp-json\/wp\/v2\/posts\/2065","targetHints":{"allow":["GET"]}}],"collection":[{"href":"https:\/\/yuri.com.br\/claudio\/wp-json\/wp\/v2\/posts"}],"about":[{"href":"https:\/\/yuri.com.br\/claudio\/wp-json\/wp\/v2\/types\/post"}],"author":[{"embeddable":true,"href":"https:\/\/yuri.com.br\/claudio\/wp-json\/wp\/v2\/users\/2"}],"replies":[{"embeddable":true,"href":"https:\/\/yuri.com.br\/claudio\/wp-json\/wp\/v2\/comments?post=2065"}],"version-history":[{"count":0,"href":"https:\/\/yuri.com.br\/claudio\/wp-json\/wp\/v2\/posts\/2065\/revisions"}],"wp:featuredmedia":[{"embeddable":true,"href":"https:\/\/yuri.com.br\/claudio\/wp-json\/wp\/v2\/media\/2066"}],"wp:attachment":[{"href":"https:\/\/yuri.com.br\/claudio\/wp-json\/wp\/v2\/media?parent=2065"}],"wp:term":[{"taxonomy":"category","embeddable":true,"href":"https:\/\/yuri.com.br\/claudio\/wp-json\/wp\/v2\/categories?post=2065"},{"taxonomy":"post_tag","embeddable":true,"href":"https:\/\/yuri.com.br\/claudio\/wp-json\/wp\/v2\/tags?post=2065"}],"curies":[{"name":"wp","href":"https:\/\/api.w.org\/{rel}","templated":true}]}}