{"id":203,"date":"2008-09-10T15:14:57","date_gmt":"2008-09-10T15:14:57","guid":{"rendered":"http:\/\/claudiobr.wordpress.com\/?p=203"},"modified":"2008-09-10T15:14:57","modified_gmt":"2008-09-10T15:14:57","slug":"festival-comida-di-buteco-no-rj","status":"publish","type":"post","link":"https:\/\/yuri.com.br\/claudio\/2008\/09\/10\/festival-comida-di-buteco-no-rj\/","title":{"rendered":"Festival &#8216;Comida di Buteco&#8217; no RJ"},"content":{"rendered":"<p><a><img loading=\"lazy\" decoding=\"async\" data-attachment-id=\"204\" data-permalink=\"https:\/\/yuri.com.br\/claudio\/2008\/09\/10\/festival-comida-di-buteco-no-rj\/sururu\/\" data-orig-file=\"https:\/\/yuri.com.br\/claudio\/wp-content\/uploads\/2008\/09\/sururu.jpg\" data-orig-size=\"640,480\" data-comments-opened=\"1\" data-image-meta=\"{&quot;aperture&quot;:&quot;0&quot;,&quot;credit&quot;:&quot;&quot;,&quot;camera&quot;:&quot;&quot;,&quot;caption&quot;:&quot;&quot;,&quot;created_timestamp&quot;:&quot;0&quot;,&quot;copyright&quot;:&quot;&quot;,&quot;focal_length&quot;:&quot;0&quot;,&quot;iso&quot;:&quot;0&quot;,&quot;shutter_speed&quot;:&quot;0&quot;,&quot;title&quot;:&quot;&quot;}\" data-image-title=\"Caldinho de Sururu do Real Chopp\" data-image-description=\"\" data-image-caption=\"\" data-medium-file=\"https:\/\/yuri.com.br\/claudio\/wp-content\/uploads\/2008\/09\/sururu-300x225.jpg\" data-large-file=\"https:\/\/yuri.com.br\/claudio\/wp-content\/uploads\/2008\/09\/sururu.jpg\" class=\"aligncenter size-medium wp-image-204\" title=\"Caldinho de Sururu do Real Chopp\" src=\"http:\/\/yuri.com.br\/claudio\/wp-content\/uploads\/2008\/09\/sururu.jpg?w=300\" alt=\"\" width=\"300\" height=\"225\" srcset=\"https:\/\/yuri.com.br\/claudio\/wp-content\/uploads\/2008\/09\/sururu.jpg 640w, https:\/\/yuri.com.br\/claudio\/wp-content\/uploads\/2008\/09\/sururu-300x225.jpg 300w, https:\/\/yuri.com.br\/claudio\/wp-content\/uploads\/2008\/09\/sururu-210x157.jpg 210w\" sizes=\"auto, (max-width: 300px) 100vw, 300px\" \/><\/a><\/p>\n<p>Aconteceu durante o m\u00eas passado, agosto, o festival &#8220;<a href=\"http:\/\/www.comidadibuteco.com.br\/\" target=\"_blank\">Comida di Buteco<\/a>&#8220;, realizado pela primeira vez no Rio. O resultado (ap\u00f3s 20 mil votos durante o m\u00eas todo) saiu a pouco:<\/p>\n<p>1a. Lugar MELHOR TIRA-GOSTO &#8211; Um rol\u00e9 pelo sub\u00farbio &#8211; rol\u00e9 ouri\u00e7ado com molho de Bohemia Escura em mini-ba\u00edas de guanabara (Original do Br\u00e1s)<\/p>\n<p>2a. Lugar MELHOR TIRA-GOSTO &#8211; Bolinho de feijoada (Aconchego Carioca)<\/p>\n<p>3a. Lugar MELHOR TIRA-GOSTO &#8211; Por\u00e7\u00e3o Camar\u00e3o Mi\u00fado ao Alho (Restaurante Siri)<\/p>\n<p>1a. Lugar HIGIENE -Original do Br\u00e1s<\/p>\n<p>1a. Lugar TEMPERATURA DA BEBIDA &#8211; Original do Br\u00e1s<\/p>\n<p>1a. Lugar ATENDIMENTO &#8211; Original do Br\u00e1s<br \/>\n&#8212;x&#8212;<\/p>\n<p>Pessoalmente, achei uma excelente iniciativa por v\u00e1rios motivos: n\u00e3o \u00e9 um concurso puramente &#8220;marketeiro&#8221; onde vence o estabelecimento mais endinheirado, pelo contr\u00e1rio, concorreram botequins antigos, outros mais novos, zona sul, centro, zona norte&#8230; enfim, democraticamente se respeitou o assunto central que \u00e9 o nosso querido petisco, e nada como o Rio de Janeiro, ber\u00e7o da cultura butequeira, para receber um evento desses! \u00c9 claro que cada um tem seu gosto pessoal e quaisquer sele\u00e7\u00f5es estar\u00e3o sempre pass\u00edveis de discuss\u00f5es acaloradas&#8230; como por exemplo a aus\u00eancia de quitutes cl\u00e1ssicos como os bolinhos de bacalhau do Adega Flor de Coimbra ou do Bar do Serafim, assim como as iguarias do jur\u00e1ssico Adega P\u00e9rola. Estas simples, por\u00e9m riqu\u00edssimas tradi\u00e7\u00f5es, constru\u00eddas a custo de dezenas de anos, ficaram para tr\u00e1s diante de inven\u00e7\u00f5es novas, do tipo &#8216;baixa&#8217; gastronomia que flerta com a alquimia da alta. Mas o retorno disso tudo \u00e9 s\u00f3 alegria pro fregu\u00eas e pro dono, afinal de contas pelo menos metade dessa lista dos 31 participantes eu n\u00e3o tive a oportunidade de comer! Haja est\u00f4mago!! :D<\/p>\n<p>ACADEMIA DA CACHA\u00c7A \u2013 LEBLON &#8211; ESCONDIDINHO DE CARNE SECA<br \/>\nACONCHEGO CARIOCA &#8211; PRA\u00c7A DA BANDEIRA &#8211; BOLINHO DE FEIJOADA<br \/>\nANTIGAMENTE \u2013 CENTRO &#8211; TORTILLA DE CARNE SECA<br \/>\nARMAZ\u00c9M CARDOS\u00c3O \u2013 LARANJEIRAS &#8211; EMPADA DE CAMAR\u00c3O<br \/>\nBAIXO ARAGUAIA \u2013 JACAREPAGU\u00c1 &#8211; CORA\u00c7\u00c3O DE FRANGO<br \/>\nBAR ADONIS \u2013 BENFICA &#8211; BOLINHO DE BACALHAU<br \/>\nBAR AMENDOEIRA &#8211; MARIA DA GRA\u00c7A &#8211; CARNE SECA COM AIPIM<br \/>\nBAR BRASIL \u2013 CENTRO &#8211; BOLINHO DE CARNE<br \/>\nBAR CAF\u00c9 VARNHAGEM \u2013 TIJUCA &#8211; CROQUETE DE CARNE<br \/>\nBAR DO MINEIRO &#8211; SANTA TERESA &#8211; PASTEL DE FEIJ\u00c3O<br \/>\nBAR DO SEU TOM\u00c9 \u2013 RECREIO &#8211; BOLINHO DE AB\u00d3BORA COM CARNE SECA<br \/>\nBAR JOBI \u2013 LEBLON &#8211; CALDINHO DE FEIJ\u00c3O<br \/>\nBAR J\u00d3IA &#8211; JARDIM BOT\u00c2NICO &#8211; FRANGO A PASSARINHO<br \/>\nBAR LAGOA \u2013 LAGOA &#8211; SALSICH\u00c3O<br \/>\nBAR URCA \u2013 URCA &#8211; CALDINHO DE FRUTOS DO MAR<br \/>\nBECO DO RATO \u2013 CENTRO &#8211; PASTEL DE ANGU COM BACON, COUVE E TORRESMO<br \/>\nBELMONTE FLAMENGO \u2013 FLAMENGO &#8211; CANJICA COM CARNE SECA<br \/>\nBOTECO SALVA\u00c7\u00c3O \u2013 BOTAFOGO &#8211; ESPETINHO DE MIGNON<br \/>\nBOTEQUIM CASUAL \u2013 CENTRO &#8211; POLVINHOS ESTUFADOS<br \/>\nBRACARENSE \u2013 LEBLON &#8211; BOLINHO DE CAMAR\u00c3O COM AIPIM E CATUPIRY<br \/>\nCACHA\u00c7ARIA MANGUE SECO \u2013 CENTRO &#8211; MOQUEQUINHA DO MANGUE<br \/>\nCOP\u00c3O DE OURO \u2013 OLARIA &#8211; PASTEL DE CAMAR\u00c3O COM CATUPIRY<br \/>\nENCHENDO LING\u00dcI\u00c7A \u2013 GRAJA\u00da &#8211; JOELHO DE PORCO<br \/>\nGRACIOSO \u2013 GAMB\u00d4A &#8211; RISOLE DE CAMAR\u00c3O<br \/>\nLE PETIT PAULETTE &#8211; PRA\u00c7A DA BANDEIRA &#8211; COPA LOMBO COM MOLHO ESCURO E LEGUMES CROCANTES<br \/>\nO ORIGINAL DO BR\u00c1S &#8211; BR\u00c1S DE PINA &#8211; UM ROL\u00c9 PELO SUB\u00daRBIO<br \/>\nPAV\u00c3O AZUL \u2013 COPACABANA &#8211; PATANISCA<br \/>\nPETISCO DA VILA &#8211; VILA ISABEL &#8211; CARANGUEJO<br \/>\nPONTAP\u00c9 \u2013 ILHA &#8211; CARNE SECA A MILANESA<br \/>\nREAL CHOPP \u2013 COPACABANA &#8211; PICANHA NA PEDRA<br \/>\nSIRI DA TIJUCA \u2013 TIJUCA &#8211; CAMAR\u00c3O AO ALHO<br \/>\n&#8212;x&#8212;<\/p>\n<p style=\"text-align:left;\"><a href=\"http:\/\/www.comidadibuteco.com.br\/\" target=\"_blank\">http:\/\/www.comidadibuteco.com.br<\/a><\/p>\n","protected":false},"excerpt":{"rendered":"<p>Aconteceu durante o m\u00eas passado, agosto, o festival &#8220;Comida di Buteco&#8220;, realizado pela primeira vez no Rio. O resultado (ap\u00f3s 20 mil votos durante o m\u00eas todo) saiu a pouco: 1a. Lugar MELHOR TIRA-GOSTO &#8211; Um rol\u00e9 pelo sub\u00farbio &#8211; rol\u00e9 ouri\u00e7ado com molho de Bohemia Escura em mini-ba\u00edas de guanabara (Original do Br\u00e1s) 2a.&hellip;&nbsp;<a href=\"https:\/\/yuri.com.br\/claudio\/2008\/09\/10\/festival-comida-di-buteco-no-rj\/\" rel=\"bookmark\">Continue a ler &raquo;<span class=\"screen-reader-text\">Festival &#8216;Comida di Buteco&#8217; no RJ<\/span><\/a><\/p>\n","protected":false},"author":2,"featured_media":204,"comment_status":"open","ping_status":"open","sticky":false,"template":"","format":"standard","meta":{"neve_meta_sidebar":"","neve_meta_container":"","neve_meta_enable_content_width":"","neve_meta_content_width":0,"neve_meta_title_alignment":"","neve_meta_author_avatar":"","neve_post_elements_order":"","neve_meta_disable_header":"","neve_meta_disable_footer":"","neve_meta_disable_title":"","jetpack_post_was_ever_published":false,"_jetpack_newsletter_access":"","_jetpack_dont_email_post_to_subs":false,"_jetpack_newsletter_tier_id":0,"_jetpack_memberships_contains_paywalled_content":false,"_jetpack_memberships_contains_paid_content":false,"footnotes":"","jetpack_publicize_message":"","jetpack_publicize_feature_enabled":true,"jetpack_social_post_already_shared":false,"jetpack_social_options":{"image_generator_settings":{"template":"highway","default_image_id":0,"font":"","enabled":false},"version":2}},"categories":[2],"tags":[124,13],"class_list":["post-203","post","type-post","status-publish","format-standard","has-post-thumbnail","hentry","category-baixa-gastronomia","tag-baixa-gastronomia","tag-comida-di-buteco"],"jetpack_publicize_connections":[],"jetpack_featured_media_url":"https:\/\/yuri.com.br\/claudio\/wp-content\/uploads\/2008\/09\/sururu.jpg","jetpack_shortlink":"https:\/\/wp.me\/p4i7cB-3h","jetpack_sharing_enabled":true,"jetpack-related-posts":[{"id":741,"url":"https:\/\/yuri.com.br\/claudio\/2009\/06\/09\/comida-di-buteco-rj-2009-real-chopp\/","url_meta":{"origin":203,"position":0},"title":"&#8216;Comida di Buteco&#8217; RJ 2009 + Real Chopp","author":"claudio","date":"9\/jun\/2009","format":false,"excerpt":"Para a alegria de nossas barriguinhas, est\u00e1 de volta ao Rio de Janeiro o festival Comida di Buteco! Uma \"competi\u00e7\u00e3o\" em que n\u00f3s, fregueses, s\u00f3 temos a ganhar - s\u00e3o novas e velhas tradi\u00e7\u00f5es como o Rolmops (\"sushi\" de portugu\u00eas do Adega P\u00e9rola) ou o lombinho com molho de tamarindo\u2026","rel":"","context":"Em &quot;'Baixa' Gastronomia&quot;","block_context":{"text":"'Baixa' Gastronomia","link":"https:\/\/yuri.com.br\/claudio\/category\/baixa-gastronomia\/"},"img":{"alt_text":"","src":"https:\/\/i0.wp.com\/yuri.com.br\/claudio\/wp-content\/uploads\/2009\/06\/realchopp_leffe.jpg?resize=350%2C200&ssl=1","width":350,"height":200,"srcset":"https:\/\/i0.wp.com\/yuri.com.br\/claudio\/wp-content\/uploads\/2009\/06\/realchopp_leffe.jpg?resize=350%2C200&ssl=1 1x, https:\/\/i0.wp.com\/yuri.com.br\/claudio\/wp-content\/uploads\/2009\/06\/realchopp_leffe.jpg?resize=525%2C300&ssl=1 1.5x"},"classes":[]},{"id":305,"url":"https:\/\/yuri.com.br\/claudio\/2008\/11\/27\/aconchego-carioca-tcheca\/","url_meta":{"origin":203,"position":1},"title":"Aconchego Carioca &#038; Tcheca","author":"claudio","date":"27\/nov\/2008","format":false,"excerpt":"Foram orgasmos m\u00faltiplos. Portanto divido este post em duas partes: - Aconchego Carioca [ Rua Bar\u00e3o de Iguatemi 388 - 12h\/0h (s\u00e1b. e dom. at\u00e9 18h; fecha seg.)] Situado na regi\u00e3o da Pra\u00e7a da Bandeira, trata-se de um min\u00fasculo restaurante\/botequim\/bistr\u00f4 que pode n\u00e3o ser t\u00e3o antigo quanto as casas de\u2026","rel":"","context":"Em &quot;'Baixa' Gastronomia&quot;","block_context":{"text":"'Baixa' Gastronomia","link":"https:\/\/yuri.com.br\/claudio\/category\/baixa-gastronomia\/"},"img":{"alt_text":"","src":"https:\/\/i0.wp.com\/farm4.static.flickr.com\/3017\/3063578724_2210dd5150_o_d.jpg?resize=350%2C200","width":350,"height":200,"srcset":"https:\/\/i0.wp.com\/farm4.static.flickr.com\/3017\/3063578724_2210dd5150_o_d.jpg?resize=350%2C200 1x, https:\/\/i0.wp.com\/farm4.static.flickr.com\/3017\/3063578724_2210dd5150_o_d.jpg?resize=525%2C300 1.5x"},"classes":[]},{"id":272,"url":"https:\/\/yuri.com.br\/claudio\/2008\/11\/05\/city-beer-store-sf\/","url_meta":{"origin":203,"position":2},"title":"City Beer Store, SF","author":"claudio","date":"5\/nov\/2008","format":false,"excerpt":"Propaganda\/dica de S\u00e3o Francisco pro povo da cerveja. Experimentei alguns bares por l\u00e1, inclusive o dito buteco-trapista La Trappe, que tem ambiente t\u00e9matico (me lembrou mais uma taberna, legal pra ir a dois), oferece um rango bacana e boas op\u00e7\u00f5es 'on tap' al\u00e9m de v\u00e1rias cervejas belgas de garrafa. O\u2026","rel":"","context":"Em &quot;'Baixa' Gastronomia&quot;","block_context":{"text":"'Baixa' Gastronomia","link":"https:\/\/yuri.com.br\/claudio\/category\/baixa-gastronomia\/"},"img":{"alt_text":"","src":"https:\/\/i0.wp.com\/yuri.com.br\/claudio\/wp-content\/uploads\/2008\/11\/citybeerstore_sf.jpg?resize=350%2C200&ssl=1","width":350,"height":200,"srcset":"https:\/\/i0.wp.com\/yuri.com.br\/claudio\/wp-content\/uploads\/2008\/11\/citybeerstore_sf.jpg?resize=350%2C200&ssl=1 1x, https:\/\/i0.wp.com\/yuri.com.br\/claudio\/wp-content\/uploads\/2008\/11\/citybeerstore_sf.jpg?resize=525%2C300&ssl=1 1.5x, https:\/\/i0.wp.com\/yuri.com.br\/claudio\/wp-content\/uploads\/2008\/11\/citybeerstore_sf.jpg?resize=700%2C400&ssl=1 2x"},"classes":[]},{"id":2517,"url":"https:\/\/yuri.com.br\/claudio\/2010\/11\/19\/o-botequim-carioca\/","url_meta":{"origin":203,"position":3},"title":"Botequim carioca","author":"claudio","date":"19\/nov\/2010","format":false,"excerpt":"Ap\u00f3s deixar o Rio de Janeiro, devo aqui umas anota\u00e7\u00f5es sobre algo que muito me transformou nessa babil\u00f4nia. Achei melhor escrever logo antes que minha falha mem\u00f3ria deixe algumas importantes emo\u00e7\u00f5es para tr\u00e1s... Me mudei ao RJ por volta de 2004. Nestes 6 anos, o meu amor pelo Rio foi\u2026","rel":"","context":"Em &quot;'Baixa' Gastronomia&quot;","block_context":{"text":"'Baixa' Gastronomia","link":"https:\/\/yuri.com.br\/claudio\/category\/baixa-gastronomia\/"},"img":{"alt_text":"","src":"","width":0,"height":0},"classes":[]},{"id":8000,"url":"https:\/\/yuri.com.br\/claudio\/2014\/07\/16\/video-cruzeiro-ep-3\/","url_meta":{"origin":203,"position":4},"title":"V\u00eddeo: Cruzeiro Ep.3","author":"Cl\u00e1udio Brisighello","date":"16\/jul\/2014","format":false,"excerpt":"Conforme prometido, aqui vai a \"overdose\" do 3\u00ba epis\u00f3dio da s\u00e9rie Cruzeiro! Aumentem o volume: Desta vez temos algumas linhas da galeria, um local que remete a um vale perdido, de beleza surreal. Ali \u00e9 mais frio e bastante escuro, \u00e9 bom levar uma headlamp, principalmente no Bola 7, linha\u2026","rel":"","context":"Em &quot;Escalada&quot;","block_context":{"text":"Escalada","link":"https:\/\/yuri.com.br\/claudio\/category\/escalada\/"},"img":{"alt_text":"","src":"https:\/\/i0.wp.com\/yuri.com.br\/claudio\/wp-content\/uploads\/2014\/07\/Vimeo1.jpg?resize=350%2C200&ssl=1","width":350,"height":200,"srcset":"https:\/\/i0.wp.com\/yuri.com.br\/claudio\/wp-content\/uploads\/2014\/07\/Vimeo1.jpg?resize=350%2C200&ssl=1 1x, https:\/\/i0.wp.com\/yuri.com.br\/claudio\/wp-content\/uploads\/2014\/07\/Vimeo1.jpg?resize=525%2C300&ssl=1 1.5x, https:\/\/i0.wp.com\/yuri.com.br\/claudio\/wp-content\/uploads\/2014\/07\/Vimeo1.jpg?resize=700%2C400&ssl=1 2x"},"classes":[]},{"id":4929,"url":"https:\/\/yuri.com.br\/claudio\/2013\/05\/05\/macaron\/","url_meta":{"origin":203,"position":5},"title":"Macaron","author":"claudio","date":"5\/maio\/2013","format":false,"excerpt":"Em tempos de BoicotaSP provocando debates e reflex\u00f5es na sociedade de consumo, \u00e9 um bom momento para refor\u00e7ar a satisfa\u00e7\u00e3o do \"fa\u00e7a vc mesmo\"! Esse aqui eu n\u00e3o tinha como n\u00e3o mostrar: macarons caseiros, by Yuri! Uma unidade desses docinhos franceses, que vc come em praticamente uma bocada (te levando\u2026","rel":"","context":"Em &quot;'Baixa' Gastronomia&quot;","block_context":{"text":"'Baixa' Gastronomia","link":"https:\/\/yuri.com.br\/claudio\/category\/baixa-gastronomia\/"},"img":{"alt_text":"","src":"https:\/\/i0.wp.com\/yuri.com.br\/claudio\/wp-content\/uploads\/2013\/05\/macaron1.jpg?resize=350%2C200&ssl=1","width":350,"height":200,"srcset":"https:\/\/i0.wp.com\/yuri.com.br\/claudio\/wp-content\/uploads\/2013\/05\/macaron1.jpg?resize=350%2C200&ssl=1 1x, https:\/\/i0.wp.com\/yuri.com.br\/claudio\/wp-content\/uploads\/2013\/05\/macaron1.jpg?resize=525%2C300&ssl=1 1.5x, https:\/\/i0.wp.com\/yuri.com.br\/claudio\/wp-content\/uploads\/2013\/05\/macaron1.jpg?resize=700%2C400&ssl=1 2x"},"classes":[]}],"_links":{"self":[{"href":"https:\/\/yuri.com.br\/claudio\/wp-json\/wp\/v2\/posts\/203","targetHints":{"allow":["GET"]}}],"collection":[{"href":"https:\/\/yuri.com.br\/claudio\/wp-json\/wp\/v2\/posts"}],"about":[{"href":"https:\/\/yuri.com.br\/claudio\/wp-json\/wp\/v2\/types\/post"}],"author":[{"embeddable":true,"href":"https:\/\/yuri.com.br\/claudio\/wp-json\/wp\/v2\/users\/2"}],"replies":[{"embeddable":true,"href":"https:\/\/yuri.com.br\/claudio\/wp-json\/wp\/v2\/comments?post=203"}],"version-history":[{"count":0,"href":"https:\/\/yuri.com.br\/claudio\/wp-json\/wp\/v2\/posts\/203\/revisions"}],"wp:featuredmedia":[{"embeddable":true,"href":"https:\/\/yuri.com.br\/claudio\/wp-json\/wp\/v2\/media\/204"}],"wp:attachment":[{"href":"https:\/\/yuri.com.br\/claudio\/wp-json\/wp\/v2\/media?parent=203"}],"wp:term":[{"taxonomy":"category","embeddable":true,"href":"https:\/\/yuri.com.br\/claudio\/wp-json\/wp\/v2\/categories?post=203"},{"taxonomy":"post_tag","embeddable":true,"href":"https:\/\/yuri.com.br\/claudio\/wp-json\/wp\/v2\/tags?post=203"}],"curies":[{"name":"wp","href":"https:\/\/api.w.org\/{rel}","templated":true}]}}