{"id":2008,"date":"2010-05-19T09:00:11","date_gmt":"2010-05-19T09:00:11","guid":{"rendered":"http:\/\/claudiobr.wordpress.com\/?p=2008"},"modified":"2010-05-19T09:00:11","modified_gmt":"2010-05-19T09:00:11","slug":"1%c2%aa-etapa-campeonato-estadual-de-boulder-rj2010","status":"publish","type":"post","link":"https:\/\/yuri.com.br\/claudio\/2010\/05\/19\/1%c2%aa-etapa-campeonato-estadual-de-boulder-rj2010\/","title":{"rendered":"1\u00aa Etapa Campeonato Estadual de Boulder RJ\/2010"},"content":{"rendered":"<p>Divulgando:<\/p>\n<p style=\"text-align:center;\"><div class=\"nv-iframe-embed\"><span class=\"embed-youtube\" style=\"text-align:center; display: block;\"><iframe loading=\"lazy\" class=\"youtube-player\" width=\"1200\" height=\"675\" src=\"https:\/\/www.youtube.com\/embed\/ojMRzsXSBH4?version=3&#038;rel=1&#038;showsearch=0&#038;showinfo=1&#038;iv_load_policy=1&#038;fs=1&#038;hl=pt-BR&#038;autohide=2&#038;wmode=transparent\" allowfullscreen=\"true\" style=\"border:0;\" sandbox=\"allow-scripts allow-same-origin allow-popups allow-presentation allow-popups-to-escape-sandbox\"><\/iframe><\/span><\/div>\n<p style=\"text-align:justify;\">Infelizmente ainda estarei longe do Rio nesta 1a. etapa :-\/ Mas fica a dica: o circuito de boulder deste ano vai rolar novamente l\u00e1 no muro da Patty em Niter\u00f3i, naquele esquema sem taxa de inscri\u00e7\u00e3o (luxo), basta estar devidamente federado ou filiado aos clubes. Aqui vai uma lembran\u00e7a do ano passado, filmado na c\u00e2mera velha&#8230; ao mesmo tempo em que eu e Yuri compet\u00edamos (j\u00e1 me desculpando pelos takes mau feitos :-)<\/p>\n<p style=\"text-align:center;\"><div class=\"nv-iframe-embed\"><div class=\"embed-vimeo\" style=\"text-align: center;\"><iframe loading=\"lazy\" src=\"https:\/\/player.vimeo.com\/video\/4782492\" width=\"700\" height=\"394\" frameborder=\"0\" webkitallowfullscreen mozallowfullscreen allowfullscreen><\/iframe><\/div><\/div>\n","protected":false},"excerpt":{"rendered":"<p>Divulgando: Infelizmente ainda estarei longe do Rio nesta 1a. etapa :-\/ Mas fica a dica: o circuito de boulder deste ano vai rolar novamente l\u00e1 no muro da Patty em Niter\u00f3i, naquele esquema sem taxa de inscri\u00e7\u00e3o (luxo), basta estar devidamente federado ou filiado aos clubes. Aqui vai uma lembran\u00e7a do ano passado, filmado na&hellip;&nbsp;<a href=\"https:\/\/yuri.com.br\/claudio\/2010\/05\/19\/1%c2%aa-etapa-campeonato-estadual-de-boulder-rj2010\/\" rel=\"bookmark\">Continue a ler &raquo;<span class=\"screen-reader-text\">1\u00aa Etapa Campeonato Estadual de Boulder RJ\/2010<\/span><\/a><\/p>\n","protected":false},"author":2,"featured_media":0,"comment_status":"open","ping_status":"open","sticky":false,"template":"","format":"standard","meta":{"neve_meta_sidebar":"","neve_meta_container":"","neve_meta_enable_content_width":"","neve_meta_content_width":0,"neve_meta_title_alignment":"","neve_meta_author_avatar":"","neve_post_elements_order":"","neve_meta_disable_header":"","neve_meta_disable_footer":"","neve_meta_disable_title":"","jetpack_post_was_ever_published":false,"_jetpack_newsletter_access":"","_jetpack_dont_email_post_to_subs":false,"_jetpack_newsletter_tier_id":0,"_jetpack_memberships_contains_paywalled_content":false,"_jetpack_memberships_contains_paid_content":false,"footnotes":"","jetpack_publicize_message":"","jetpack_publicize_feature_enabled":true,"jetpack_social_post_already_shared":false,"jetpack_social_options":{"image_generator_settings":{"template":"highway","default_image_id":0,"font":"","enabled":false},"version":2}},"categories":[3],"tags":[],"class_list":["post-2008","post","type-post","status-publish","format-standard","hentry","category-escalada"],"jetpack_publicize_connections":[],"jetpack_featured_media_url":"","jetpack_shortlink":"https:\/\/wp.me\/p4i7cB-wo","jetpack_sharing_enabled":true,"jetpack-related-posts":[{"id":811,"url":"https:\/\/yuri.com.br\/claudio\/2009\/07\/01\/2%c2%aa-etapa-do-campeonato-estadual-de-boulder-2009-rj\/","url_meta":{"origin":2008,"position":0},"title":"2\u00aa ETAPA DO CAMPEONATO ESTADUAL DE BOULDER 2009 &#8211; RJ","author":"claudio","date":"1\/jul\/2009","format":false,"excerpt":"Divulgando: \"Ol\u00e1 !! Acontecer\u00e1 no dia\u00a005 de julho, a 2\u00aa Etapa do Campeonato Estadual de Boulder 2009 - RJ. Confiram\u00a0o V\u00eddeo Anima\u00e7\u00e3o com as informa\u00e7\u00f5es da 2\u00aa Etapa do Campeonato Estadual de Boulder 2009 - RJ. Ligue o SOM!!! ATEN\u00c7\u00c3O COMPETIDORES: N\u00e3o esque\u00e7am de se filiar ou atualizar sua situa\u00e7\u00e3o\u2026","rel":"","context":"Em &quot;Escalada&quot;","block_context":{"text":"Escalada","link":"https:\/\/yuri.com.br\/claudio\/category\/escalada\/"},"img":{"alt_text":"","src":"https:\/\/i0.wp.com\/img.youtube.com\/vi\/7ygXjDkP_z8\/0.jpg?resize=350%2C200","width":350,"height":200},"classes":[]},{"id":103,"url":"https:\/\/yuri.com.br\/claudio\/2008\/08\/13\/ii-etapa-do-campeonato-estadualrj-de-boulder-2008\/","url_meta":{"origin":2008,"position":1},"title":"II Etapa do Campeonato Estadual\/RJ","author":"claudio","date":"13\/ago\/2008","format":false,"excerpt":"Bora participar galera! \u00c9 preciso prestigiar a iniciativa, lembrando que o RJ carece de gin\u00e1sios e j\u00e1 teve etapa do brasileiro cancelada este ano... me desculpem a alfinetada, mas quem ignora esses eventos s\u00f3 porque n\u00e3o curtem \"competi\u00e7\u00e3o\" ou preferem as pedras (que abundam dentro da cidade), est\u00e1 cuspindo no\u2026","rel":"","context":"Em &quot;Escalada&quot;","block_context":{"text":"Escalada","link":"https:\/\/yuri.com.br\/claudio\/category\/escalada\/"},"img":{"alt_text":"","src":"https:\/\/i0.wp.com\/img.youtube.com\/vi\/pwem2Wn7FcE\/0.jpg?resize=350%2C200","width":350,"height":200},"classes":[]},{"id":118,"url":"https:\/\/yuri.com.br\/claudio\/2008\/08\/18\/2a-etapa-campeonato-carioca-2008\/","url_meta":{"origin":2008,"position":2},"title":"2a. Etapa Campeonato Carioca 2008","author":"claudio","date":"18\/ago\/2008","format":false,"excerpt":"Rolou neste \u00faltimo domingo a segunda etapa do campeonato carioca de escalada, \"etapa Paulo Macaco\", realizada no muro da Patr\u00edcia em Niter\u00f3i (modalidade boulder). Participaram na montagem das rotas Ralf C\u00f4rtes, F\u00e1bio Muniz e Ant\u00f4nio Sergio. O formato foi dividido em 2 etapas, cada uma como 3 problemas, tentados em\u2026","rel":"","context":"Em &quot;Escalada&quot;","block_context":{"text":"Escalada","link":"https:\/\/yuri.com.br\/claudio\/category\/escalada\/"},"img":{"alt_text":"","src":"https:\/\/i0.wp.com\/yuri.com.br\/claudio\/wp-content\/uploads\/2008\/08\/nikit_eric.jpg?resize=350%2C200&ssl=1","width":350,"height":200,"srcset":"https:\/\/i0.wp.com\/yuri.com.br\/claudio\/wp-content\/uploads\/2008\/08\/nikit_eric.jpg?resize=350%2C200&ssl=1 1x, https:\/\/i0.wp.com\/yuri.com.br\/claudio\/wp-content\/uploads\/2008\/08\/nikit_eric.jpg?resize=525%2C300&ssl=1 1.5x, https:\/\/i0.wp.com\/yuri.com.br\/claudio\/wp-content\/uploads\/2008\/08\/nikit_eric.jpg?resize=700%2C400&ssl=1 2x"},"classes":[]},{"id":170,"url":"https:\/\/yuri.com.br\/claudio\/2008\/08\/28\/ainda-sobre-a-ultima-etapa-do-carioca-de-boulder\/","url_meta":{"origin":2008,"position":3},"title":"Ainda sobre a \u00faltima etapa do carioca de boulder","author":"claudio","date":"28\/ago\/2008","format":false,"excerpt":"O escalador niteroiense Caio Gomes, vencedor da \u00faltima etapa do campeonato carioca 2008, \"Etapa Paulo Macaco\", escreveu um artigo mais completo sobre o o evento para o Webventure. Gostaria de citar e destacar um par\u00e1grafo em especial: \"O que chamou muita aten\u00e7\u00e3o nessa etapa, foi o numero bastante reduzido de\u2026","rel":"","context":"Em &quot;Escalada&quot;","block_context":{"text":"Escalada","link":"https:\/\/yuri.com.br\/claudio\/category\/escalada\/"},"img":{"alt_text":"","src":"https:\/\/i0.wp.com\/farm4.static.flickr.com\/3060\/2774639781_89570c6d42.jpg?resize=350%2C200","width":350,"height":200},"classes":[]},{"id":254,"url":"https:\/\/yuri.com.br\/claudio\/2008\/10\/31\/sobre-o-campeonato-estadual-de-boulder-rj-2008\/","url_meta":{"origin":2008,"position":4},"title":"Sobre o Campeonato Estadual de Boulder RJ 2008","author":"claudio","date":"31\/out\/2008","format":false,"excerpt":"Neste m\u00eas de outubro\u00a0terminou o Campeonato Estadual de Escalada (Boulder) do RJ 2008. Sobre os resultados oficiais eu indico 2 artigos: Blog da Lojinha de Escalada Blog do Caio Gomes E clicando neste link pode-se conferir algumas fotos que fiz desta \u00faltima etapa na Limite Vertical. Aproveito este espa\u00e7o para\u2026","rel":"","context":"Em &quot;Escalada&quot;","block_context":{"text":"Escalada","link":"https:\/\/yuri.com.br\/claudio\/category\/escalada\/"},"img":{"alt_text":"","src":"https:\/\/i0.wp.com\/yuri.com.br\/claudio\/wp-content\/uploads\/2008\/10\/jornaldossports_estadualrj2008.jpg?resize=350%2C200&ssl=1","width":350,"height":200,"srcset":"https:\/\/i0.wp.com\/yuri.com.br\/claudio\/wp-content\/uploads\/2008\/10\/jornaldossports_estadualrj2008.jpg?resize=350%2C200&ssl=1 1x, https:\/\/i0.wp.com\/yuri.com.br\/claudio\/wp-content\/uploads\/2008\/10\/jornaldossports_estadualrj2008.jpg?resize=525%2C300&ssl=1 1.5x, https:\/\/i0.wp.com\/yuri.com.br\/claudio\/wp-content\/uploads\/2008\/10\/jornaldossports_estadualrj2008.jpg?resize=700%2C400&ssl=1 2x"},"classes":[]},{"id":222,"url":"https:\/\/yuri.com.br\/claudio\/2008\/09\/15\/campeonato-carioca-etapa-nova-friburgo-resultado-extra-oficial\/","url_meta":{"origin":2008,"position":5},"title":"Campeonato Carioca &#8211; etapa Nova Friburgo (resultado extra oficial)","author":"claudio","date":"15\/set\/2008","format":false,"excerpt":"Caio Gomes no Planeta Vertical em Nova Friburgo Update r\u00e1pido sobre o resultado da 3a. etapa do campeonato carioca (boulder) realizado neste s\u00e1bado 13\/Set em Nova Friburgo: Iniciante Masculino 1 - Daniel Lustoza (Rio de Janeiro) 2 - Tony (Nova Friburgo) 3 - Artur (Nova Friburgo) Iniciante Feminino 1 -\u2026","rel":"","context":"Em &quot;Escalada&quot;","block_context":{"text":"Escalada","link":"https:\/\/yuri.com.br\/claudio\/category\/escalada\/"},"img":{"alt_text":"","src":"","width":0,"height":0},"classes":[]}],"_links":{"self":[{"href":"https:\/\/yuri.com.br\/claudio\/wp-json\/wp\/v2\/posts\/2008","targetHints":{"allow":["GET"]}}],"collection":[{"href":"https:\/\/yuri.com.br\/claudio\/wp-json\/wp\/v2\/posts"}],"about":[{"href":"https:\/\/yuri.com.br\/claudio\/wp-json\/wp\/v2\/types\/post"}],"author":[{"embeddable":true,"href":"https:\/\/yuri.com.br\/claudio\/wp-json\/wp\/v2\/users\/2"}],"replies":[{"embeddable":true,"href":"https:\/\/yuri.com.br\/claudio\/wp-json\/wp\/v2\/comments?post=2008"}],"version-history":[{"count":0,"href":"https:\/\/yuri.com.br\/claudio\/wp-json\/wp\/v2\/posts\/2008\/revisions"}],"wp:attachment":[{"href":"https:\/\/yuri.com.br\/claudio\/wp-json\/wp\/v2\/media?parent=2008"}],"wp:term":[{"taxonomy":"category","embeddable":true,"href":"https:\/\/yuri.com.br\/claudio\/wp-json\/wp\/v2\/categories?post=2008"},{"taxonomy":"post_tag","embeddable":true,"href":"https:\/\/yuri.com.br\/claudio\/wp-json\/wp\/v2\/tags?post=2008"}],"curies":[{"name":"wp","href":"https:\/\/api.w.org\/{rel}","templated":true}]}}