{"id":1994,"date":"2010-05-17T15:16:48","date_gmt":"2010-05-17T15:16:48","guid":{"rendered":"http:\/\/claudiobr.wordpress.com\/?p=1994"},"modified":"2010-05-17T15:16:48","modified_gmt":"2010-05-17T15:16:48","slug":"anoitecer-do-ultimo-sabado","status":"publish","type":"post","link":"https:\/\/yuri.com.br\/claudio\/2010\/05\/17\/anoitecer-do-ultimo-sabado\/","title":{"rendered":"Anoitecer do \u00faltimo s\u00e1bado"},"content":{"rendered":"<p style=\"text-align:justify;\">Neste \u00faltimo fim de semana, l\u00e1 fui eu para mais uma tarde de boas enxadadas e, ao ir embora, olho para tr\u00e1s e me deparo com um c\u00e9u em degrad\u00ea laranja mais a lua crescente surgindo no azul. Uma vis\u00e3o comum nesta \u00e9poca do ano, mas n\u00e3o pude deixar de registrar, embora eu soubesse que os minutos perdidos arrumando a c\u00e2mera s\u00e3o preciosos nessa &#8220;hora m\u00e1gica&#8221; do dia. Em quest\u00e3o de segundos, as tonalidades mudam, escurecem e d\u00e3o lugar \u00e0 noite que, diga-se de passagem, foi um outro espet\u00e1culo&#8230;<\/p>\n<p><a href=\"http:\/\/www.flickr.com\/photos\/cbrisighello\/4614975769\/\" target=\"_blank\"><img decoding=\"async\" class=\"aligncenter\" title=\"Anoitecer\" src=\"http:\/\/farm5.static.flickr.com\/4012\/4614975769_193c62b91c_o.jpg\" alt=\"\" width=\"680\" \/><\/a><\/p>\n<p>Mas hoje \u00e9 segunda, in\u00edcio de mais uma semana de labuta aqui na &#8220;<a href=\"http:\/\/maps.google.com\/maps?oe=utf-8&amp;client=firefox-a&amp;ie=UTF8&amp;q=sao+paulo&amp;fb=1&amp;gl=us&amp;ei=L1zxS92fMZ_4ygStkfCODg&amp;ved=0CBgQpQY&amp;hl=en&amp;view=map&amp;geocode=FfGrmP4dHlk4_Q&amp;split=0&amp;sll=-23.682804,-46.595545&amp;sspn=0.652021,0.460987&amp;hq=&amp;hnear=S%C3%A3o+Paulo,+Brazil&amp;t=h&amp;ll=-23.543688,-46.63147&amp;spn=0.124009,0.174923&amp;z=13\" target=\"_blank\">babil\u00f4nia hors concours<\/a>&#8220;. Boa semana a todos!<\/p>\n","protected":false},"excerpt":{"rendered":"<p>Neste \u00faltimo fim de semana, l\u00e1 fui eu para mais uma tarde de boas enxadadas e, ao ir embora, olho para tr\u00e1s e me deparo com um c\u00e9u em degrad\u00ea laranja mais a lua crescente surgindo no azul. Uma vis\u00e3o comum nesta \u00e9poca do ano, mas n\u00e3o pude deixar de registrar, embora eu soubesse que&hellip;&nbsp;<a href=\"https:\/\/yuri.com.br\/claudio\/2010\/05\/17\/anoitecer-do-ultimo-sabado\/\" rel=\"bookmark\">Continue a ler &raquo;<span class=\"screen-reader-text\">Anoitecer do \u00faltimo s\u00e1bado<\/span><\/a><\/p>\n","protected":false},"author":2,"featured_media":0,"comment_status":"open","ping_status":"open","sticky":false,"template":"","format":"standard","meta":{"neve_meta_sidebar":"","neve_meta_container":"","neve_meta_enable_content_width":"","neve_meta_content_width":0,"neve_meta_title_alignment":"","neve_meta_author_avatar":"","neve_post_elements_order":"","neve_meta_disable_header":"","neve_meta_disable_footer":"","neve_meta_disable_title":"","jetpack_post_was_ever_published":false,"_jetpack_newsletter_access":"","_jetpack_dont_email_post_to_subs":false,"_jetpack_newsletter_tier_id":0,"_jetpack_memberships_contains_paywalled_content":false,"_jetpack_memberships_contains_paid_content":false,"footnotes":"","jetpack_publicize_message":"","jetpack_publicize_feature_enabled":true,"jetpack_social_post_already_shared":false,"jetpack_social_options":{"image_generator_settings":{"template":"highway","default_image_id":0,"font":"","enabled":false},"version":2}},"categories":[5],"tags":[],"class_list":["post-1994","post","type-post","status-publish","format-standard","hentry","category-outros"],"jetpack_publicize_connections":[],"jetpack_featured_media_url":"","jetpack_shortlink":"https:\/\/wp.me\/p4i7cB-wa","jetpack_sharing_enabled":true,"jetpack-related-posts":[{"id":672,"url":"https:\/\/yuri.com.br\/claudio\/2009\/05\/12\/hoegaarden-witbier\/","url_meta":{"origin":1994,"position":0},"title":"Hoegaarden Witbier","author":"claudio","date":"12\/maio\/2009","format":false,"excerpt":"Pra quem curte a famosa Erdinger, que anos atr\u00e1s era a primeira cerveja \"premium\" a figurar nas prateleiras dos supermercados, ultimamente pode se deparar com a Hoegaarden, uma das belgas introduzidas pela Inbev\/Ambev no mercado brasileiro. Felizmente, hoje em dia temos v\u00e1rias outras boas op\u00e7\u00f5es, inclusive nacionais. Ent\u00e3o se voc\u00ea\u2026","rel":"","context":"Em &quot;'Baixa' Gastronomia&quot;","block_context":{"text":"'Baixa' Gastronomia","link":"https:\/\/yuri.com.br\/claudio\/category\/baixa-gastronomia\/"},"img":{"alt_text":"","src":"https:\/\/i0.wp.com\/farm4.static.flickr.com\/3589\/3515475747_fa5a9e668d.jpg?resize=350%2C200","width":350,"height":200},"classes":[]},{"id":4624,"url":"https:\/\/yuri.com.br\/claudio\/2013\/02\/25\/boas-novas-e-velhas\/","url_meta":{"origin":1994,"position":1},"title":"Boas novas e velhas","author":"claudio","date":"25\/fev\/2013","format":false,"excerpt":"Chega de ladainha, comes e bebes, low profile climbin\u00b4ou treinamentos lesivos. Por fim troquei o fac\u00e3o, vassoura, escad\u00e3o, enxada e etc. (itens constantes em minha \"mochila\" de escalada :-) pela c\u00e2mera para compartilhar uma pequena amostra do que vem rolando. A imagem evidencia boas novas e velhas: a velha motiva\u00e7\u00e3o\u2026","rel":"","context":"Em &quot;Escalada&quot;","block_context":{"text":"Escalada","link":"https:\/\/yuri.com.br\/claudio\/category\/escalada\/"},"img":{"alt_text":"","src":"https:\/\/i0.wp.com\/yuri.com.br\/claudio\/wp-content\/uploads\/2013\/02\/thais_domino.jpg?resize=350%2C200&ssl=1","width":350,"height":200,"srcset":"https:\/\/i0.wp.com\/yuri.com.br\/claudio\/wp-content\/uploads\/2013\/02\/thais_domino.jpg?resize=350%2C200&ssl=1 1x, https:\/\/i0.wp.com\/yuri.com.br\/claudio\/wp-content\/uploads\/2013\/02\/thais_domino.jpg?resize=525%2C300&ssl=1 1.5x, https:\/\/i0.wp.com\/yuri.com.br\/claudio\/wp-content\/uploads\/2013\/02\/thais_domino.jpg?resize=700%2C400&ssl=1 2x"},"classes":[]},{"id":1473,"url":"https:\/\/yuri.com.br\/claudio\/2010\/02\/08\/easy-like-sunday-morning\/","url_meta":{"origin":1994,"position":2},"title":"Easy like sunday morning","author":"claudio","date":"8\/fev\/2010","format":false,"excerpt":"Desde o \u00ednicio do ano, ando um pouco ocupado nos finais de semana, viajando para tratar de uns assuntos pessoais... mas neste \u00faltimo domingo, criei vergonha na cara e acordei cedo pra encarar uma escaladinha sob um calor mais ameno. A primeira motiva\u00e7\u00e3o era o boulder Macumba, meu eterno projeto\u2026","rel":"","context":"Em &quot;'Baixa' Gastronomia&quot;","block_context":{"text":"'Baixa' Gastronomia","link":"https:\/\/yuri.com.br\/claudio\/category\/baixa-gastronomia\/"},"img":{"alt_text":"","src":"https:\/\/i0.wp.com\/yuri.com.br\/claudio\/wp-content\/uploads\/2010\/02\/urca_berlota_sequence_small.jpg?resize=350%2C200&ssl=1","width":350,"height":200,"srcset":"https:\/\/i0.wp.com\/yuri.com.br\/claudio\/wp-content\/uploads\/2010\/02\/urca_berlota_sequence_small.jpg?resize=350%2C200&ssl=1 1x, https:\/\/i0.wp.com\/yuri.com.br\/claudio\/wp-content\/uploads\/2010\/02\/urca_berlota_sequence_small.jpg?resize=525%2C300&ssl=1 1.5x, https:\/\/i0.wp.com\/yuri.com.br\/claudio\/wp-content\/uploads\/2010\/02\/urca_berlota_sequence_small.jpg?resize=700%2C400&ssl=1 2x"},"classes":[]},{"id":8179,"url":"https:\/\/yuri.com.br\/claudio\/2014\/08\/13\/cruzeiro-ep-6\/","url_meta":{"origin":1994,"position":3},"title":"V\u00cdDEO: Cruzeiro Ep.6","author":"Cl\u00e1udio Brisighello","date":"13\/ago\/2014","format":false,"excerpt":"Mais um epis\u00f3dio estrelado, dessa vez com a participa\u00e7\u00e3o dos \"legends\"\u00a0 P.Rob, Felipinho e Thais! O Espiral dos Sentidos V11 \u00e9 aquela linha logo na entrada da\u00a0\"darkness cave\", \u00e0s vezes passa despercebida por conta da chamativa caverna ao lado. A movimenta\u00e7\u00e3o \u00e9 irada, com in\u00edcio duro que me custou para\u2026","rel":"","context":"Em &quot;Escalada&quot;","block_context":{"text":"Escalada","link":"https:\/\/yuri.com.br\/claudio\/category\/escalada\/"},"img":{"alt_text":"","src":"https:\/\/i0.wp.com\/yuri.com.br\/claudio\/wp-content\/uploads\/2014\/08\/Embed.jpg?resize=350%2C200&ssl=1","width":350,"height":200,"srcset":"https:\/\/i0.wp.com\/yuri.com.br\/claudio\/wp-content\/uploads\/2014\/08\/Embed.jpg?resize=350%2C200&ssl=1 1x, https:\/\/i0.wp.com\/yuri.com.br\/claudio\/wp-content\/uploads\/2014\/08\/Embed.jpg?resize=525%2C300&ssl=1 1.5x, https:\/\/i0.wp.com\/yuri.com.br\/claudio\/wp-content\/uploads\/2014\/08\/Embed.jpg?resize=700%2C400&ssl=1 2x"},"classes":[]},{"id":4442,"url":"https:\/\/yuri.com.br\/claudio\/2012\/12\/03\/fim-de-temporada\/","url_meta":{"origin":1994,"position":4},"title":"Fim de temporada","author":"claudio","date":"3\/dez\/2012","format":false,"excerpt":"Por aqui o fim da temporada chegou para mim com um brinde: uma dor in\u00e9dita irradiando pelo ci\u00e1tico, interditando minha perna esquerda. Sem causa imediata, um prov\u00e1vel desgaste de longo prazo devido a uma alta progress\u00e3o f\u00edsica que atravessei neste ano. Cuidem-se e n\u00e3o aprendam da pior maneira: escalador esportivo\u2026","rel":"","context":"Em &quot;Escalada&quot;","block_context":{"text":"Escalada","link":"https:\/\/yuri.com.br\/claudio\/category\/escalada\/"},"img":{"alt_text":"","src":"https:\/\/i0.wp.com\/yuri.com.br\/claudio\/wp-content\/uploads\/2012\/12\/xitao_wp.jpg?resize=350%2C200&ssl=1","width":350,"height":200,"srcset":"https:\/\/i0.wp.com\/yuri.com.br\/claudio\/wp-content\/uploads\/2012\/12\/xitao_wp.jpg?resize=350%2C200&ssl=1 1x, https:\/\/i0.wp.com\/yuri.com.br\/claudio\/wp-content\/uploads\/2012\/12\/xitao_wp.jpg?resize=525%2C300&ssl=1 1.5x, https:\/\/i0.wp.com\/yuri.com.br\/claudio\/wp-content\/uploads\/2012\/12\/xitao_wp.jpg?resize=700%2C400&ssl=1 2x"},"classes":[]},{"id":7649,"url":"https:\/\/yuri.com.br\/claudio\/2014\/05\/06\/rodrigo-nunes-batore-v9-rubinho\/","url_meta":{"origin":1994,"position":5},"title":"Rodrigo Nunes @ Bator\u00e9 V9 (Rubinho)","author":"Cl\u00e1udio Brisighello","date":"6\/maio\/2014","format":false,"excerpt":"E o Rodrigo levou pra casa uma \"belezura\" l\u00e1 do Rubinho, o Bator\u00e9 V9. Uma coisa eu aprendi com essa cadena: quando as coisas parecem ruins, de repente tudo pode mudar e te surpreender... Essa perspectiva, que evidencia bem a inclina\u00e7\u00e3o da linha, \u00e9 dif\u00edcil de compor sem luz artificial.\u2026","rel":"","context":"Em &quot;Escalada&quot;","block_context":{"text":"Escalada","link":"https:\/\/yuri.com.br\/claudio\/category\/escalada\/"},"img":{"alt_text":"","src":"https:\/\/i0.wp.com\/yuri.com.br\/claudio\/wp-content\/uploads\/2013\/05\/Rubinho_Batore_RNunes.jpg?resize=350%2C200&ssl=1","width":350,"height":200,"srcset":"https:\/\/i0.wp.com\/yuri.com.br\/claudio\/wp-content\/uploads\/2013\/05\/Rubinho_Batore_RNunes.jpg?resize=350%2C200&ssl=1 1x, https:\/\/i0.wp.com\/yuri.com.br\/claudio\/wp-content\/uploads\/2013\/05\/Rubinho_Batore_RNunes.jpg?resize=525%2C300&ssl=1 1.5x, https:\/\/i0.wp.com\/yuri.com.br\/claudio\/wp-content\/uploads\/2013\/05\/Rubinho_Batore_RNunes.jpg?resize=700%2C400&ssl=1 2x, https:\/\/i0.wp.com\/yuri.com.br\/claudio\/wp-content\/uploads\/2013\/05\/Rubinho_Batore_RNunes.jpg?resize=1050%2C600&ssl=1 3x"},"classes":[]}],"_links":{"self":[{"href":"https:\/\/yuri.com.br\/claudio\/wp-json\/wp\/v2\/posts\/1994","targetHints":{"allow":["GET"]}}],"collection":[{"href":"https:\/\/yuri.com.br\/claudio\/wp-json\/wp\/v2\/posts"}],"about":[{"href":"https:\/\/yuri.com.br\/claudio\/wp-json\/wp\/v2\/types\/post"}],"author":[{"embeddable":true,"href":"https:\/\/yuri.com.br\/claudio\/wp-json\/wp\/v2\/users\/2"}],"replies":[{"embeddable":true,"href":"https:\/\/yuri.com.br\/claudio\/wp-json\/wp\/v2\/comments?post=1994"}],"version-history":[{"count":0,"href":"https:\/\/yuri.com.br\/claudio\/wp-json\/wp\/v2\/posts\/1994\/revisions"}],"wp:attachment":[{"href":"https:\/\/yuri.com.br\/claudio\/wp-json\/wp\/v2\/media?parent=1994"}],"wp:term":[{"taxonomy":"category","embeddable":true,"href":"https:\/\/yuri.com.br\/claudio\/wp-json\/wp\/v2\/categories?post=1994"},{"taxonomy":"post_tag","embeddable":true,"href":"https:\/\/yuri.com.br\/claudio\/wp-json\/wp\/v2\/tags?post=1994"}],"curies":[{"name":"wp","href":"https:\/\/api.w.org\/{rel}","templated":true}]}}