{"id":1911,"date":"2010-04-23T16:42:44","date_gmt":"2010-04-23T16:42:44","guid":{"rendered":"http:\/\/claudiobr.wordpress.com\/?p=1911"},"modified":"2010-04-23T16:42:44","modified_gmt":"2010-04-23T16:42:44","slug":"core-o-filme","status":"publish","type":"post","link":"https:\/\/yuri.com.br\/claudio\/2010\/04\/23\/core-o-filme\/","title":{"rendered":"CORE &#8211; o filme"},"content":{"rendered":"<p>Um pouco de propaganda bem intencionada:<\/p>\n<p><a href=\"http:\/\/www.escaladacafe.com.br\/eventos\/core-de-chuck-fryberger-premiere-no-brasil\" target=\"_blank\"><img loading=\"lazy\" decoding=\"async\" class=\"aligncenter\" title=\"CORE - Premiere Oficial em S\u00e3o Paulo na pr\u00f3xima ter\u00e7a!\" src=\"http:\/\/www.escaladacafe.com.br\/files\/cartazCORE_web.jpg\" alt=\"\" width=\"434\" height=\"600\" \/><\/a><\/p>\n<p style=\"text-align:justify;\">Hoje a noite sigo pra SP, com o filme CORE em Full HD &#8220;na mochila&#8221;, devidamente traduzido &#8211; 560 legendas (pra eu ter me dado esse trabalho, \u00e9 porque o filme \u00e9 mto mais que somente &#8220;feitos de escalada&#8221;) &#8211; espero ver os amigos de Sampa ter\u00e7a a noite na <a href=\"http:\/\/www.escaladacafe.com.br\/mapa\/casa-de-pedra-perdizes\" target=\"_blank\">CP Perdizes<\/a>!<\/p>\n<p style=\"text-align:justify;\">Quando o pessoal do Chuck Fryberger nos contatou, confesso que senti uma certa inseguran\u00e7a em apostar numa divulga\u00e7\u00e3o de um filme que eu n\u00e3o havia assistido. Sinceramente, n\u00e3o tinha gostado muito do <a href=\"http:\/\/www.youtube.com\/watch?v=klRNGW1ovoI\" target=\"_blank\">PURE<\/a>, apesar de ter curtido o anterior, <a href=\"http:\/\/www.youtube.com\/watch?v=hDY0ET_9PnE\" target=\"_blank\">SPECIMEN<\/a>. Mas para o meu al\u00edvio, a expectativa do <a href=\"http:\/\/vimeo.com\/9803426\" target=\"_blank\">CORE<\/a> foi muito bem correspondida&#8230; ficou realmente &#8220;ducaraio&#8221;, \u00e9 tudo o que posso adiantar! :-)<\/p>\n<p style=\"text-align:justify;\">ps: particularmente, gostei muito de uma frase espec\u00edfica do meu \u00eddolo Fred Nicole, sobre a quest\u00e3o &#8220;escaladores profissionais&#8221;, bem no fim do filme&#8230; quem for poder\u00e1 ver e refletir.<\/p>\n<p style=\"text-align:justify;\">Bom fim de semana a todos!<\/p>\n","protected":false},"excerpt":{"rendered":"<p>Um pouco de propaganda bem intencionada: Hoje a noite sigo pra SP, com o filme CORE em Full HD &#8220;na mochila&#8221;, devidamente traduzido &#8211; 560 legendas (pra eu ter me dado esse trabalho, \u00e9 porque o filme \u00e9 mto mais que somente &#8220;feitos de escalada&#8221;) &#8211; espero ver os amigos de Sampa ter\u00e7a a noite&hellip;&nbsp;<a href=\"https:\/\/yuri.com.br\/claudio\/2010\/04\/23\/core-o-filme\/\" rel=\"bookmark\">Continue a ler &raquo;<span class=\"screen-reader-text\">CORE &#8211; o filme<\/span><\/a><\/p>\n","protected":false},"author":2,"featured_media":0,"comment_status":"open","ping_status":"open","sticky":false,"template":"","format":"standard","meta":{"neve_meta_sidebar":"","neve_meta_container":"","neve_meta_enable_content_width":"","neve_meta_content_width":0,"neve_meta_title_alignment":"","neve_meta_author_avatar":"","neve_post_elements_order":"","neve_meta_disable_header":"","neve_meta_disable_footer":"","neve_meta_disable_title":"","jetpack_post_was_ever_published":false,"_jetpack_newsletter_access":"","_jetpack_dont_email_post_to_subs":false,"_jetpack_newsletter_tier_id":0,"_jetpack_memberships_contains_paywalled_content":false,"_jetpack_memberships_contains_paid_content":false,"footnotes":"","jetpack_publicize_message":"","jetpack_publicize_feature_enabled":true,"jetpack_social_post_already_shared":false,"jetpack_social_options":{"image_generator_settings":{"template":"highway","default_image_id":0,"font":"","enabled":false},"version":2}},"categories":[3],"tags":[],"class_list":["post-1911","post","type-post","status-publish","format-standard","hentry","category-escalada"],"jetpack_publicize_connections":[],"jetpack_featured_media_url":"","jetpack_shortlink":"https:\/\/wp.me\/p4i7cB-uP","jetpack_sharing_enabled":true,"jetpack-related-posts":[{"id":831,"url":"https:\/\/yuri.com.br\/claudio\/2009\/07\/07\/red-one\/","url_meta":{"origin":1911,"position":0},"title":"RED ONE\u2122","author":"claudio","date":"7\/jul\/2009","format":false,"excerpt":"Comercial de cal\u00e7ados esportivos. Em HD (High Definition). Montanha russa pra esse cara deve dar sono... ps: O escalador \"film-maker\" Chuck Fryberger tem a mesma c\u00e2mera que filmou isto... equipo de uns 17 mil doletas?","rel":"","context":"Em &quot;Escalada&quot;","block_context":{"text":"Escalada","link":"https:\/\/yuri.com.br\/claudio\/category\/escalada\/"},"img":{"alt_text":"","src":"https:\/\/i0.wp.com\/img.youtube.com\/vi\/HQ7R_buZPSo\/0.jpg?resize=350%2C200","width":350,"height":200},"classes":[]},{"id":3411,"url":"https:\/\/yuri.com.br\/claudio\/2012\/02\/12\/new-pads-in-tha-house\/","url_meta":{"origin":1911,"position":1},"title":"New pads in tha house","author":"claudio","date":"12\/fev\/2012","format":false,"excerpt":"N\u00e3o \u00e9 porque o fabricante mora aqui perto e escala mto, mas hoje sou um feliz detentor de um belepad! E quem est\u00e1 falando isso \u00e9 tbem dono de um BD Mondo, eu tenho uma certa no\u00e7\u00e3o pra dizer que os crashs do Bel\u00ea s\u00e3o de n\u00edvel mundial: costuras bem\u2026","rel":"","context":"Em &quot;Escalada&quot;","block_context":{"text":"Escalada","link":"https:\/\/yuri.com.br\/claudio\/category\/escalada\/"},"img":{"alt_text":"","src":"https:\/\/i0.wp.com\/yuri.com.br\/claudio\/wp-content\/uploads\/2012\/02\/belepad_fivela.jpg?resize=350%2C200","width":350,"height":200,"srcset":"https:\/\/i0.wp.com\/yuri.com.br\/claudio\/wp-content\/uploads\/2012\/02\/belepad_fivela.jpg?resize=350%2C200 1x, https:\/\/i0.wp.com\/yuri.com.br\/claudio\/wp-content\/uploads\/2012\/02\/belepad_fivela.jpg?resize=525%2C300 1.5x, https:\/\/i0.wp.com\/yuri.com.br\/claudio\/wp-content\/uploads\/2012\/02\/belepad_fivela.jpg?resize=700%2C400 2x"},"classes":[]},{"id":5756,"url":"https:\/\/yuri.com.br\/claudio\/2013\/09\/09\/video-medusa-rubinho\/","url_meta":{"origin":1911,"position":2},"title":"V\u00eddeo: Medusa @ Rubinho","author":"claudio","date":"9\/set\/2013","format":false,"excerpt":"T\u00e1 no ar o v\u00eddeo do Medusa. Podemos dizer que \u00e9 apenas mais um videozinho de escalada, com tentativas sofridas, cadenas alucinantes, sonzeiras, alguns closes, comemora\u00e7\u00f5es, enfim... nada al\u00e9m do que vc j\u00e1 est\u00e1 cansado de ver por a\u00ed afora. Exceto que se trata de um dos boulders \"world class\"\u2026","rel":"","context":"Em &quot;Escalada&quot;","block_context":{"text":"Escalada","link":"https:\/\/yuri.com.br\/claudio\/category\/escalada\/"},"img":{"alt_text":"","src":"","width":0,"height":0},"classes":[]},{"id":1308,"url":"https:\/\/yuri.com.br\/claudio\/2009\/12\/28\/sampa-days\/","url_meta":{"origin":1911,"position":3},"title":"Sampa days","author":"claudio","date":"28\/dez\/2009","format":false,"excerpt":"Faz tempo que gostaria de registrar a minha opini\u00e3o sobre S\u00e3o Paulo, 5 anos ap\u00f3s deixar de ser morador daquela cidade e virar um visitante \"quase-turista\". D\u00e1 saudades: - A gastronomia da cidade, onde pode-se comer desde comida da Mong\u00f3lia, at\u00e9 as melhores pizzas do planeta. E seguindo uma indica\u00e7\u00e3o\u2026","rel":"","context":"Em &quot;Outros&quot;","block_context":{"text":"Outros","link":"https:\/\/yuri.com.br\/claudio\/category\/outros\/"},"img":{"alt_text":"","src":"https:\/\/i0.wp.com\/farm2.static.flickr.com\/1400\/540588176_74c77babf9_o.jpg?resize=350%2C200","width":350,"height":200,"srcset":"https:\/\/i0.wp.com\/farm2.static.flickr.com\/1400\/540588176_74c77babf9_o.jpg?resize=350%2C200 1x, https:\/\/i0.wp.com\/farm2.static.flickr.com\/1400\/540588176_74c77babf9_o.jpg?resize=525%2C300 1.5x"},"classes":[]},{"id":3270,"url":"https:\/\/yuri.com.br\/claudio\/2011\/12\/15\/vertigo\/","url_meta":{"origin":1911,"position":4},"title":"Vertigo","author":"claudio","date":"15\/dez\/2011","format":false,"excerpt":"Essa vai pra vc que t\u00e1 emburrado no trampo, naquele ritmo de fim de ano e n\u00e3o aguenta mais jogar paci\u00eancia. O joguinho n\u00e3o \u00e9 mto novo mas dos que eu j\u00e1 vi por a\u00ed afora, me pareceu o melhorzinho! Bem realista (na medida do poss\u00edvel) e ainda em desenvolvimento,\u2026","rel":"","context":"Em &quot;Escalada&quot;","block_context":{"text":"Escalada","link":"https:\/\/yuri.com.br\/claudio\/category\/escalada\/"},"img":{"alt_text":"","src":"https:\/\/i0.wp.com\/yuri.com.br\/claudio\/wp-content\/uploads\/2011\/12\/vertigo.gif?resize=350%2C200&ssl=1","width":350,"height":200,"srcset":"https:\/\/i0.wp.com\/yuri.com.br\/claudio\/wp-content\/uploads\/2011\/12\/vertigo.gif?resize=350%2C200&ssl=1 1x, https:\/\/i0.wp.com\/yuri.com.br\/claudio\/wp-content\/uploads\/2011\/12\/vertigo.gif?resize=525%2C300&ssl=1 1.5x"},"classes":[]},{"id":736,"url":"https:\/\/yuri.com.br\/claudio\/2009\/06\/04\/back-home-2\/","url_meta":{"origin":1911,"position":5},"title":"Back home","author":"claudio","date":"4\/jun\/2009","format":false,"excerpt":"2 semanas em Sampa foram suficientes pra matar algumas boas saudades. Uma delas \u00e9 da 90 Graus e um monte de gente por l\u00e1. Colhi algumas fotos, e separei uma meio \"espacial\" aqui: Os coment\u00e1rios, desta vez, s\u00e3o da ilumina\u00e7\u00e3o. Temos em uso o seguinte: 2 flashes Vivitar velhos adquiridos\u2026","rel":"","context":"Em &quot;Escalada&quot;","block_context":{"text":"Escalada","link":"https:\/\/yuri.com.br\/claudio\/category\/escalada\/"},"img":{"alt_text":"","src":"https:\/\/i0.wp.com\/farm4.static.flickr.com\/3312\/3574373612_5658eb08b7.jpg?resize=350%2C200","width":350,"height":200},"classes":[]}],"_links":{"self":[{"href":"https:\/\/yuri.com.br\/claudio\/wp-json\/wp\/v2\/posts\/1911","targetHints":{"allow":["GET"]}}],"collection":[{"href":"https:\/\/yuri.com.br\/claudio\/wp-json\/wp\/v2\/posts"}],"about":[{"href":"https:\/\/yuri.com.br\/claudio\/wp-json\/wp\/v2\/types\/post"}],"author":[{"embeddable":true,"href":"https:\/\/yuri.com.br\/claudio\/wp-json\/wp\/v2\/users\/2"}],"replies":[{"embeddable":true,"href":"https:\/\/yuri.com.br\/claudio\/wp-json\/wp\/v2\/comments?post=1911"}],"version-history":[{"count":0,"href":"https:\/\/yuri.com.br\/claudio\/wp-json\/wp\/v2\/posts\/1911\/revisions"}],"wp:attachment":[{"href":"https:\/\/yuri.com.br\/claudio\/wp-json\/wp\/v2\/media?parent=1911"}],"wp:term":[{"taxonomy":"category","embeddable":true,"href":"https:\/\/yuri.com.br\/claudio\/wp-json\/wp\/v2\/categories?post=1911"},{"taxonomy":"post_tag","embeddable":true,"href":"https:\/\/yuri.com.br\/claudio\/wp-json\/wp\/v2\/tags?post=1911"}],"curies":[{"name":"wp","href":"https:\/\/api.w.org\/{rel}","templated":true}]}}