{"id":191,"date":"2008-09-05T17:06:20","date_gmt":"2008-09-05T17:06:20","guid":{"rendered":"http:\/\/claudiobr.wordpress.com\/?p=191"},"modified":"2008-09-05T17:06:20","modified_gmt":"2008-09-05T17:06:20","slug":"os-caldos-de-minha-vida-estacao-saude","status":"publish","type":"post","link":"https:\/\/yuri.com.br\/claudio\/2008\/09\/05\/os-caldos-de-minha-vida-estacao-saude\/","title":{"rendered":"Os caldos de minha vida &#8211; Esta\u00e7\u00e3o Sa\u00fade"},"content":{"rendered":"<p>Ok, ok&#8230; admito: meu &#8216;p\u00e2nceps&#8217; n\u00e3o vive s\u00f3 do trio caldinho de feij\u00e3o, chope e cacha\u00e7a. Portanto a recomenda\u00e7\u00e3o dessa vez \u00e9 o meu &#8220;natureba&#8221; predileto do RJ, que se chama <em>Esta\u00e7\u00e3o Sa\u00fade<\/em>. Fica na Barra, mais precisamente no shopping Barra Garden. Pode n\u00e3o ser t\u00e3o famoso quanto o Universo Org\u00e2nico ou o car\u00edssimo Celeiro, mas vale uma visita quando bater aquela vontade de fazer um carinho no seu est\u00f4mago, sem agredir muito o bolso. L\u00e1 voc\u00ea poder\u00e1 se deliciar com um buffet de saladas de folhas org\u00e2nicas, mais inventivas combina\u00e7\u00f5es de gr\u00e3os, legumes, etc &#8211; dispostos de maneira super limpa no balc\u00e3o. Dos pratos quentes, destaco as diversas op\u00e7\u00f5es de quiches (esfinafre, camar\u00e3o, etc) e, na minha escolha pessoal, as sopas! J\u00e1 tive a alegria de provar caldos maravilhosos por l\u00e1: agri\u00e3o, feij\u00e3o azuki, alho por\u00f3, beterraba, entre outros&#8230; sempre cremosos e todos de cores fortes e sabor pronunciad\u00edssimo! Toda vez que vou l\u00e1 eu pe\u00e7o a sopa do dia, \u00e0s cegas mesmo, pois sei que seja l\u00e1 o que vier, ser\u00e1 uma boa pedida. Este abaixo \u00e9 o de ab\u00f3bora:<\/p>\n<p><img loading=\"lazy\" decoding=\"async\" data-attachment-id=\"192\" data-permalink=\"https:\/\/yuri.com.br\/claudio\/2008\/09\/05\/os-caldos-de-minha-vida-estacao-saude\/img_4205\/\" data-orig-file=\"https:\/\/yuri.com.br\/claudio\/wp-content\/uploads\/2008\/09\/img_4205.jpg\" data-orig-size=\"800,600\" data-comments-opened=\"1\" data-image-meta=\"{&quot;aperture&quot;:&quot;3.8&quot;,&quot;credit&quot;:&quot;&quot;,&quot;camera&quot;:&quot;Canon PowerShot A400&quot;,&quot;caption&quot;:&quot;&quot;,&quot;created_timestamp&quot;:&quot;1218899968&quot;,&quot;copyright&quot;:&quot;&quot;,&quot;focal_length&quot;:&quot;5.90625&quot;,&quot;iso&quot;:&quot;0&quot;,&quot;shutter_speed&quot;:&quot;0.02&quot;,&quot;title&quot;:&quot;&quot;}\" data-image-title=\"Esta\u00e7\u00e3o Sa\u00fade\" data-image-description=\"\" data-image-caption=\"\" data-medium-file=\"https:\/\/yuri.com.br\/claudio\/wp-content\/uploads\/2008\/09\/img_4205-300x225.jpg\" data-large-file=\"https:\/\/yuri.com.br\/claudio\/wp-content\/uploads\/2008\/09\/img_4205.jpg\" class=\"aligncenter size-medium wp-image-192\" title=\"Esta\u00e7\u00e3o Sa\u00fade\" src=\"http:\/\/yuri.com.br\/claudio\/wp-content\/uploads\/2008\/09\/img_4205.jpg?w=300\" alt=\"\" width=\"300\" height=\"225\" srcset=\"https:\/\/yuri.com.br\/claudio\/wp-content\/uploads\/2008\/09\/img_4205.jpg 800w, https:\/\/yuri.com.br\/claudio\/wp-content\/uploads\/2008\/09\/img_4205-300x225.jpg 300w, https:\/\/yuri.com.br\/claudio\/wp-content\/uploads\/2008\/09\/img_4205-210x157.jpg 210w\" sizes=\"auto, (max-width: 300px) 100vw, 300px\" \/><\/p>\n<p>Para finalizar, vale provar as sobremesas, como a torta de cacau e damasco. E quem quiser encarar um suco diferente, pe\u00e7a o &#8220;Veneno&#8221;, um l\u00edquido verde-escuro-radioativo que cura qualquer gripe ou dor de garganta (batido com agri\u00e3o, gengibre, mel e lim\u00e3o :-)<\/p>\n","protected":false},"excerpt":{"rendered":"<p>Ok, ok&#8230; admito: meu &#8216;p\u00e2nceps&#8217; n\u00e3o vive s\u00f3 do trio caldinho de feij\u00e3o, chope e cacha\u00e7a. Portanto a recomenda\u00e7\u00e3o dessa vez \u00e9 o meu &#8220;natureba&#8221; predileto do RJ, que se chama Esta\u00e7\u00e3o Sa\u00fade. Fica na Barra, mais precisamente no shopping Barra Garden. Pode n\u00e3o ser t\u00e3o famoso quanto o Universo Org\u00e2nico ou o car\u00edssimo Celeiro,&hellip;&nbsp;<a href=\"https:\/\/yuri.com.br\/claudio\/2008\/09\/05\/os-caldos-de-minha-vida-estacao-saude\/\" rel=\"bookmark\">Continue a ler &raquo;<span class=\"screen-reader-text\">Os caldos de minha vida &#8211; Esta\u00e7\u00e3o Sa\u00fade<\/span><\/a><\/p>\n","protected":false},"author":2,"featured_media":192,"comment_status":"open","ping_status":"open","sticky":false,"template":"","format":"standard","meta":{"neve_meta_sidebar":"","neve_meta_container":"","neve_meta_enable_content_width":"","neve_meta_content_width":0,"neve_meta_title_alignment":"","neve_meta_author_avatar":"","neve_post_elements_order":"","neve_meta_disable_header":"","neve_meta_disable_footer":"","neve_meta_disable_title":"","jetpack_post_was_ever_published":false,"_jetpack_newsletter_access":"","_jetpack_dont_email_post_to_subs":false,"_jetpack_newsletter_tier_id":0,"_jetpack_memberships_contains_paywalled_content":false,"_jetpack_memberships_contains_paid_content":false,"footnotes":"","jetpack_publicize_message":"","jetpack_publicize_feature_enabled":true,"jetpack_social_post_already_shared":false,"jetpack_social_options":{"image_generator_settings":{"template":"highway","default_image_id":0,"font":"","enabled":false},"version":2}},"categories":[2],"tags":[15],"class_list":["post-191","post","type-post","status-publish","format-standard","has-post-thumbnail","hentry","category-baixa-gastronomia","tag-estacao-saude"],"jetpack_publicize_connections":[],"jetpack_featured_media_url":"https:\/\/yuri.com.br\/claudio\/wp-content\/uploads\/2008\/09\/img_4205.jpg","jetpack_shortlink":"https:\/\/wp.me\/p4i7cB-35","jetpack_sharing_enabled":true,"jetpack-related-posts":[{"id":134,"url":"https:\/\/yuri.com.br\/claudio\/2008\/08\/20\/os-caldos-de-minha-vida-real-chopp\/","url_meta":{"origin":191,"position":0},"title":"Os caldos de minha vida &#8211; Real Chopp","author":"claudio","date":"20\/ago\/2008","format":false,"excerpt":"Dando sequ\u00eancia \u00e0s opini\u00f5es 'gastro-butequeiras' dessas terras cariocas, apresentarei a seguir o caldinho de feij\u00e3o do Real Chopp, meu boteco predileto de Copacabana. O local, cujos donos atuais, Afonso e Erm\u00edrio, se revezam no balc\u00e3o desde 1984, oferece um bom chope e algumas iguarias a pre\u00e7o just\u00edssimo. Afinal onde voc\u00ea\u2026","rel":"","context":"Em &quot;'Baixa' Gastronomia&quot;","block_context":{"text":"'Baixa' Gastronomia","link":"https:\/\/yuri.com.br\/claudio\/category\/baixa-gastronomia\/"},"img":{"alt_text":"","src":"https:\/\/i0.wp.com\/yuri.com.br\/claudio\/wp-content\/uploads\/2008\/08\/realchopp_caldinho.jpg?resize=350%2C200&ssl=1","width":350,"height":200,"srcset":"https:\/\/i0.wp.com\/yuri.com.br\/claudio\/wp-content\/uploads\/2008\/08\/realchopp_caldinho.jpg?resize=350%2C200&ssl=1 1x, https:\/\/i0.wp.com\/yuri.com.br\/claudio\/wp-content\/uploads\/2008\/08\/realchopp_caldinho.jpg?resize=525%2C300&ssl=1 1.5x, https:\/\/i0.wp.com\/yuri.com.br\/claudio\/wp-content\/uploads\/2008\/08\/realchopp_caldinho.jpg?resize=700%2C400&ssl=1 2x"},"classes":[]},{"id":2257,"url":"https:\/\/yuri.com.br\/claudio\/2010\/06\/24\/way-underground\/","url_meta":{"origin":191,"position":1},"title":"Way underground","author":"claudio","date":"24\/jun\/2010","format":false,"excerpt":"Recentemente em minhas andan\u00e7as sem carro pelo Rio, fui at\u00e9 o Real Chopp pela profunda esta\u00e7\u00e3o Cardeal Arcoverde do metr\u00f4 carioca. Aquele esquema de sempre: treino \u00e0 noite na Limite e caldinho de feij\u00e3o com cacha\u00e7a pra repor. O que eu n\u00e3o esperava \u00e9 que na volta eu fosse pirar\u2026","rel":"","context":"Em &quot;Outros&quot;","block_context":{"text":"Outros","link":"https:\/\/yuri.com.br\/claudio\/category\/outros\/"},"img":{"alt_text":"","src":"https:\/\/i0.wp.com\/farm5.static.flickr.com\/4022\/4712385838_9e93cee308_b.jpg?resize=350%2C200","width":350,"height":200,"srcset":"https:\/\/i0.wp.com\/farm5.static.flickr.com\/4022\/4712385838_9e93cee308_b.jpg?resize=350%2C200 1x, https:\/\/i0.wp.com\/farm5.static.flickr.com\/4022\/4712385838_9e93cee308_b.jpg?resize=525%2C300 1.5x"},"classes":[]},{"id":35,"url":"https:\/\/yuri.com.br\/claudio\/2008\/07\/29\/os-caldos-de-minha-vida\/","url_meta":{"origin":191,"position":2},"title":"Os caldos de minha vida &#8211; Adega da Velha","author":"claudio","date":"29\/jul\/2008","format":false,"excerpt":"Gostaria de compartilhar um pouco da minha experi\u00eancia butequeira adquirida aqui no RJ, cidade ber\u00e7o do botequim tradicional. J\u00e1 faz tempo que eu desejo me expressar em homenagem a esse \"templo\" do bem viver, mas para isto eu pretendo me dedicar com mais carinho em uma futura postagem, como se\u2026","rel":"","context":"Em &quot;'Baixa' Gastronomia&quot;","block_context":{"text":"'Baixa' Gastronomia","link":"https:\/\/yuri.com.br\/claudio\/category\/baixa-gastronomia\/"},"img":{"alt_text":"","src":"https:\/\/i0.wp.com\/yuri.com.br\/claudio\/wp-content\/uploads\/2008\/07\/wordpress_adega_caldinho.jpg?resize=350%2C200&ssl=1","width":350,"height":200},"classes":[]},{"id":305,"url":"https:\/\/yuri.com.br\/claudio\/2008\/11\/27\/aconchego-carioca-tcheca\/","url_meta":{"origin":191,"position":3},"title":"Aconchego Carioca &#038; Tcheca","author":"claudio","date":"27\/nov\/2008","format":false,"excerpt":"Foram orgasmos m\u00faltiplos. Portanto divido este post em duas partes: - Aconchego Carioca [ Rua Bar\u00e3o de Iguatemi 388 - 12h\/0h (s\u00e1b. e dom. at\u00e9 18h; fecha seg.)] Situado na regi\u00e3o da Pra\u00e7a da Bandeira, trata-se de um min\u00fasculo restaurante\/botequim\/bistr\u00f4 que pode n\u00e3o ser t\u00e3o antigo quanto as casas de\u2026","rel":"","context":"Em &quot;'Baixa' Gastronomia&quot;","block_context":{"text":"'Baixa' Gastronomia","link":"https:\/\/yuri.com.br\/claudio\/category\/baixa-gastronomia\/"},"img":{"alt_text":"","src":"https:\/\/i0.wp.com\/farm4.static.flickr.com\/3017\/3063578724_2210dd5150_o_d.jpg?resize=350%2C200","width":350,"height":200,"srcset":"https:\/\/i0.wp.com\/farm4.static.flickr.com\/3017\/3063578724_2210dd5150_o_d.jpg?resize=350%2C200 1x, https:\/\/i0.wp.com\/farm4.static.flickr.com\/3017\/3063578724_2210dd5150_o_d.jpg?resize=525%2C300 1.5x"},"classes":[]},{"id":3256,"url":"https:\/\/yuri.com.br\/claudio\/2011\/12\/07\/creme-de-mandioquinha\/","url_meta":{"origin":191,"position":4},"title":"Creme de mandioquinha","author":"claudio","date":"7\/dez\/2011","format":false,"excerpt":"Essa sopa n\u00e3o tem erro, \u00e9 s\u00f3 cozinhar na \u00e1gua um monte de mandioquinhas (batata baroa) descascadas e picadas, se tiver com pressa utilize uma panela de press\u00e3o. Reserve o caldo e amasse as mandioquinhas formando um pur\u00ea. Em um panel\u00e3o, refogue no azeite os temperos que achar apropriados: alho\u2026","rel":"","context":"Em &quot;'Baixa' Gastronomia&quot;","block_context":{"text":"'Baixa' Gastronomia","link":"https:\/\/yuri.com.br\/claudio\/category\/baixa-gastronomia\/"},"img":{"alt_text":"","src":"https:\/\/i0.wp.com\/yuri.com.br\/claudio\/wp-content\/uploads\/2011\/12\/mandioquinha_sopa.jpg?resize=350%2C200&ssl=1","width":350,"height":200,"srcset":"https:\/\/i0.wp.com\/yuri.com.br\/claudio\/wp-content\/uploads\/2011\/12\/mandioquinha_sopa.jpg?resize=350%2C200&ssl=1 1x, https:\/\/i0.wp.com\/yuri.com.br\/claudio\/wp-content\/uploads\/2011\/12\/mandioquinha_sopa.jpg?resize=525%2C300&ssl=1 1.5x, https:\/\/i0.wp.com\/yuri.com.br\/claudio\/wp-content\/uploads\/2011\/12\/mandioquinha_sopa.jpg?resize=700%2C400&ssl=1 2x"},"classes":[]},{"id":5132,"url":"https:\/\/yuri.com.br\/claudio\/2013\/05\/16\/paraiso-em-camadas\/","url_meta":{"origin":191,"position":5},"title":"Para\u00edso em camadas","author":"claudio","date":"16\/maio\/2013","format":false,"excerpt":"Esse friozinho que est\u00e1 chegando n\u00e3o \u00e9 s\u00f3 bom pra escalar ou tomar aquele caldinho de feij\u00e3o com uma boa cacha\u00e7a. Dessa vez n\u00e3o deixarei escapar a oportunidade de me aventurar no estilo vienense e suas massas ricas e laminadas. Assim como o pain au levain, o croissant \u00e9 um\u2026","rel":"","context":"Em &quot;'Baixa' Gastronomia&quot;","block_context":{"text":"'Baixa' Gastronomia","link":"https:\/\/yuri.com.br\/claudio\/category\/baixa-gastronomia\/"},"img":{"alt_text":"","src":"https:\/\/i0.wp.com\/yuri.com.br\/claudio\/wp-content\/uploads\/2013\/05\/croissant_learning.jpg?resize=350%2C200&ssl=1","width":350,"height":200,"srcset":"https:\/\/i0.wp.com\/yuri.com.br\/claudio\/wp-content\/uploads\/2013\/05\/croissant_learning.jpg?resize=350%2C200&ssl=1 1x, https:\/\/i0.wp.com\/yuri.com.br\/claudio\/wp-content\/uploads\/2013\/05\/croissant_learning.jpg?resize=525%2C300&ssl=1 1.5x, https:\/\/i0.wp.com\/yuri.com.br\/claudio\/wp-content\/uploads\/2013\/05\/croissant_learning.jpg?resize=700%2C400&ssl=1 2x"},"classes":[]}],"_links":{"self":[{"href":"https:\/\/yuri.com.br\/claudio\/wp-json\/wp\/v2\/posts\/191","targetHints":{"allow":["GET"]}}],"collection":[{"href":"https:\/\/yuri.com.br\/claudio\/wp-json\/wp\/v2\/posts"}],"about":[{"href":"https:\/\/yuri.com.br\/claudio\/wp-json\/wp\/v2\/types\/post"}],"author":[{"embeddable":true,"href":"https:\/\/yuri.com.br\/claudio\/wp-json\/wp\/v2\/users\/2"}],"replies":[{"embeddable":true,"href":"https:\/\/yuri.com.br\/claudio\/wp-json\/wp\/v2\/comments?post=191"}],"version-history":[{"count":0,"href":"https:\/\/yuri.com.br\/claudio\/wp-json\/wp\/v2\/posts\/191\/revisions"}],"wp:featuredmedia":[{"embeddable":true,"href":"https:\/\/yuri.com.br\/claudio\/wp-json\/wp\/v2\/media\/192"}],"wp:attachment":[{"href":"https:\/\/yuri.com.br\/claudio\/wp-json\/wp\/v2\/media?parent=191"}],"wp:term":[{"taxonomy":"category","embeddable":true,"href":"https:\/\/yuri.com.br\/claudio\/wp-json\/wp\/v2\/categories?post=191"},{"taxonomy":"post_tag","embeddable":true,"href":"https:\/\/yuri.com.br\/claudio\/wp-json\/wp\/v2\/tags?post=191"}],"curies":[{"name":"wp","href":"https:\/\/api.w.org\/{rel}","templated":true}]}}