{"id":1878,"date":"2010-04-21T14:05:33","date_gmt":"2010-04-21T14:05:33","guid":{"rendered":"http:\/\/claudiobr.wordpress.com\/?p=1878"},"modified":"2010-04-21T14:05:33","modified_gmt":"2010-04-21T14:05:33","slug":"religulous","status":"publish","type":"post","link":"https:\/\/yuri.com.br\/claudio\/2010\/04\/21\/religulous\/","title":{"rendered":"Religulous"},"content":{"rendered":"<p style=\"text-align:justify;\">Aproveitando o tema dos padres cat\u00f3licos <a href=\"http:\/\/oglobo.globo.com\/mundo\/mat\/2010\/03\/20\/pedofilia-papa-se-desculpa-por-casos-de-abuso-sexual-cometidos-na-irlanda-documento-nao-agrada-grupo-de-vitimas-916127516.asp\" target=\"_blank\">comedores<\/a> de criancinhas, em um dia\/feriado em que <a href=\"http:\/\/noticias.r7.com\/videos\/dois-milhoes-lotam-botafogo-rj-em-dia-de-muito-sol-para-festejar-o-dia-d\/idmedia\/802a2cf530077f6009d2ce4065074201.html\" target=\"_blank\">2 milh\u00f5es<\/a> de crentes da Igreja Universal vieram se aglomerar aqui do lado de casa, deixo a minha sugest\u00e3o de um divertido document\u00e1rio muito bem humorado (dependendo de quem assiste) &#8211; do mesmo diretor de Borat &#8211; <a href=\"http:\/\/www.imdb.com\/title\/tt0815241\/\" target=\"_blank\">Religulous<\/a>:<\/p>\n<div class=\"nv-iframe-embed\"><span class=\"embed-youtube\" style=\"text-align:center; display: block;\"><iframe loading=\"lazy\" class=\"youtube-player\" width=\"1200\" height=\"675\" src=\"https:\/\/www.youtube.com\/embed\/eZpREDn4NFA?version=3&#038;rel=1&#038;showsearch=0&#038;showinfo=1&#038;iv_load_policy=1&#038;fs=1&#038;hl=pt-BR&#038;autohide=2&#038;wmode=transparent\" allowfullscreen=\"true\" style=\"border:0;\" sandbox=\"allow-scripts allow-same-origin allow-popups allow-presentation allow-popups-to-escape-sandbox\"><\/iframe><\/span><\/div>\n<p style=\"text-align:justify;\">O filme foi lan\u00e7ado somente em DVD (2008). Independente de quais forem as suas cren\u00e7as, vale a pena conferir.<\/p>\n<p style=\"text-align:justify;\">No mesmo clima, compartilho uma lembran\u00e7a desta performance &#8216;fod\u00e1stica&#8217; do Al Pacino em <a href=\"http:\/\/www.imdb.com\/title\/tt0118971\/\" target=\"_blank\">Advogado do Diabo<\/a>, um mon\u00f3logo que valeu o filme&#8230;\u00a0 e o discurso, ao meu ver, n\u00e3o tem nada de sat\u00e2nico, \u00e9 muito mais que isso.<\/p>\n<div class=\"nv-iframe-embed\"><span class=\"embed-youtube\" style=\"text-align:center; display: block;\"><iframe loading=\"lazy\" class=\"youtube-player\" width=\"1200\" height=\"675\" src=\"https:\/\/www.youtube.com\/embed\/7DMDscGOUpg?version=3&#038;rel=1&#038;showsearch=0&#038;showinfo=1&#038;iv_load_policy=1&#038;fs=1&#038;hl=pt-BR&#038;autohide=2&#038;wmode=transparent\" allowfullscreen=\"true\" style=\"border:0;\" sandbox=\"allow-scripts allow-same-origin allow-popups allow-presentation allow-popups-to-escape-sandbox\"><\/iframe><\/span><\/div>\n<h5 style=\"text-align:justify;\"><em>John Milton: Let me give you a little inside information about God. God likes to  watch. He&#8217;s a prankster. Think about it. He gives man instincts. He  gives you this extraordinary gift, and then what does He do, I swear for  His own amusement, His own private, cosmic gag reel, He sets the rules  in opposition. It&#8217;s the goof of all time. Look but don&#8217;t touch. Touch,  but don&#8217;t taste. Taste, don&#8217;t swallow. Ahaha. And while you&#8217;re jumpin&#8217;  from one foot to the next, what is He doing? He&#8217;s laughin&#8217; His sick,  fuckin&#8217; ass off. He&#8217;s a tight-ass. He&#8217;s a sadist. He&#8217;s an absentee  landlord. Worship that? Never.<\/em><\/h5>\n<p>&nbsp;<\/p>\n<p>Viva o livre arb\u00edtrio!<\/p>\n","protected":false},"excerpt":{"rendered":"<p>Aproveitando o tema dos padres cat\u00f3licos comedores de criancinhas, em um dia\/feriado em que 2 milh\u00f5es de crentes da Igreja Universal vieram se aglomerar aqui do lado de casa, deixo a minha sugest\u00e3o de um divertido document\u00e1rio muito bem humorado (dependendo de quem assiste) &#8211; do mesmo diretor de Borat &#8211; Religulous: O filme foi&hellip;&nbsp;<a href=\"https:\/\/yuri.com.br\/claudio\/2010\/04\/21\/religulous\/\" rel=\"bookmark\">Continue a ler &raquo;<span class=\"screen-reader-text\">Religulous<\/span><\/a><\/p>\n","protected":false},"author":2,"featured_media":0,"comment_status":"open","ping_status":"open","sticky":false,"template":"","format":"standard","meta":{"neve_meta_sidebar":"","neve_meta_container":"","neve_meta_enable_content_width":"","neve_meta_content_width":0,"neve_meta_title_alignment":"","neve_meta_author_avatar":"","neve_post_elements_order":"","neve_meta_disable_header":"","neve_meta_disable_footer":"","neve_meta_disable_title":"","jetpack_post_was_ever_published":false,"_jetpack_newsletter_access":"","_jetpack_dont_email_post_to_subs":false,"_jetpack_newsletter_tier_id":0,"_jetpack_memberships_contains_paywalled_content":false,"_jetpack_memberships_contains_paid_content":false,"footnotes":"","jetpack_publicize_message":"","jetpack_publicize_feature_enabled":true,"jetpack_social_post_already_shared":false,"jetpack_social_options":{"image_generator_settings":{"template":"highway","default_image_id":0,"font":"","enabled":false},"version":2}},"categories":[5],"tags":[],"class_list":["post-1878","post","type-post","status-publish","format-standard","hentry","category-outros"],"jetpack_publicize_connections":[],"jetpack_featured_media_url":"","jetpack_shortlink":"https:\/\/wp.me\/p4i7cB-ui","jetpack_sharing_enabled":true,"jetpack-related-posts":[{"id":661,"url":"https:\/\/yuri.com.br\/claudio\/2009\/05\/07\/ubatuba-report-video\/","url_meta":{"origin":1878,"position":0},"title":"Ubatuba report (v\u00eddeo)","author":"claudio","date":"7\/maio\/2009","format":false,"excerpt":"Finalizei o \"souvenir\/curta\" do \u00faltimo feriado: Estrelando: galera se divertindo no Pro Abaulado V2, eu no Ur\u00e9ia V8, e o Alexis em seu Puro Cambur y Peo V4 (FA), este \u00faltimo gra\u00e7as as imagens cedidas pelo Gabriel. (caso sua conex\u00e3o seja lenta, pause o v\u00eddeo e espere a barrinha cinza\u2026","rel":"","context":"Em &quot;Escalada&quot;","block_context":{"text":"Escalada","link":"https:\/\/yuri.com.br\/claudio\/category\/escalada\/"},"img":{"alt_text":"","src":"","width":0,"height":0},"classes":[]},{"id":247,"url":"https:\/\/yuri.com.br\/claudio\/2008\/09\/29\/banff-2008-mostra-internacional-de-filmes-de-montanha\/","url_meta":{"origin":1878,"position":1},"title":"BANFF 2008 &#8211; Mostra Internacional de Filmes de Montanha","author":"claudio","date":"29\/set\/2008","format":false,"excerpt":"Acontece neste m\u00eas de outubro, a 7a. Mostra Internacional de Filmes de Montanha (Banff). Conforme edi\u00e7\u00f5es anteriores, a exibi\u00e7\u00e3o ser\u00e1 no belo e hist\u00f3rico Cine Odeon, no Rio de Janeiro. Como sempre, muitas cenas de a\u00e7\u00e3o, adrenalina, natureza, conscientiza\u00e7\u00e3o, etc! Fique antenado no site oficial para detalhes da programa\u00e7\u00e3o, que\u2026","rel":"","context":"Em &quot;Escalada&quot;","block_context":{"text":"Escalada","link":"https:\/\/yuri.com.br\/claudio\/category\/escalada\/"},"img":{"alt_text":"","src":"https:\/\/i0.wp.com\/escaladabrasil.com\/yuri\/BANFF-Uruca.jpg?resize=350%2C200","width":350,"height":200,"srcset":"https:\/\/i0.wp.com\/escaladabrasil.com\/yuri\/BANFF-Uruca.jpg?resize=350%2C200 1x, https:\/\/i0.wp.com\/escaladabrasil.com\/yuri\/BANFF-Uruca.jpg?resize=525%2C300 1.5x"},"classes":[]},{"id":4459,"url":"https:\/\/yuri.com.br\/claudio\/2012\/12\/17\/focaccia\/","url_meta":{"origin":1878,"position":2},"title":"Focaccia","author":"claudio","date":"17\/dez\/2012","format":false,"excerpt":"Na semana passada, sobrou fermento\/levain e aproveitei para fazer uma focaccia. Pena que foto n\u00e3o tem cheiro... Como a aprova\u00e7\u00e3o da esposa foi superlativa, deixo a sugest\u00e3o para vc que est\u00e1 naquele ador\u00e1vel ritmo de fim de ano e sem id\u00e9ias para fazer nesses dias de chuva. A grosso modo\u2026","rel":"","context":"Em &quot;'Baixa' Gastronomia&quot;","block_context":{"text":"'Baixa' Gastronomia","link":"https:\/\/yuri.com.br\/claudio\/category\/baixa-gastronomia\/"},"img":{"alt_text":"","src":"https:\/\/i0.wp.com\/yuri.com.br\/claudio\/wp-content\/uploads\/2012\/12\/focaccia.jpg?resize=350%2C200&ssl=1","width":350,"height":200,"srcset":"https:\/\/i0.wp.com\/yuri.com.br\/claudio\/wp-content\/uploads\/2012\/12\/focaccia.jpg?resize=350%2C200&ssl=1 1x, https:\/\/i0.wp.com\/yuri.com.br\/claudio\/wp-content\/uploads\/2012\/12\/focaccia.jpg?resize=525%2C300&ssl=1 1.5x, https:\/\/i0.wp.com\/yuri.com.br\/claudio\/wp-content\/uploads\/2012\/12\/focaccia.jpg?resize=700%2C400&ssl=1 2x"},"classes":[]},{"id":4650,"url":"https:\/\/yuri.com.br\/claudio\/2013\/03\/13\/tortilla\/","url_meta":{"origin":1878,"position":3},"title":"Tortilla","author":"claudio","date":"13\/mar\/2013","format":"aside","excerpt":"Ta\u00ed um quitute pr\u00e1tico\/f\u00e1cil, \u00f3timo para fazer uma limpa nos restos da sua geladeira. Comfort food total! A quantidade de ovos e batatas vai depender do tamanho da sua frigideira. No caso da foto, coloquei tudo em uma assadeira e mandei pro forno. Foram 2 batatas, 2 cebolas, 6 ovos.\u2026","rel":"","context":"Em &quot;'Baixa' Gastronomia&quot;","block_context":{"text":"'Baixa' Gastronomia","link":"https:\/\/yuri.com.br\/claudio\/category\/baixa-gastronomia\/"},"img":{"alt_text":"","src":"https:\/\/i0.wp.com\/yuri.com.br\/claudio\/wp-content\/uploads\/2013\/03\/tortilla1.jpg?resize=350%2C200&ssl=1","width":350,"height":200,"srcset":"https:\/\/i0.wp.com\/yuri.com.br\/claudio\/wp-content\/uploads\/2013\/03\/tortilla1.jpg?resize=350%2C200&ssl=1 1x, https:\/\/i0.wp.com\/yuri.com.br\/claudio\/wp-content\/uploads\/2013\/03\/tortilla1.jpg?resize=525%2C300&ssl=1 1.5x, https:\/\/i0.wp.com\/yuri.com.br\/claudio\/wp-content\/uploads\/2013\/03\/tortilla1.jpg?resize=700%2C400&ssl=1 2x"},"classes":[]},{"id":7649,"url":"https:\/\/yuri.com.br\/claudio\/2014\/05\/06\/rodrigo-nunes-batore-v9-rubinho\/","url_meta":{"origin":1878,"position":4},"title":"Rodrigo Nunes @ Bator\u00e9 V9 (Rubinho)","author":"Cl\u00e1udio Brisighello","date":"6\/maio\/2014","format":false,"excerpt":"E o Rodrigo levou pra casa uma \"belezura\" l\u00e1 do Rubinho, o Bator\u00e9 V9. Uma coisa eu aprendi com essa cadena: quando as coisas parecem ruins, de repente tudo pode mudar e te surpreender... Essa perspectiva, que evidencia bem a inclina\u00e7\u00e3o da linha, \u00e9 dif\u00edcil de compor sem luz artificial.\u2026","rel":"","context":"Em &quot;Escalada&quot;","block_context":{"text":"Escalada","link":"https:\/\/yuri.com.br\/claudio\/category\/escalada\/"},"img":{"alt_text":"","src":"https:\/\/i0.wp.com\/yuri.com.br\/claudio\/wp-content\/uploads\/2013\/05\/Rubinho_Batore_RNunes.jpg?resize=350%2C200&ssl=1","width":350,"height":200,"srcset":"https:\/\/i0.wp.com\/yuri.com.br\/claudio\/wp-content\/uploads\/2013\/05\/Rubinho_Batore_RNunes.jpg?resize=350%2C200&ssl=1 1x, https:\/\/i0.wp.com\/yuri.com.br\/claudio\/wp-content\/uploads\/2013\/05\/Rubinho_Batore_RNunes.jpg?resize=525%2C300&ssl=1 1.5x, https:\/\/i0.wp.com\/yuri.com.br\/claudio\/wp-content\/uploads\/2013\/05\/Rubinho_Batore_RNunes.jpg?resize=700%2C400&ssl=1 2x, https:\/\/i0.wp.com\/yuri.com.br\/claudio\/wp-content\/uploads\/2013\/05\/Rubinho_Batore_RNunes.jpg?resize=1050%2C600&ssl=1 3x"},"classes":[]},{"id":254,"url":"https:\/\/yuri.com.br\/claudio\/2008\/10\/31\/sobre-o-campeonato-estadual-de-boulder-rj-2008\/","url_meta":{"origin":1878,"position":5},"title":"Sobre o Campeonato Estadual de Boulder RJ 2008","author":"claudio","date":"31\/out\/2008","format":false,"excerpt":"Neste m\u00eas de outubro\u00a0terminou o Campeonato Estadual de Escalada (Boulder) do RJ 2008. Sobre os resultados oficiais eu indico 2 artigos: Blog da Lojinha de Escalada Blog do Caio Gomes E clicando neste link pode-se conferir algumas fotos que fiz desta \u00faltima etapa na Limite Vertical. Aproveito este espa\u00e7o para\u2026","rel":"","context":"Em &quot;Escalada&quot;","block_context":{"text":"Escalada","link":"https:\/\/yuri.com.br\/claudio\/category\/escalada\/"},"img":{"alt_text":"","src":"https:\/\/i0.wp.com\/yuri.com.br\/claudio\/wp-content\/uploads\/2008\/10\/jornaldossports_estadualrj2008.jpg?resize=350%2C200&ssl=1","width":350,"height":200,"srcset":"https:\/\/i0.wp.com\/yuri.com.br\/claudio\/wp-content\/uploads\/2008\/10\/jornaldossports_estadualrj2008.jpg?resize=350%2C200&ssl=1 1x, https:\/\/i0.wp.com\/yuri.com.br\/claudio\/wp-content\/uploads\/2008\/10\/jornaldossports_estadualrj2008.jpg?resize=525%2C300&ssl=1 1.5x, https:\/\/i0.wp.com\/yuri.com.br\/claudio\/wp-content\/uploads\/2008\/10\/jornaldossports_estadualrj2008.jpg?resize=700%2C400&ssl=1 2x"},"classes":[]}],"_links":{"self":[{"href":"https:\/\/yuri.com.br\/claudio\/wp-json\/wp\/v2\/posts\/1878","targetHints":{"allow":["GET"]}}],"collection":[{"href":"https:\/\/yuri.com.br\/claudio\/wp-json\/wp\/v2\/posts"}],"about":[{"href":"https:\/\/yuri.com.br\/claudio\/wp-json\/wp\/v2\/types\/post"}],"author":[{"embeddable":true,"href":"https:\/\/yuri.com.br\/claudio\/wp-json\/wp\/v2\/users\/2"}],"replies":[{"embeddable":true,"href":"https:\/\/yuri.com.br\/claudio\/wp-json\/wp\/v2\/comments?post=1878"}],"version-history":[{"count":0,"href":"https:\/\/yuri.com.br\/claudio\/wp-json\/wp\/v2\/posts\/1878\/revisions"}],"wp:attachment":[{"href":"https:\/\/yuri.com.br\/claudio\/wp-json\/wp\/v2\/media?parent=1878"}],"wp:term":[{"taxonomy":"category","embeddable":true,"href":"https:\/\/yuri.com.br\/claudio\/wp-json\/wp\/v2\/categories?post=1878"},{"taxonomy":"post_tag","embeddable":true,"href":"https:\/\/yuri.com.br\/claudio\/wp-json\/wp\/v2\/tags?post=1878"}],"curies":[{"name":"wp","href":"https:\/\/api.w.org\/{rel}","templated":true}]}}