{"id":1785,"date":"2010-04-07T22:00:52","date_gmt":"2010-04-07T22:00:52","guid":{"rendered":"http:\/\/claudiobr.wordpress.com\/?p=1785"},"modified":"2010-04-07T22:00:52","modified_gmt":"2010-04-07T22:00:52","slug":"a-bufa","status":"publish","type":"post","link":"https:\/\/yuri.com.br\/claudio\/2010\/04\/07\/a-bufa\/","title":{"rendered":"A bufa"},"content":{"rendered":"<p style=\"text-align:justify;\">Uma foto pra registrar estes dias de muita chuva aqui no Rio. Sair \u00e0s 8 da noite durante a semana e encontrar a movimentada Rua S\u00e3o Clemente totalmente deserta, sem gente nem carros&#8230; foi uma sensa\u00e7\u00e3o no m\u00ednimo estranha.<\/p>\n<p style=\"text-align:center;\"><a href=\"http:\/\/www.flickr.com\/photos\/cbrisighello\/4485289564\/\" target=\"_blank\"><img loading=\"lazy\" decoding=\"async\" class=\"aligncenter\" title=\"From my window\" src=\"http:\/\/farm5.static.flickr.com\/4010\/4485289564_9449e1cf79_o.jpg\" alt=\"\" width=\"609\" height=\"468\" \/><\/a><\/p>\n","protected":false},"excerpt":{"rendered":"<p>Uma foto pra registrar estes dias de muita chuva aqui no Rio. Sair \u00e0s 8 da noite durante a semana e encontrar a movimentada Rua S\u00e3o Clemente totalmente deserta, sem gente nem carros&#8230; foi uma sensa\u00e7\u00e3o no m\u00ednimo estranha.<\/p>\n","protected":false},"author":2,"featured_media":0,"comment_status":"open","ping_status":"open","sticky":false,"template":"","format":"standard","meta":{"neve_meta_sidebar":"","neve_meta_container":"","neve_meta_enable_content_width":"","neve_meta_content_width":0,"neve_meta_title_alignment":"","neve_meta_author_avatar":"","neve_post_elements_order":"","neve_meta_disable_header":"","neve_meta_disable_footer":"","neve_meta_disable_title":"","jetpack_post_was_ever_published":false,"_jetpack_newsletter_access":"","_jetpack_dont_email_post_to_subs":false,"_jetpack_newsletter_tier_id":0,"_jetpack_memberships_contains_paywalled_content":false,"_jetpack_memberships_contains_paid_content":false,"footnotes":"","jetpack_publicize_message":"","jetpack_publicize_feature_enabled":true,"jetpack_social_post_already_shared":false,"jetpack_social_options":{"image_generator_settings":{"template":"highway","default_image_id":0,"font":"","enabled":false},"version":2}},"categories":[5],"tags":[],"class_list":["post-1785","post","type-post","status-publish","format-standard","hentry","category-outros"],"jetpack_publicize_connections":[],"jetpack_featured_media_url":"","jetpack_shortlink":"https:\/\/wp.me\/p4i7cB-sN","jetpack_sharing_enabled":true,"jetpack-related-posts":[{"id":1511,"url":"https:\/\/yuri.com.br\/claudio\/2010\/02\/09\/project-365\/","url_meta":{"origin":1785,"position":0},"title":"Project 365","author":"claudio","date":"9\/fev\/2010","format":false,"excerpt":"Desde o ano passado, notei alguns malucos se comprometendo num projeto fotogr\u00e1fico que consiste em tirar uma foto por dia, durante os 365 dias do ano. O destaque foi Dustin Diaz, que chegou a ser eleito o Best Flickr Photographer de 2009 em vota\u00e7\u00e3o popular. Ele ainda publicava os setups\u2026","rel":"","context":"Em &quot;Outros&quot;","block_context":{"text":"Outros","link":"https:\/\/yuri.com.br\/claudio\/category\/outros\/"},"img":{"alt_text":"","src":"https:\/\/i0.wp.com\/l.yimg.com\/g\/images\/spaceball.gif?resize=350%2C200","width":350,"height":200},"classes":[]},{"id":2257,"url":"https:\/\/yuri.com.br\/claudio\/2010\/06\/24\/way-underground\/","url_meta":{"origin":1785,"position":1},"title":"Way underground","author":"claudio","date":"24\/jun\/2010","format":false,"excerpt":"Recentemente em minhas andan\u00e7as sem carro pelo Rio, fui at\u00e9 o Real Chopp pela profunda esta\u00e7\u00e3o Cardeal Arcoverde do metr\u00f4 carioca. Aquele esquema de sempre: treino \u00e0 noite na Limite e caldinho de feij\u00e3o com cacha\u00e7a pra repor. O que eu n\u00e3o esperava \u00e9 que na volta eu fosse pirar\u2026","rel":"","context":"Em &quot;Outros&quot;","block_context":{"text":"Outros","link":"https:\/\/yuri.com.br\/claudio\/category\/outros\/"},"img":{"alt_text":"","src":"https:\/\/i0.wp.com\/farm5.static.flickr.com\/4022\/4712385838_9e93cee308_b.jpg?resize=350%2C200","width":350,"height":200,"srcset":"https:\/\/i0.wp.com\/farm5.static.flickr.com\/4022\/4712385838_9e93cee308_b.jpg?resize=350%2C200 1x, https:\/\/i0.wp.com\/farm5.static.flickr.com\/4022\/4712385838_9e93cee308_b.jpg?resize=525%2C300 1.5x"},"classes":[]},{"id":551,"url":"https:\/\/yuri.com.br\/claudio\/2009\/04\/01\/bismarque\/","url_meta":{"origin":1785,"position":2},"title":"Bismarque","author":"claudio","date":"1\/abr\/2009","format":false,"excerpt":"Voltando aos velhos posts da \"baixa\" gastronomia, chegou a hora de prestar merecida homenagem a um discreto estabelecimento: o Bismarque. Para os moradores do Botafogo\/RJ amantes das velhas tradi\u00e7\u00f5es, este \u00e9 um itiner\u00e1rio obrigat\u00f3rio. E bota tradicional nisso, o local serve cl\u00e1ssicos da culin\u00e1ria portuguesa e brasileira (apesar do nome\u2026","rel":"","context":"Em &quot;'Baixa' Gastronomia&quot;","block_context":{"text":"'Baixa' Gastronomia","link":"https:\/\/yuri.com.br\/claudio\/category\/baixa-gastronomia\/"},"img":{"alt_text":"Costeleta do Bismarque","src":"https:\/\/i0.wp.com\/yuri.com.br\/claudio\/wp-content\/uploads\/2009\/04\/bismarque.jpg?resize=350%2C200","width":350,"height":200},"classes":[]},{"id":1167,"url":"https:\/\/yuri.com.br\/claudio\/2009\/11\/03\/finados\/","url_meta":{"origin":1785,"position":3},"title":"Finados","author":"claudio","date":"3\/nov\/2009","format":false,"excerpt":"O feriad\u00e3o por aqui foi tranquilo. Tijolado de rodar pelas estradas nas f\u00e9rias, ficamos no RJ onde eu pude reencontrar o granito e lembrar como \u00e9 bom escalar neste tipo de pedra, principalmente se for na Barrinha! :-) Fiz algumas fotos, mesmo que sem muita inspira\u00e7\u00e3o... aproveitei 10% do que\u2026","rel":"","context":"Em &quot;'Baixa' Gastronomia&quot;","block_context":{"text":"'Baixa' Gastronomia","link":"https:\/\/yuri.com.br\/claudio\/category\/baixa-gastronomia\/"},"img":{"alt_text":"","src":"https:\/\/i0.wp.com\/farm3.static.flickr.com\/2633\/4068778188_398b6ca944_o.jpg?resize=350%2C200","width":350,"height":200},"classes":[]},{"id":151,"url":"https:\/\/yuri.com.br\/claudio\/2008\/08\/25\/cesinha-encadena-a-coquetel-de-energia-10c\/","url_meta":{"origin":1785,"position":4},"title":"Cesinha encadena a &#8220;Coquetel de Energia&#8221; 10c","author":"claudio","date":"25\/ago\/2008","format":false,"excerpt":"O escalador paulista e atual campe\u00e3o brasileiro Cesar Grosso, o Cesinha, est\u00e1 passando alguns dias no Rio de Janeiro e neste \u00faltimo domingo fez uma das mais r\u00e1pidas ascens\u00f5es da via Coquetel de Energia no Campo Escola 2000, que \u00e9 a primeira via graduada em 10c do Brasil. Contando como\u2026","rel":"","context":"Em &quot;Escalada&quot;","block_context":{"text":"Escalada","link":"https:\/\/yuri.com.br\/claudio\/category\/escalada\/"},"img":{"alt_text":"","src":"https:\/\/i0.wp.com\/yuri.com.br\/claudio\/wp-content\/uploads\/2008\/08\/ce2000_coquetel_cesinha_a.jpg?resize=350%2C200&ssl=1","width":350,"height":200,"srcset":"https:\/\/i0.wp.com\/yuri.com.br\/claudio\/wp-content\/uploads\/2008\/08\/ce2000_coquetel_cesinha_a.jpg?resize=350%2C200&ssl=1 1x, https:\/\/i0.wp.com\/yuri.com.br\/claudio\/wp-content\/uploads\/2008\/08\/ce2000_coquetel_cesinha_a.jpg?resize=525%2C300&ssl=1 1.5x, https:\/\/i0.wp.com\/yuri.com.br\/claudio\/wp-content\/uploads\/2008\/08\/ce2000_coquetel_cesinha_a.jpg?resize=700%2C400&ssl=1 2x"},"classes":[]},{"id":241,"url":"https:\/\/yuri.com.br\/claudio\/2008\/09\/25\/fausto-wolff\/","url_meta":{"origin":1785,"position":5},"title":"Fausto Wolff","author":"claudio","date":"25\/set\/2008","format":false,"excerpt":"A poucas semanas atr\u00e1s, mais precisamente no dia 5 de setembro, faleceu no RJ o jornalista e escritor brasileiro Fausto Wolff. Eu n\u00e3o tenho a menor compet\u00eancia pra escrever sobre esse cara. Indico um artigo \"p\u00f3stumo\" que o descreve melhor no seu pr\u00f3prio site: http:\/\/www.olobo.net\/index.php?pg=colunistas&id=1008 Mas aqui eu gostaria de\u2026","rel":"","context":"Em &quot;'Baixa' Gastronomia&quot;","block_context":{"text":"'Baixa' Gastronomia","link":"https:\/\/yuri.com.br\/claudio\/category\/baixa-gastronomia\/"},"img":{"alt_text":"","src":"","width":0,"height":0},"classes":[]}],"_links":{"self":[{"href":"https:\/\/yuri.com.br\/claudio\/wp-json\/wp\/v2\/posts\/1785","targetHints":{"allow":["GET"]}}],"collection":[{"href":"https:\/\/yuri.com.br\/claudio\/wp-json\/wp\/v2\/posts"}],"about":[{"href":"https:\/\/yuri.com.br\/claudio\/wp-json\/wp\/v2\/types\/post"}],"author":[{"embeddable":true,"href":"https:\/\/yuri.com.br\/claudio\/wp-json\/wp\/v2\/users\/2"}],"replies":[{"embeddable":true,"href":"https:\/\/yuri.com.br\/claudio\/wp-json\/wp\/v2\/comments?post=1785"}],"version-history":[{"count":0,"href":"https:\/\/yuri.com.br\/claudio\/wp-json\/wp\/v2\/posts\/1785\/revisions"}],"wp:attachment":[{"href":"https:\/\/yuri.com.br\/claudio\/wp-json\/wp\/v2\/media?parent=1785"}],"wp:term":[{"taxonomy":"category","embeddable":true,"href":"https:\/\/yuri.com.br\/claudio\/wp-json\/wp\/v2\/categories?post=1785"},{"taxonomy":"post_tag","embeddable":true,"href":"https:\/\/yuri.com.br\/claudio\/wp-json\/wp\/v2\/tags?post=1785"}],"curies":[{"name":"wp","href":"https:\/\/api.w.org\/{rel}","templated":true}]}}