{"id":174,"date":"2008-09-02T21:32:52","date_gmt":"2008-09-02T21:32:52","guid":{"rendered":"http:\/\/claudiobr.wordpress.com\/?p=174"},"modified":"2008-09-02T21:32:52","modified_gmt":"2008-09-02T21:32:52","slug":"visita-do-cesinha","status":"publish","type":"post","link":"https:\/\/yuri.com.br\/claudio\/2008\/09\/02\/visita-do-cesinha\/","title":{"rendered":"Visita do Cesinha"},"content":{"rendered":"<p><img loading=\"lazy\" decoding=\"async\" data-attachment-id=\"176\" data-permalink=\"https:\/\/yuri.com.br\/claudio\/2008\/09\/02\/visita-do-cesinha\/cesinha_banner1\/\" data-orig-file=\"https:\/\/yuri.com.br\/claudio\/wp-content\/uploads\/2008\/09\/cesinha_banner1.jpg\" data-orig-size=\"78,480\" data-comments-opened=\"1\" data-image-meta=\"{&quot;aperture&quot;:&quot;0&quot;,&quot;credit&quot;:&quot;&quot;,&quot;camera&quot;:&quot;&quot;,&quot;caption&quot;:&quot;&quot;,&quot;created_timestamp&quot;:&quot;0&quot;,&quot;copyright&quot;:&quot;&quot;,&quot;focal_length&quot;:&quot;0&quot;,&quot;iso&quot;:&quot;0&quot;,&quot;shutter_speed&quot;:&quot;0&quot;,&quot;title&quot;:&quot;&quot;}\" data-image-title=\"Cesinha Banner Vertical (Coquetel de Energia)\" data-image-description=\"\" data-image-caption=\"\" data-medium-file=\"https:\/\/yuri.com.br\/claudio\/wp-content\/uploads\/2008\/09\/cesinha_banner1-48x300.jpg\" data-large-file=\"https:\/\/yuri.com.br\/claudio\/wp-content\/uploads\/2008\/09\/cesinha_banner1.jpg\" class=\"alignright size-full wp-image-176\" src=\"http:\/\/yuri.com.br\/claudio\/wp-content\/uploads\/2008\/09\/cesinha_banner1.jpg\" alt=\"\" width=\"78\" height=\"480\" \/><\/p>\n<p>Um registro sobre a visita do Cesinha aqui no RJ semana passada:<\/p>\n<p>Como n\u00e3o \u00e9 sempre que vemos r\u00e1pidas ascens\u00f5es de Xa \u00e0 vista ou Xc em poucas tentativas, procurei documentar e abaixo listo os &#8216;souvenirs&#8217; desta viagem.<\/p>\n<p><a href=\"http:\/\/www.escaladabrasil.com\/osite\/modules.php?name=News&amp;file=article&amp;sid=786\" target=\"_blank\">Mat\u00e9ria no EscaladaBrasil.com<\/a><\/p>\n<p><a href=\"http:\/\/www.escaladabrasil.com\/osite\/modules.php?name=News&amp;file=article&amp;sid=785\" target=\"_blank\">Entrevista no EscaladaBrasil.com<\/a><\/p>\n<p><a href=\"http:\/\/www.yuri.com.br\/claudio\/EXPO\" target=\"_blank\">Fotos da Coquetel na galeria EXPO!<\/a><\/p>\n<p><a href=\"http:\/\/vimeo.com\/1648472?pg=transcoded_embed&amp;sec=1648472\" target=\"_blank\">V\u00eddeo hi-res. da Ziquizira 10a onsight no Vimeo<\/a><\/p>\n<p><a href=\"http:\/\/www.escaladabrasil.com\/osite\/modules.php?name=Downloads&amp;d_op=viewdownloaddetails&amp;cid=27&amp;lid=766&amp;title=Ziquizira%2010a%20%E0%20vista%20-%20Cesinha#dldetails\">V\u00eddeo hi-res. da Ziquirira 10a onsight para download no EB<\/a><\/p>\n<p>Independente da sua inquestion\u00e1vel performance nas fal\u00e9sias cariocas, foi \u00f3timo rever o (ex)moleque, e notar que sua cabe\u00e7a continua boa&#8230; <\/p>\n<p>O v\u00eddeo foi feito meio \u00e0s pressas nesta segunda dia 1o., mas gra\u00e7as ao feriado americano (labor day) eu pude caprichar na edi\u00e7\u00e3o, deixando o meu trampo de lado hehehe!<\/p>\n<p>As fotos come\u00e7am a expor umas experi\u00eancias que ando arriscando com ilumina\u00e7\u00e3o artificial nas fotografias de escalada. A Floresta da Tijuca \u00e9 bem densa e fechada, sendo um bom local para estas composi\u00e7\u00f5es.<\/p>\n<p>Bons ventos!<\/p>\n","protected":false},"excerpt":{"rendered":"<p>Um registro sobre a visita do Cesinha aqui no RJ semana passada: Como n\u00e3o \u00e9 sempre que vemos r\u00e1pidas ascens\u00f5es de Xa \u00e0 vista ou Xc em poucas tentativas, procurei documentar e abaixo listo os &#8216;souvenirs&#8217; desta viagem. Mat\u00e9ria no EscaladaBrasil.com Entrevista no EscaladaBrasil.com Fotos da Coquetel na galeria EXPO! V\u00eddeo hi-res. da Ziquizira 10a&hellip;&nbsp;<a href=\"https:\/\/yuri.com.br\/claudio\/2008\/09\/02\/visita-do-cesinha\/\" rel=\"bookmark\">Continue a ler &raquo;<span class=\"screen-reader-text\">Visita do Cesinha<\/span><\/a><\/p>\n","protected":false},"author":2,"featured_media":175,"comment_status":"open","ping_status":"open","sticky":false,"template":"","format":"standard","meta":{"neve_meta_sidebar":"","neve_meta_container":"","neve_meta_enable_content_width":"","neve_meta_content_width":0,"neve_meta_title_alignment":"","neve_meta_author_avatar":"","neve_post_elements_order":"","neve_meta_disable_header":"","neve_meta_disable_footer":"","neve_meta_disable_title":"","jetpack_post_was_ever_published":false,"_jetpack_newsletter_access":"","_jetpack_dont_email_post_to_subs":false,"_jetpack_newsletter_tier_id":0,"_jetpack_memberships_contains_paywalled_content":false,"_jetpack_memberships_contains_paid_content":false,"footnotes":"","jetpack_publicize_message":"","jetpack_publicize_feature_enabled":true,"jetpack_social_post_already_shared":false,"jetpack_social_options":{"image_generator_settings":{"template":"highway","default_image_id":0,"font":"","enabled":false},"version":2}},"categories":[3],"tags":[125],"class_list":["post-174","post","type-post","status-publish","format-standard","has-post-thumbnail","hentry","category-escalada","tag-escalada"],"jetpack_publicize_connections":[],"jetpack_featured_media_url":"https:\/\/yuri.com.br\/claudio\/wp-content\/uploads\/2008\/09\/cesinha_banner.jpg","jetpack_shortlink":"https:\/\/wp.me\/p4i7cB-2O","jetpack_sharing_enabled":true,"jetpack-related-posts":[{"id":151,"url":"https:\/\/yuri.com.br\/claudio\/2008\/08\/25\/cesinha-encadena-a-coquetel-de-energia-10c\/","url_meta":{"origin":174,"position":0},"title":"Cesinha encadena a &#8220;Coquetel de Energia&#8221; 10c","author":"claudio","date":"25\/ago\/2008","format":false,"excerpt":"O escalador paulista e atual campe\u00e3o brasileiro Cesar Grosso, o Cesinha, est\u00e1 passando alguns dias no Rio de Janeiro e neste \u00faltimo domingo fez uma das mais r\u00e1pidas ascens\u00f5es da via Coquetel de Energia no Campo Escola 2000, que \u00e9 a primeira via graduada em 10c do Brasil. Contando como\u2026","rel":"","context":"Em &quot;Escalada&quot;","block_context":{"text":"Escalada","link":"https:\/\/yuri.com.br\/claudio\/category\/escalada\/"},"img":{"alt_text":"","src":"https:\/\/i0.wp.com\/yuri.com.br\/claudio\/wp-content\/uploads\/2008\/08\/ce2000_coquetel_cesinha_a.jpg?resize=350%2C200&ssl=1","width":350,"height":200,"srcset":"https:\/\/i0.wp.com\/yuri.com.br\/claudio\/wp-content\/uploads\/2008\/08\/ce2000_coquetel_cesinha_a.jpg?resize=350%2C200&ssl=1 1x, https:\/\/i0.wp.com\/yuri.com.br\/claudio\/wp-content\/uploads\/2008\/08\/ce2000_coquetel_cesinha_a.jpg?resize=525%2C300&ssl=1 1.5x, https:\/\/i0.wp.com\/yuri.com.br\/claudio\/wp-content\/uploads\/2008\/08\/ce2000_coquetel_cesinha_a.jpg?resize=700%2C400&ssl=1 2x"},"classes":[]},{"id":1167,"url":"https:\/\/yuri.com.br\/claudio\/2009\/11\/03\/finados\/","url_meta":{"origin":174,"position":1},"title":"Finados","author":"claudio","date":"3\/nov\/2009","format":false,"excerpt":"O feriad\u00e3o por aqui foi tranquilo. Tijolado de rodar pelas estradas nas f\u00e9rias, ficamos no RJ onde eu pude reencontrar o granito e lembrar como \u00e9 bom escalar neste tipo de pedra, principalmente se for na Barrinha! :-) Fiz algumas fotos, mesmo que sem muita inspira\u00e7\u00e3o... aproveitei 10% do que\u2026","rel":"","context":"Em &quot;'Baixa' Gastronomia&quot;","block_context":{"text":"'Baixa' Gastronomia","link":"https:\/\/yuri.com.br\/claudio\/category\/baixa-gastronomia\/"},"img":{"alt_text":"","src":"https:\/\/i0.wp.com\/farm3.static.flickr.com\/2633\/4068778188_398b6ca944_o.jpg?resize=350%2C200","width":350,"height":200},"classes":[]},{"id":531,"url":"https:\/\/yuri.com.br\/claudio\/2009\/03\/27\/mais-fotos-comentadas\/","url_meta":{"origin":174,"position":2},"title":"Mais fotos comentadas","author":"claudio","date":"27\/mar\/2009","format":false,"excerpt":"Continuando com as fotos comentadas, ilustro abaixo mais 2 exemplos: (clique nas imagens para ampli\u00e1-las) Nesta foto o Cesinha est\u00e1 na 2a. de suas 3 entradas na via Coquetel de Energia, em um dia de *muita* chuva, ou seja, bem mais escuro do que j\u00e1 costuma ser no Campo Escola\u2026","rel":"","context":"Em &quot;Escalada&quot;","block_context":{"text":"Escalada","link":"https:\/\/yuri.com.br\/claudio\/category\/escalada\/"},"img":{"alt_text":"","src":"https:\/\/i0.wp.com\/farm4.static.flickr.com\/3004\/2797103658_64e24a0076_o.jpg?resize=350%2C200","width":350,"height":200},"classes":[]},{"id":649,"url":"https:\/\/yuri.com.br\/claudio\/2009\/04\/29\/curtapromo-cesinha\/","url_meta":{"origin":174,"position":3},"title":"Curta\/promo Cesinha","author":"claudio","date":"29\/abr\/2009","format":false,"excerpt":"Domingo fomos \u00e0 Urca em dia de ATM e\u00a0 levamos uma c\u00e2mera para divulgar as rifas do Cesinha, cuja edi\u00e7\u00e3o r\u00e1pida segue abaixo: Se vc est\u00e1 lendo isso aqui, compre pelo menos um n\u00famero da rifa. Tenho certeza que 10 reais n\u00e3o ir\u00e3o te fazer passar fome, e s\u00e3o v\u00e1rios\u2026","rel":"","context":"Em &quot;Escalada&quot;","block_context":{"text":"Escalada","link":"https:\/\/yuri.com.br\/claudio\/category\/escalada\/"},"img":{"alt_text":"","src":"","width":0,"height":0},"classes":[]},{"id":228,"url":"https:\/\/yuri.com.br\/claudio\/2008\/09\/17\/expo-2\/","url_meta":{"origin":174,"position":4},"title":"EXPO!","author":"claudio","date":"17\/set\/2008","format":false,"excerpt":"Recentemente, atualizei a galeria EXPO! com imagens do Campo Escola 2000, na Floresta da Tijuca - RJ. Fiz uma pequena mudan\u00e7a de layout para poder acomodar mais itens, e agora o menu de sele\u00e7\u00e3o fica na parte inferior. EXPO! fica neste link: http:\/\/www.yuri.com.br\/claudio\/EXPO","rel":"","context":"Em &quot;Escalada&quot;","block_context":{"text":"Escalada","link":"https:\/\/yuri.com.br\/claudio\/category\/escalada\/"},"img":{"alt_text":"","src":"https:\/\/i0.wp.com\/yuri.com.br\/claudio\/wp-content\/uploads\/2008\/09\/expo_screenshot2.jpg?resize=350%2C200&ssl=1","width":350,"height":200,"srcset":"https:\/\/i0.wp.com\/yuri.com.br\/claudio\/wp-content\/uploads\/2008\/09\/expo_screenshot2.jpg?resize=350%2C200&ssl=1 1x, https:\/\/i0.wp.com\/yuri.com.br\/claudio\/wp-content\/uploads\/2008\/09\/expo_screenshot2.jpg?resize=525%2C300&ssl=1 1.5x"},"classes":[]},{"id":17,"url":"https:\/\/yuri.com.br\/claudio\/2008\/07\/23\/expo\/","url_meta":{"origin":174,"position":5},"title":"EXPO!","author":"claudio","date":"23\/jul\/2008","format":false,"excerpt":"Estou montando uma galeria fotogr\u00e1fica, a princ\u00edpio focada no assunto da escalada, com o intuito de divulg\u00e1-la por a\u00ed afora (por isso as descri\u00e7\u00f5es est\u00e3o em ingl\u00eas). Tamb\u00e9m, foi uma maneira que encontrei de expressar melhor esse meu tes\u00e3o intraduz\u00edvel pela pedra. Como n\u00e3o curto uma xenofobia, boto f\u00e9 que\u2026","rel":"","context":"Em &quot;Escalada&quot;","block_context":{"text":"Escalada","link":"https:\/\/yuri.com.br\/claudio\/category\/escalada\/"},"img":{"alt_text":"","src":"https:\/\/i0.wp.com\/yuri.com.br\/claudio\/wp-content\/uploads\/2008\/07\/cb_logo.jpg?resize=350%2C200","width":350,"height":200},"classes":[]}],"_links":{"self":[{"href":"https:\/\/yuri.com.br\/claudio\/wp-json\/wp\/v2\/posts\/174","targetHints":{"allow":["GET"]}}],"collection":[{"href":"https:\/\/yuri.com.br\/claudio\/wp-json\/wp\/v2\/posts"}],"about":[{"href":"https:\/\/yuri.com.br\/claudio\/wp-json\/wp\/v2\/types\/post"}],"author":[{"embeddable":true,"href":"https:\/\/yuri.com.br\/claudio\/wp-json\/wp\/v2\/users\/2"}],"replies":[{"embeddable":true,"href":"https:\/\/yuri.com.br\/claudio\/wp-json\/wp\/v2\/comments?post=174"}],"version-history":[{"count":0,"href":"https:\/\/yuri.com.br\/claudio\/wp-json\/wp\/v2\/posts\/174\/revisions"}],"wp:featuredmedia":[{"embeddable":true,"href":"https:\/\/yuri.com.br\/claudio\/wp-json\/wp\/v2\/media\/175"}],"wp:attachment":[{"href":"https:\/\/yuri.com.br\/claudio\/wp-json\/wp\/v2\/media?parent=174"}],"wp:term":[{"taxonomy":"category","embeddable":true,"href":"https:\/\/yuri.com.br\/claudio\/wp-json\/wp\/v2\/categories?post=174"},{"taxonomy":"post_tag","embeddable":true,"href":"https:\/\/yuri.com.br\/claudio\/wp-json\/wp\/v2\/tags?post=174"}],"curies":[{"name":"wp","href":"https:\/\/api.w.org\/{rel}","templated":true}]}}