{"id":170,"date":"2008-08-28T16:10:48","date_gmt":"2008-08-28T16:10:48","guid":{"rendered":"http:\/\/claudiobr.wordpress.com\/?p=170"},"modified":"2008-08-28T16:10:48","modified_gmt":"2008-08-28T16:10:48","slug":"ainda-sobre-a-ultima-etapa-do-carioca-de-boulder","status":"publish","type":"post","link":"https:\/\/yuri.com.br\/claudio\/2008\/08\/28\/ainda-sobre-a-ultima-etapa-do-carioca-de-boulder\/","title":{"rendered":"Ainda sobre a \u00faltima etapa do carioca de boulder"},"content":{"rendered":"<p>O escalador niteroiense Caio Gomes, vencedor da \u00faltima etapa do campeonato carioca 2008, &#8220;Etapa Paulo Macaco&#8221;, escreveu um artigo mais completo sobre o o evento para o Webventure. Gostaria de citar e destacar um par\u00e1grafo em especial:<\/p>\n<p>&#8220;<strong>O que chamou muita aten\u00e7\u00e3o nessa etapa, foi o numero bastante reduzido de atletas. O que mais ou\u00e7o nas \u00e1reas de escalada e nos muros \u00e9 que ningu\u00e9m faz nada pelas competi\u00e7\u00f5es no Rio de Janeiro. E quando finalmente consegue-se, depois de quase 4 anos sem um circuito da FEMERJ que fosse v\u00e1lido para o Brasileiro, os atletas n\u00e3o comparecem.<\/strong>&#8221;<\/p>\n<p>A mat\u00e9ria completa encontra-se neste <a href=\"http:\/\/www.zone.com.br\/montanhismo\/index.php?destino_comum=noticia_mostra&amp;id_noticias=23394&amp;id_noticias_textos=26874\" target=\"_blank\">link<\/a>.<\/p>\n<p>Assino embaixo. Desde que mudei de SP para o RJ se passaram mais de 4 anos, alguma opini\u00e3o eu pude formar em rela\u00e7\u00e3o \u00e0 escalada esportiva carioca. Apesar do natural e exponecial crescimento do n\u00famero de praticantes, proporcional ao potencial de neg\u00f3cio, qtde. de guias trabalhando, alto n\u00edvel dos escaladores, n\u00famero de acidentes, etc -a tend\u00eancia infelizmente me parece a mesma de 2004: monte um muro em casa e\/ou v\u00e1 pra pedra  encadenar seus projetos, que o resto \u00e9 &#8220;perda&#8221; de tempo.<br \/>\n<\/p>\n<p>\n<a href=\"http:\/\/www.flickr.com\/photos\/cbrisighello\/2774639781\/\" target=\"_blank\"><img loading=\"lazy\" decoding=\"async\" class=\"aligncenter\" src=\"http:\/\/farm4.static.flickr.com\/3060\/2774639781_89570c6d42.jpg?v=0\" alt=\"\" width=\"333\" height=\"500\" \/><\/a><\/p>\n","protected":false},"excerpt":{"rendered":"<p>O escalador niteroiense Caio Gomes, vencedor da \u00faltima etapa do campeonato carioca 2008, &#8220;Etapa Paulo Macaco&#8221;, escreveu um artigo mais completo sobre o o evento para o Webventure. Gostaria de citar e destacar um par\u00e1grafo em especial: &#8220;O que chamou muita aten\u00e7\u00e3o nessa etapa, foi o numero bastante reduzido de atletas. O que mais ou\u00e7o&hellip;&nbsp;<a href=\"https:\/\/yuri.com.br\/claudio\/2008\/08\/28\/ainda-sobre-a-ultima-etapa-do-carioca-de-boulder\/\" rel=\"bookmark\">Continue a ler &raquo;<span class=\"screen-reader-text\">Ainda sobre a \u00faltima etapa do carioca de boulder<\/span><\/a><\/p>\n","protected":false},"author":2,"featured_media":0,"comment_status":"open","ping_status":"open","sticky":false,"template":"","format":"standard","meta":{"neve_meta_sidebar":"","neve_meta_container":"","neve_meta_enable_content_width":"","neve_meta_content_width":0,"neve_meta_title_alignment":"","neve_meta_author_avatar":"","neve_post_elements_order":"","neve_meta_disable_header":"","neve_meta_disable_footer":"","neve_meta_disable_title":"","jetpack_post_was_ever_published":false,"_jetpack_newsletter_access":"","_jetpack_dont_email_post_to_subs":false,"_jetpack_newsletter_tier_id":0,"_jetpack_memberships_contains_paywalled_content":false,"_jetpack_memberships_contains_paid_content":false,"footnotes":"","jetpack_publicize_message":"","jetpack_publicize_feature_enabled":true,"jetpack_social_post_already_shared":false,"jetpack_social_options":{"image_generator_settings":{"template":"highway","default_image_id":0,"font":"","enabled":false},"version":2}},"categories":[3],"tags":[11,125],"class_list":["post-170","post","type-post","status-publish","format-standard","hentry","category-escalada","tag-campeonato-carioca","tag-escalada"],"jetpack_publicize_connections":[],"jetpack_featured_media_url":"","jetpack_shortlink":"https:\/\/wp.me\/p4i7cB-2K","jetpack_sharing_enabled":true,"jetpack-related-posts":[{"id":118,"url":"https:\/\/yuri.com.br\/claudio\/2008\/08\/18\/2a-etapa-campeonato-carioca-2008\/","url_meta":{"origin":170,"position":0},"title":"2a. Etapa Campeonato Carioca 2008","author":"claudio","date":"18\/ago\/2008","format":false,"excerpt":"Rolou neste \u00faltimo domingo a segunda etapa do campeonato carioca de escalada, \"etapa Paulo Macaco\", realizada no muro da Patr\u00edcia em Niter\u00f3i (modalidade boulder). Participaram na montagem das rotas Ralf C\u00f4rtes, F\u00e1bio Muniz e Ant\u00f4nio Sergio. O formato foi dividido em 2 etapas, cada uma como 3 problemas, tentados em\u2026","rel":"","context":"Em &quot;Escalada&quot;","block_context":{"text":"Escalada","link":"https:\/\/yuri.com.br\/claudio\/category\/escalada\/"},"img":{"alt_text":"","src":"https:\/\/i0.wp.com\/yuri.com.br\/claudio\/wp-content\/uploads\/2008\/08\/nikit_eric.jpg?resize=350%2C200&ssl=1","width":350,"height":200,"srcset":"https:\/\/i0.wp.com\/yuri.com.br\/claudio\/wp-content\/uploads\/2008\/08\/nikit_eric.jpg?resize=350%2C200&ssl=1 1x, https:\/\/i0.wp.com\/yuri.com.br\/claudio\/wp-content\/uploads\/2008\/08\/nikit_eric.jpg?resize=525%2C300&ssl=1 1.5x, https:\/\/i0.wp.com\/yuri.com.br\/claudio\/wp-content\/uploads\/2008\/08\/nikit_eric.jpg?resize=700%2C400&ssl=1 2x"},"classes":[]},{"id":222,"url":"https:\/\/yuri.com.br\/claudio\/2008\/09\/15\/campeonato-carioca-etapa-nova-friburgo-resultado-extra-oficial\/","url_meta":{"origin":170,"position":1},"title":"Campeonato Carioca &#8211; etapa Nova Friburgo (resultado extra oficial)","author":"claudio","date":"15\/set\/2008","format":false,"excerpt":"Caio Gomes no Planeta Vertical em Nova Friburgo Update r\u00e1pido sobre o resultado da 3a. etapa do campeonato carioca (boulder) realizado neste s\u00e1bado 13\/Set em Nova Friburgo: Iniciante Masculino 1 - Daniel Lustoza (Rio de Janeiro) 2 - Tony (Nova Friburgo) 3 - Artur (Nova Friburgo) Iniciante Feminino 1 -\u2026","rel":"","context":"Em &quot;Escalada&quot;","block_context":{"text":"Escalada","link":"https:\/\/yuri.com.br\/claudio\/category\/escalada\/"},"img":{"alt_text":"","src":"","width":0,"height":0},"classes":[]},{"id":201,"url":"https:\/\/yuri.com.br\/claudio\/2008\/09\/09\/iii-etapa-do-campeonato-estadualrj-de-boulder-2008-nova-friburgo\/","url_meta":{"origin":170,"position":2},"title":"III Etapa do Campeonato Estadual\/RJ de Boulder 2008 &#8211; Nova Friburgo","author":"claudio","date":"9\/set\/2008","format":false,"excerpt":"\"Bom Pessoal, como todos estavam esperando a\u00ed est\u00e1 o convite para a etapa de boulder aqui da Planeta Vertical. Contamos com a vinda dos atletas participantes do ranking e aqueles que queiram tamb\u00e9m prestigiar essa etapa\" - Leandro S. Nogueira \/ Planeta Vertical 13 de Setembro a partir das 9:30\u2026","rel":"","context":"Em &quot;Escalada&quot;","block_context":{"text":"Escalada","link":"https:\/\/yuri.com.br\/claudio\/category\/escalada\/"},"img":{"alt_text":"","src":"","width":0,"height":0},"classes":[]},{"id":254,"url":"https:\/\/yuri.com.br\/claudio\/2008\/10\/31\/sobre-o-campeonato-estadual-de-boulder-rj-2008\/","url_meta":{"origin":170,"position":3},"title":"Sobre o Campeonato Estadual de Boulder RJ 2008","author":"claudio","date":"31\/out\/2008","format":false,"excerpt":"Neste m\u00eas de outubro\u00a0terminou o Campeonato Estadual de Escalada (Boulder) do RJ 2008. Sobre os resultados oficiais eu indico 2 artigos: Blog da Lojinha de Escalada Blog do Caio Gomes E clicando neste link pode-se conferir algumas fotos que fiz desta \u00faltima etapa na Limite Vertical. Aproveito este espa\u00e7o para\u2026","rel":"","context":"Em &quot;Escalada&quot;","block_context":{"text":"Escalada","link":"https:\/\/yuri.com.br\/claudio\/category\/escalada\/"},"img":{"alt_text":"","src":"https:\/\/i0.wp.com\/yuri.com.br\/claudio\/wp-content\/uploads\/2008\/10\/jornaldossports_estadualrj2008.jpg?resize=350%2C200&ssl=1","width":350,"height":200,"srcset":"https:\/\/i0.wp.com\/yuri.com.br\/claudio\/wp-content\/uploads\/2008\/10\/jornaldossports_estadualrj2008.jpg?resize=350%2C200&ssl=1 1x, https:\/\/i0.wp.com\/yuri.com.br\/claudio\/wp-content\/uploads\/2008\/10\/jornaldossports_estadualrj2008.jpg?resize=525%2C300&ssl=1 1.5x, https:\/\/i0.wp.com\/yuri.com.br\/claudio\/wp-content\/uploads\/2008\/10\/jornaldossports_estadualrj2008.jpg?resize=700%2C400&ssl=1 2x"},"classes":[]},{"id":811,"url":"https:\/\/yuri.com.br\/claudio\/2009\/07\/01\/2%c2%aa-etapa-do-campeonato-estadual-de-boulder-2009-rj\/","url_meta":{"origin":170,"position":4},"title":"2\u00aa ETAPA DO CAMPEONATO ESTADUAL DE BOULDER 2009 &#8211; RJ","author":"claudio","date":"1\/jul\/2009","format":false,"excerpt":"Divulgando: \"Ol\u00e1 !! Acontecer\u00e1 no dia\u00a005 de julho, a 2\u00aa Etapa do Campeonato Estadual de Boulder 2009 - RJ. Confiram\u00a0o V\u00eddeo Anima\u00e7\u00e3o com as informa\u00e7\u00f5es da 2\u00aa Etapa do Campeonato Estadual de Boulder 2009 - RJ. Ligue o SOM!!! ATEN\u00c7\u00c3O COMPETIDORES: N\u00e3o esque\u00e7am de se filiar ou atualizar sua situa\u00e7\u00e3o\u2026","rel":"","context":"Em &quot;Escalada&quot;","block_context":{"text":"Escalada","link":"https:\/\/yuri.com.br\/claudio\/category\/escalada\/"},"img":{"alt_text":"","src":"https:\/\/i0.wp.com\/img.youtube.com\/vi\/7ygXjDkP_z8\/0.jpg?resize=350%2C200","width":350,"height":200},"classes":[]},{"id":103,"url":"https:\/\/yuri.com.br\/claudio\/2008\/08\/13\/ii-etapa-do-campeonato-estadualrj-de-boulder-2008\/","url_meta":{"origin":170,"position":5},"title":"II Etapa do Campeonato Estadual\/RJ","author":"claudio","date":"13\/ago\/2008","format":false,"excerpt":"Bora participar galera! \u00c9 preciso prestigiar a iniciativa, lembrando que o RJ carece de gin\u00e1sios e j\u00e1 teve etapa do brasileiro cancelada este ano... me desculpem a alfinetada, mas quem ignora esses eventos s\u00f3 porque n\u00e3o curtem \"competi\u00e7\u00e3o\" ou preferem as pedras (que abundam dentro da cidade), est\u00e1 cuspindo no\u2026","rel":"","context":"Em &quot;Escalada&quot;","block_context":{"text":"Escalada","link":"https:\/\/yuri.com.br\/claudio\/category\/escalada\/"},"img":{"alt_text":"","src":"https:\/\/i0.wp.com\/img.youtube.com\/vi\/pwem2Wn7FcE\/0.jpg?resize=350%2C200","width":350,"height":200},"classes":[]}],"_links":{"self":[{"href":"https:\/\/yuri.com.br\/claudio\/wp-json\/wp\/v2\/posts\/170","targetHints":{"allow":["GET"]}}],"collection":[{"href":"https:\/\/yuri.com.br\/claudio\/wp-json\/wp\/v2\/posts"}],"about":[{"href":"https:\/\/yuri.com.br\/claudio\/wp-json\/wp\/v2\/types\/post"}],"author":[{"embeddable":true,"href":"https:\/\/yuri.com.br\/claudio\/wp-json\/wp\/v2\/users\/2"}],"replies":[{"embeddable":true,"href":"https:\/\/yuri.com.br\/claudio\/wp-json\/wp\/v2\/comments?post=170"}],"version-history":[{"count":0,"href":"https:\/\/yuri.com.br\/claudio\/wp-json\/wp\/v2\/posts\/170\/revisions"}],"wp:attachment":[{"href":"https:\/\/yuri.com.br\/claudio\/wp-json\/wp\/v2\/media?parent=170"}],"wp:term":[{"taxonomy":"category","embeddable":true,"href":"https:\/\/yuri.com.br\/claudio\/wp-json\/wp\/v2\/categories?post=170"},{"taxonomy":"post_tag","embeddable":true,"href":"https:\/\/yuri.com.br\/claudio\/wp-json\/wp\/v2\/tags?post=170"}],"curies":[{"name":"wp","href":"https:\/\/api.w.org\/{rel}","templated":true}]}}