{"id":1697,"date":"2010-03-09T14:32:06","date_gmt":"2010-03-09T14:32:06","guid":{"rendered":"http:\/\/claudiobr.wordpress.com\/?p=1697"},"modified":"2010-03-09T14:32:06","modified_gmt":"2010-03-09T14:32:06","slug":"cachacas-do-sul","status":"publish","type":"post","link":"https:\/\/yuri.com.br\/claudio\/2010\/03\/09\/cachacas-do-sul\/","title":{"rendered":"Cacha\u00e7as do sul"},"content":{"rendered":"<p style=\"text-align:justify;\">Uma pequena homenagem \u00e0s boas canas do sul do Brasil. Afinal n\u00e3o \u00e9 s\u00f3 Minas Gerais que produz uma boa cacha\u00e7a. Temos a famosa Armaz\u00e9m Vieira de Floripa, a Solar de Blumenau boa para se tomar geladinha, a Casa Bucco na serra ga\u00facha com a qual tive a alegria de ser presenteado recentemente. Entre outras, minha \u00faltima e \u00f3tima descoberta foi a <a href=\"http:\/\/www.dombraga.com.br\" target=\"_blank\">Dom Braga<\/a>, indica\u00e7\u00e3o do Bar do Marcelo em Gon\u00e7alves, a surpreendente melhor adega de cacha\u00e7as que eu j\u00e1 visitei. Esta que eu experimentei \u00e9 um <em>blend<\/em> de 3 madeiras diferentes, com 2 anos de envelhecimento:<\/p>\n<p style=\"text-align:center;\"><a href=\"http:\/\/bighugelabs.com\/onblack.php?id=4414004947&amp;size=large\" target=\"_blank\"><img loading=\"lazy\" decoding=\"async\" class=\"aligncenter\" title=\"A minha 'Dom Braga'\" src=\"http:\/\/farm5.static.flickr.com\/4067\/4414004947_8486000423_o.jpg\" alt=\"\" width=\"650\" height=\"597\" \/><\/a><\/p>\n<p>Uma curiosidade sobre a foto: posicionei a sombrinha difusora na esquerda da garrafa, por\u00e9m um maldito reflexo do flash na minha parede verde me incomodava. No meio das tentativas em v\u00e3o de me livrar dele, surgiu a id\u00e9ia de fazer uso do reflexo para enaltecer a garrafa&#8230; pronto, fechava ali a fotografia desejada. Sa\u00fade! ;-)<\/p>\n<p style=\"text-align:justify;\">\n<p style=\"text-align:justify;\">\n<p style=\"text-align:justify;\">\n","protected":false},"excerpt":{"rendered":"<p>Uma pequena homenagem \u00e0s boas canas do sul do Brasil. Afinal n\u00e3o \u00e9 s\u00f3 Minas Gerais que produz uma boa cacha\u00e7a. Temos a famosa Armaz\u00e9m Vieira de Floripa, a Solar de Blumenau boa para se tomar geladinha, a Casa Bucco na serra ga\u00facha com a qual tive a alegria de ser presenteado recentemente. Entre outras,&hellip;&nbsp;<a href=\"https:\/\/yuri.com.br\/claudio\/2010\/03\/09\/cachacas-do-sul\/\" rel=\"bookmark\">Continue a ler &raquo;<span class=\"screen-reader-text\">Cacha\u00e7as do sul<\/span><\/a><\/p>\n","protected":false},"author":2,"featured_media":0,"comment_status":"open","ping_status":"open","sticky":false,"template":"","format":"standard","meta":{"neve_meta_sidebar":"","neve_meta_container":"","neve_meta_enable_content_width":"","neve_meta_content_width":0,"neve_meta_title_alignment":"","neve_meta_author_avatar":"","neve_post_elements_order":"","neve_meta_disable_header":"","neve_meta_disable_footer":"","neve_meta_disable_title":"","jetpack_post_was_ever_published":false,"_jetpack_newsletter_access":"","_jetpack_dont_email_post_to_subs":false,"_jetpack_newsletter_tier_id":0,"_jetpack_memberships_contains_paywalled_content":false,"_jetpack_memberships_contains_paid_content":false,"footnotes":"","jetpack_publicize_message":"","jetpack_publicize_feature_enabled":true,"jetpack_social_post_already_shared":false,"jetpack_social_options":{"image_generator_settings":{"template":"highway","default_image_id":0,"font":"","enabled":false},"version":2}},"categories":[2],"tags":[],"class_list":["post-1697","post","type-post","status-publish","format-standard","hentry","category-baixa-gastronomia"],"jetpack_publicize_connections":[],"jetpack_featured_media_url":"","jetpack_shortlink":"https:\/\/wp.me\/p4i7cB-rn","jetpack_sharing_enabled":true,"jetpack-related-posts":[{"id":35,"url":"https:\/\/yuri.com.br\/claudio\/2008\/07\/29\/os-caldos-de-minha-vida\/","url_meta":{"origin":1697,"position":0},"title":"Os caldos de minha vida &#8211; Adega da Velha","author":"claudio","date":"29\/jul\/2008","format":false,"excerpt":"Gostaria de compartilhar um pouco da minha experi\u00eancia butequeira adquirida aqui no RJ, cidade ber\u00e7o do botequim tradicional. J\u00e1 faz tempo que eu desejo me expressar em homenagem a esse \"templo\" do bem viver, mas para isto eu pretendo me dedicar com mais carinho em uma futura postagem, como se\u2026","rel":"","context":"Em &quot;'Baixa' Gastronomia&quot;","block_context":{"text":"'Baixa' Gastronomia","link":"https:\/\/yuri.com.br\/claudio\/category\/baixa-gastronomia\/"},"img":{"alt_text":"","src":"https:\/\/i0.wp.com\/yuri.com.br\/claudio\/wp-content\/uploads\/2008\/07\/wordpress_adega_caldinho.jpg?resize=350%2C200&ssl=1","width":350,"height":200},"classes":[]},{"id":3692,"url":"https:\/\/yuri.com.br\/claudio\/2012\/05\/29\/cachacas-da-regiao\/","url_meta":{"origin":1697,"position":1},"title":"Cacha\u00e7as da regi\u00e3o","author":"claudio","date":"29\/maio\/2012","format":false,"excerpt":"As 2 boas canas das redondezas de S\u00e3o Bento do Sapuca\u00ed: Luminosa e Gon\u00e7alves. No garraf\u00e3o temos um l\u00edquido com 9 anos de idade, envelhecido com lascas de carvalho. E na direita, cacha\u00e7a envelhecida com folha de figo. Os 6 litros acima est\u00e3o destinados a um casamento. Pressinto que ao\u2026","rel":"","context":"Em &quot;'Baixa' Gastronomia&quot;","block_context":{"text":"'Baixa' Gastronomia","link":"https:\/\/yuri.com.br\/claudio\/category\/baixa-gastronomia\/"},"img":{"alt_text":"","src":"https:\/\/i0.wp.com\/yuri.com.br\/claudio\/wp-content\/uploads\/2012\/05\/presente_cesinhatati.jpg?resize=350%2C200&ssl=1","width":350,"height":200,"srcset":"https:\/\/i0.wp.com\/yuri.com.br\/claudio\/wp-content\/uploads\/2012\/05\/presente_cesinhatati.jpg?resize=350%2C200&ssl=1 1x, https:\/\/i0.wp.com\/yuri.com.br\/claudio\/wp-content\/uploads\/2012\/05\/presente_cesinhatati.jpg?resize=525%2C300&ssl=1 1.5x, https:\/\/i0.wp.com\/yuri.com.br\/claudio\/wp-content\/uploads\/2012\/05\/presente_cesinhatati.jpg?resize=700%2C400&ssl=1 2x"},"classes":[]},{"id":769,"url":"https:\/\/yuri.com.br\/claudio\/2009\/06\/14\/havana-anisio-santiago\/","url_meta":{"origin":1697,"position":2},"title":"Havana &#8211; An\u00edsio Santiago","author":"claudio","date":"14\/jun\/2009","format":false,"excerpt":"Mais um \"post-homenagem\". Desta vez, como por obriga\u00e7\u00e3o, presto minhas honras ao que \u00e9 por muitos considerado o melhor aguardente de cana do Brasil: a cacha\u00e7a Havana, que durante alguns anos recentes levou o nome de seu produtor, An\u00edsio Santiago, de Salinas\/MG. Em minha lembran\u00e7a pessoal, tive muita expectativa ao\u2026","rel":"","context":"Em &quot;'Baixa' Gastronomia&quot;","block_context":{"text":"'Baixa' Gastronomia","link":"https:\/\/yuri.com.br\/claudio\/category\/baixa-gastronomia\/"},"img":{"alt_text":"","src":"https:\/\/i0.wp.com\/farm4.static.flickr.com\/3408\/3626821022_bf60450671_o.jpg?resize=350%2C200","width":350,"height":200,"srcset":"https:\/\/i0.wp.com\/farm4.static.flickr.com\/3408\/3626821022_bf60450671_o.jpg?resize=350%2C200 1x, https:\/\/i0.wp.com\/farm4.static.flickr.com\/3408\/3626821022_bf60450671_o.jpg?resize=525%2C300 1.5x"},"classes":[]},{"id":438,"url":"https:\/\/yuri.com.br\/claudio\/2009\/02\/26\/carnaval-2009\/","url_meta":{"origin":1697,"position":3},"title":"Carnaval 2009","author":"claudio","date":"26\/fev\/2009","format":false,"excerpt":"Subi algumas fotos do Lenheiro\u00a0\/ S\u00e3o Jo\u00e3o del-Rei. Link para elas aqui. Impress\u00f5es r\u00e1pidas: - Muitos boulders espalhados pela serra toda, com agarras boas em demasia (um quartzito que me lembrou um pouco a Chapada das Perdizes em Minduri). Devo ter visto de perto apenas 10% do potencial todo, portanto\u2026","rel":"","context":"Em &quot;'Baixa' Gastronomia&quot;","block_context":{"text":"'Baixa' Gastronomia","link":"https:\/\/yuri.com.br\/claudio\/category\/baixa-gastronomia\/"},"img":{"alt_text":"","src":"https:\/\/i0.wp.com\/yuri.com.br\/claudio\/wp-content\/uploads\/2009\/02\/sjdr_alexisaline.jpg?resize=350%2C200&ssl=1","width":350,"height":200,"srcset":"https:\/\/i0.wp.com\/yuri.com.br\/claudio\/wp-content\/uploads\/2009\/02\/sjdr_alexisaline.jpg?resize=350%2C200&ssl=1 1x, https:\/\/i0.wp.com\/yuri.com.br\/claudio\/wp-content\/uploads\/2009\/02\/sjdr_alexisaline.jpg?resize=525%2C300&ssl=1 1.5x, https:\/\/i0.wp.com\/yuri.com.br\/claudio\/wp-content\/uploads\/2009\/02\/sjdr_alexisaline.jpg?resize=700%2C400&ssl=1 2x"},"classes":[]},{"id":203,"url":"https:\/\/yuri.com.br\/claudio\/2008\/09\/10\/festival-comida-di-buteco-no-rj\/","url_meta":{"origin":1697,"position":4},"title":"Festival &#8216;Comida di Buteco&#8217; no RJ","author":"claudio","date":"10\/set\/2008","format":false,"excerpt":"Aconteceu durante o m\u00eas passado, agosto, o festival \"Comida di Buteco\", realizado pela primeira vez no Rio. O resultado (ap\u00f3s 20 mil votos durante o m\u00eas todo) saiu a pouco: 1a. Lugar MELHOR TIRA-GOSTO - Um rol\u00e9 pelo sub\u00farbio - rol\u00e9 ouri\u00e7ado com molho de Bohemia Escura em mini-ba\u00edas de\u2026","rel":"","context":"Em &quot;'Baixa' Gastronomia&quot;","block_context":{"text":"'Baixa' Gastronomia","link":"https:\/\/yuri.com.br\/claudio\/category\/baixa-gastronomia\/"},"img":{"alt_text":"","src":"https:\/\/i0.wp.com\/yuri.com.br\/claudio\/wp-content\/uploads\/2008\/09\/sururu.jpg?resize=350%2C200&ssl=1","width":350,"height":200,"srcset":"https:\/\/i0.wp.com\/yuri.com.br\/claudio\/wp-content\/uploads\/2008\/09\/sururu.jpg?resize=350%2C200&ssl=1 1x, https:\/\/i0.wp.com\/yuri.com.br\/claudio\/wp-content\/uploads\/2008\/09\/sururu.jpg?resize=525%2C300&ssl=1 1.5x"},"classes":[]},{"id":5132,"url":"https:\/\/yuri.com.br\/claudio\/2013\/05\/16\/paraiso-em-camadas\/","url_meta":{"origin":1697,"position":5},"title":"Para\u00edso em camadas","author":"claudio","date":"16\/maio\/2013","format":false,"excerpt":"Esse friozinho que est\u00e1 chegando n\u00e3o \u00e9 s\u00f3 bom pra escalar ou tomar aquele caldinho de feij\u00e3o com uma boa cacha\u00e7a. Dessa vez n\u00e3o deixarei escapar a oportunidade de me aventurar no estilo vienense e suas massas ricas e laminadas. Assim como o pain au levain, o croissant \u00e9 um\u2026","rel":"","context":"Em &quot;'Baixa' Gastronomia&quot;","block_context":{"text":"'Baixa' Gastronomia","link":"https:\/\/yuri.com.br\/claudio\/category\/baixa-gastronomia\/"},"img":{"alt_text":"","src":"https:\/\/i0.wp.com\/yuri.com.br\/claudio\/wp-content\/uploads\/2013\/05\/croissant_learning.jpg?resize=350%2C200&ssl=1","width":350,"height":200,"srcset":"https:\/\/i0.wp.com\/yuri.com.br\/claudio\/wp-content\/uploads\/2013\/05\/croissant_learning.jpg?resize=350%2C200&ssl=1 1x, https:\/\/i0.wp.com\/yuri.com.br\/claudio\/wp-content\/uploads\/2013\/05\/croissant_learning.jpg?resize=525%2C300&ssl=1 1.5x, https:\/\/i0.wp.com\/yuri.com.br\/claudio\/wp-content\/uploads\/2013\/05\/croissant_learning.jpg?resize=700%2C400&ssl=1 2x"},"classes":[]}],"_links":{"self":[{"href":"https:\/\/yuri.com.br\/claudio\/wp-json\/wp\/v2\/posts\/1697","targetHints":{"allow":["GET"]}}],"collection":[{"href":"https:\/\/yuri.com.br\/claudio\/wp-json\/wp\/v2\/posts"}],"about":[{"href":"https:\/\/yuri.com.br\/claudio\/wp-json\/wp\/v2\/types\/post"}],"author":[{"embeddable":true,"href":"https:\/\/yuri.com.br\/claudio\/wp-json\/wp\/v2\/users\/2"}],"replies":[{"embeddable":true,"href":"https:\/\/yuri.com.br\/claudio\/wp-json\/wp\/v2\/comments?post=1697"}],"version-history":[{"count":0,"href":"https:\/\/yuri.com.br\/claudio\/wp-json\/wp\/v2\/posts\/1697\/revisions"}],"wp:attachment":[{"href":"https:\/\/yuri.com.br\/claudio\/wp-json\/wp\/v2\/media?parent=1697"}],"wp:term":[{"taxonomy":"category","embeddable":true,"href":"https:\/\/yuri.com.br\/claudio\/wp-json\/wp\/v2\/categories?post=1697"},{"taxonomy":"post_tag","embeddable":true,"href":"https:\/\/yuri.com.br\/claudio\/wp-json\/wp\/v2\/tags?post=1697"}],"curies":[{"name":"wp","href":"https:\/\/api.w.org\/{rel}","templated":true}]}}