{"id":1670,"date":"2010-03-06T18:57:38","date_gmt":"2010-03-06T18:57:38","guid":{"rendered":"http:\/\/claudiobr.wordpress.com\/?p=1670"},"modified":"2010-03-06T18:57:38","modified_gmt":"2010-03-06T18:57:38","slug":"a-saudade","status":"publish","type":"post","link":"https:\/\/yuri.com.br\/claudio\/2010\/03\/06\/a-saudade\/","title":{"rendered":"A saudade"},"content":{"rendered":"<p>&nbsp;<\/p>\n<p style=\"text-align:justify;\">\n<p style=\"text-align:justify;\"><strong>A saudade \u00e9 uma tristeza alegre.<\/strong><br \/>\n(<a href=\"http:\/\/twitter.com\/CARPINEJAR\/status\/8729327506\" target=\"_blank\">Fabr\u00edcio Carpinejar<\/a>)<\/p>\n<p><strong>Saudade \u00e9 quando o momento tenta fugir da lembran\u00e7a pra acontecer de novo e n\u00e3o consegue.<\/strong><br \/>\n(<a href=\"http:\/\/www.pensador.info\/frase\/Mjc0NzMw\/\" target=\"_blank\">Adriana Falc\u00e3o<\/a>)<\/p>\n<p><strong>Quando mem\u00f3rias sequestram o seu \u00f3cio e assim, indefeso, sua garganta d\u00e1 um n\u00f3, o olhar empo\u00e7ado se hipnotiza no infinito e surge um sorriso t\u00edmido, espont\u00e2neo. <\/strong><\/p>\n<p style=\"text-align:justify;\"><strong>\u00c9 a saudade verdadeira.<\/strong><br \/>\n(<a href=\"http:\/\/claudiobr.wordpress.com\/\">Cl\u00e1udio<\/a>)<\/p>\n<p>&nbsp;<\/p>\n","protected":false},"excerpt":{"rendered":"<p>&nbsp; A saudade \u00e9 uma tristeza alegre. (Fabr\u00edcio Carpinejar) Saudade \u00e9 quando o momento tenta fugir da lembran\u00e7a pra acontecer de novo e n\u00e3o consegue. (Adriana Falc\u00e3o) Quando mem\u00f3rias sequestram o seu \u00f3cio e assim, indefeso, sua garganta d\u00e1 um n\u00f3, o olhar empo\u00e7ado se hipnotiza no infinito e surge um sorriso t\u00edmido, espont\u00e2neo. \u00c9&hellip;&nbsp;<a href=\"https:\/\/yuri.com.br\/claudio\/2010\/03\/06\/a-saudade\/\" rel=\"bookmark\">Continue a ler &raquo;<span class=\"screen-reader-text\">A saudade<\/span><\/a><\/p>\n","protected":false},"author":2,"featured_media":0,"comment_status":"open","ping_status":"open","sticky":false,"template":"","format":"standard","meta":{"neve_meta_sidebar":"","neve_meta_container":"","neve_meta_enable_content_width":"","neve_meta_content_width":0,"neve_meta_title_alignment":"","neve_meta_author_avatar":"","neve_post_elements_order":"","neve_meta_disable_header":"","neve_meta_disable_footer":"","neve_meta_disable_title":"","jetpack_post_was_ever_published":false,"_jetpack_newsletter_access":"","_jetpack_dont_email_post_to_subs":false,"_jetpack_newsletter_tier_id":0,"_jetpack_memberships_contains_paywalled_content":false,"_jetpack_memberships_contains_paid_content":false,"footnotes":"","jetpack_publicize_message":"","jetpack_publicize_feature_enabled":true,"jetpack_social_post_already_shared":false,"jetpack_social_options":{"image_generator_settings":{"template":"highway","default_image_id":0,"font":"","enabled":false},"version":2}},"categories":[5],"tags":[],"class_list":["post-1670","post","type-post","status-publish","format-standard","hentry","category-outros"],"jetpack_publicize_connections":[],"jetpack_featured_media_url":"","jetpack_shortlink":"https:\/\/wp.me\/p4i7cB-qW","jetpack_sharing_enabled":true,"jetpack-related-posts":[{"id":3304,"url":"https:\/\/yuri.com.br\/claudio\/2012\/01\/03\/r-i-p-daniel-piza\/","url_meta":{"origin":1670,"position":0},"title":"R.I.P. Daniel Piza","author":"claudio","date":"3\/jan\/2012","format":false,"excerpt":"Ele estava aqui perto de casa e sofreu um a.v.c. inesperado (41 anos!), na vizinha Gon\u00e7alves, MG. L\u00e1 se foi um dos poucos seres vivos verdadeiramente cultos deste pa\u00eds (saudades de Fausto Wolff) que eu acompanhava pelo dom\u00ednio das palavras, sempre embasadas longe da superf\u00edcie. Qual seu aforismo predileto? \u201cEstilo\u2026","rel":"","context":"Em &quot;Outros&quot;","block_context":{"text":"Outros","link":"https:\/\/yuri.com.br\/claudio\/category\/outros\/"},"img":{"alt_text":"","src":"","width":0,"height":0},"classes":[]},{"id":5630,"url":"https:\/\/yuri.com.br\/claudio\/2013\/08\/26\/e-o-rio-continua-lindo\/","url_meta":{"origin":1670,"position":1},"title":"E o Rio continua lindo&#8230;","author":"claudio","date":"26\/ago\/2013","format":false,"excerpt":"Em anota\u00e7\u00f5es saudosistas como esta, soa mais \u00f3bvio guardar imagens dos belos cart\u00f5es postais da cidade maravilhosa, mas no caso deste butequeiro apaixonado que vos escreve, as saudades mais fortes vinham dos balc\u00f5es dos verdadeiros botequins, onde se respira o carioqu\u00eas e pude reencontrar iguarias como este rosbife e o\u2026","rel":"","context":"Em &quot;'Baixa' Gastronomia&quot;","block_context":{"text":"'Baixa' Gastronomia","link":"https:\/\/yuri.com.br\/claudio\/category\/baixa-gastronomia\/"},"img":{"alt_text":"","src":"https:\/\/i0.wp.com\/yuri.com.br\/claudio\/wp-content\/uploads\/2013\/08\/bosque_improviso_dani.jpg?resize=350%2C200&ssl=1","width":350,"height":200,"srcset":"https:\/\/i0.wp.com\/yuri.com.br\/claudio\/wp-content\/uploads\/2013\/08\/bosque_improviso_dani.jpg?resize=350%2C200&ssl=1 1x, https:\/\/i0.wp.com\/yuri.com.br\/claudio\/wp-content\/uploads\/2013\/08\/bosque_improviso_dani.jpg?resize=525%2C300&ssl=1 1.5x, https:\/\/i0.wp.com\/yuri.com.br\/claudio\/wp-content\/uploads\/2013\/08\/bosque_improviso_dani.jpg?resize=700%2C400&ssl=1 2x, https:\/\/i0.wp.com\/yuri.com.br\/claudio\/wp-content\/uploads\/2013\/08\/bosque_improviso_dani.jpg?resize=1050%2C600&ssl=1 3x"},"classes":[]},{"id":3262,"url":"https:\/\/yuri.com.br\/claudio\/2011\/12\/20\/feliz-2012\/","url_meta":{"origin":1670,"position":2},"title":"Feliz 2012","author":"claudio","date":"20\/dez\/2011","format":false,"excerpt":"Fim de ano, pra variar \u00e9 \u00e9poca de reflex\u00f5es e resolu\u00e7\u00f5es, ent\u00e3o aproveito para anotar algumas coisinhas por aqui. 2011 foi sem d\u00favidas um ano repleto de novidades para mim, algumas j\u00e1 esperadas, outras que vieram por atra\u00e7\u00e3o natural ou consequ\u00eancia das mudan\u00e7as. Na escalada,\u00a0 a motiva\u00e7\u00e3o atual continua sendo\u2026","rel":"","context":"Em &quot;Outros&quot;","block_context":{"text":"Outros","link":"https:\/\/yuri.com.br\/claudio\/category\/outros\/"},"img":{"alt_text":"","src":"https:\/\/i0.wp.com\/yuri.com.br\/claudio\/wp-content\/uploads\/2011\/12\/bau_aranha_small.jpg?resize=350%2C200&ssl=1","width":350,"height":200,"srcset":"https:\/\/i0.wp.com\/yuri.com.br\/claudio\/wp-content\/uploads\/2011\/12\/bau_aranha_small.jpg?resize=350%2C200&ssl=1 1x, https:\/\/i0.wp.com\/yuri.com.br\/claudio\/wp-content\/uploads\/2011\/12\/bau_aranha_small.jpg?resize=525%2C300&ssl=1 1.5x, https:\/\/i0.wp.com\/yuri.com.br\/claudio\/wp-content\/uploads\/2011\/12\/bau_aranha_small.jpg?resize=700%2C400&ssl=1 2x"},"classes":[]},{"id":1308,"url":"https:\/\/yuri.com.br\/claudio\/2009\/12\/28\/sampa-days\/","url_meta":{"origin":1670,"position":3},"title":"Sampa days","author":"claudio","date":"28\/dez\/2009","format":false,"excerpt":"Faz tempo que gostaria de registrar a minha opini\u00e3o sobre S\u00e3o Paulo, 5 anos ap\u00f3s deixar de ser morador daquela cidade e virar um visitante \"quase-turista\". D\u00e1 saudades: - A gastronomia da cidade, onde pode-se comer desde comida da Mong\u00f3lia, at\u00e9 as melhores pizzas do planeta. E seguindo uma indica\u00e7\u00e3o\u2026","rel":"","context":"Em &quot;Outros&quot;","block_context":{"text":"Outros","link":"https:\/\/yuri.com.br\/claudio\/category\/outros\/"},"img":{"alt_text":"","src":"https:\/\/i0.wp.com\/farm2.static.flickr.com\/1400\/540588176_74c77babf9_o.jpg?resize=350%2C200","width":350,"height":200,"srcset":"https:\/\/i0.wp.com\/farm2.static.flickr.com\/1400\/540588176_74c77babf9_o.jpg?resize=350%2C200 1x, https:\/\/i0.wp.com\/farm2.static.flickr.com\/1400\/540588176_74c77babf9_o.jpg?resize=525%2C300 1.5x"},"classes":[]},{"id":2065,"url":"https:\/\/yuri.com.br\/claudio\/2010\/05\/26\/adega-perola\/","url_meta":{"origin":1670,"position":4},"title":"Adega P\u00e9rola","author":"claudio","date":"26\/maio\/2010","format":false,"excerpt":"Enquanto atravesso uma crise de abstin\u00eancia dos verdadeiros botequins cariocas, indico com saudades o Rollmops (uma esp\u00e9cie de sushi de sardinha) do Adega P\u00e9rola, recomenda\u00e7\u00e3o que eu estava devendo registrar por aqui faz tempo. Afinal trata-se de um dos bares mais antigos de Copa, com seu famoso e longo balc\u00e3o\u2026","rel":"","context":"Em &quot;'Baixa' Gastronomia&quot;","block_context":{"text":"'Baixa' Gastronomia","link":"https:\/\/yuri.com.br\/claudio\/category\/baixa-gastronomia\/"},"img":{"alt_text":"","src":"https:\/\/i0.wp.com\/yuri.com.br\/claudio\/wp-content\/uploads\/2010\/05\/rollmops.jpg?resize=350%2C200","width":350,"height":200},"classes":[]},{"id":5726,"url":"https:\/\/yuri.com.br\/claudio\/2013\/09\/05\/jardim-japones-aranha\/","url_meta":{"origin":1670,"position":5},"title":"Jardim Japon\u00eas @ Aranha","author":"claudio","date":"5\/set\/2013","format":false,"excerpt":"A temporada j\u00e1 vem dando sinais de quentura e chuva, mas deu tempo de voltar ao Aranha esses dias para uma session descontra\u00edda. Os \u00faltimos trampos foram no sub-setor entitulado \"Jardim Japon\u00eas\", no caminho para a fal\u00e9sia, e foi pra l\u00e1 que fomos matar a saudade. Abrimos o Story of\u2026","rel":"","context":"Em &quot;Escalada&quot;","block_context":{"text":"Escalada","link":"https:\/\/yuri.com.br\/claudio\/category\/escalada\/"},"img":{"alt_text":"","src":"https:\/\/i0.wp.com\/yuri.com.br\/claudio\/wp-content\/uploads\/2013\/09\/aranha_mobytrick_lello_web.jpg?resize=350%2C200&ssl=1","width":350,"height":200,"srcset":"https:\/\/i0.wp.com\/yuri.com.br\/claudio\/wp-content\/uploads\/2013\/09\/aranha_mobytrick_lello_web.jpg?resize=350%2C200&ssl=1 1x, https:\/\/i0.wp.com\/yuri.com.br\/claudio\/wp-content\/uploads\/2013\/09\/aranha_mobytrick_lello_web.jpg?resize=525%2C300&ssl=1 1.5x, https:\/\/i0.wp.com\/yuri.com.br\/claudio\/wp-content\/uploads\/2013\/09\/aranha_mobytrick_lello_web.jpg?resize=700%2C400&ssl=1 2x, https:\/\/i0.wp.com\/yuri.com.br\/claudio\/wp-content\/uploads\/2013\/09\/aranha_mobytrick_lello_web.jpg?resize=1050%2C600&ssl=1 3x"},"classes":[]}],"_links":{"self":[{"href":"https:\/\/yuri.com.br\/claudio\/wp-json\/wp\/v2\/posts\/1670","targetHints":{"allow":["GET"]}}],"collection":[{"href":"https:\/\/yuri.com.br\/claudio\/wp-json\/wp\/v2\/posts"}],"about":[{"href":"https:\/\/yuri.com.br\/claudio\/wp-json\/wp\/v2\/types\/post"}],"author":[{"embeddable":true,"href":"https:\/\/yuri.com.br\/claudio\/wp-json\/wp\/v2\/users\/2"}],"replies":[{"embeddable":true,"href":"https:\/\/yuri.com.br\/claudio\/wp-json\/wp\/v2\/comments?post=1670"}],"version-history":[{"count":0,"href":"https:\/\/yuri.com.br\/claudio\/wp-json\/wp\/v2\/posts\/1670\/revisions"}],"wp:attachment":[{"href":"https:\/\/yuri.com.br\/claudio\/wp-json\/wp\/v2\/media?parent=1670"}],"wp:term":[{"taxonomy":"category","embeddable":true,"href":"https:\/\/yuri.com.br\/claudio\/wp-json\/wp\/v2\/categories?post=1670"},{"taxonomy":"post_tag","embeddable":true,"href":"https:\/\/yuri.com.br\/claudio\/wp-json\/wp\/v2\/tags?post=1670"}],"curies":[{"name":"wp","href":"https:\/\/api.w.org\/{rel}","templated":true}]}}