{"id":1649,"date":"2010-03-16T14:06:46","date_gmt":"2010-03-16T14:06:46","guid":{"rendered":"http:\/\/claudiobr.wordpress.com\/?p=1649"},"modified":"2010-03-16T14:06:46","modified_gmt":"2010-03-16T14:06:46","slug":"pb","status":"publish","type":"post","link":"https:\/\/yuri.com.br\/claudio\/2010\/03\/16\/pb\/","title":{"rendered":"P\/B"},"content":{"rendered":"<p style=\"text-align:justify;\">Um pouco de preto e branco, para variar&#8230;<\/p>\n<p style=\"text-align:justify;\">Utilizei um filtro ND graduado do <a href=\"http:\/\/www.singh-ray.com\/grndgrads.html\" target=\"_blank\">Galen Rowell<\/a> nesta composi\u00e7\u00e3o, equipo que ainda n\u00e3o dominei como gostaria. Este filtro \u00e9 ideal\u00a0 em fotografias panor\u00e2micas onde temos uma diferen\u00e7a de exposi\u00e7\u00e3o maior que 2 <a href=\"http:\/\/en.wikipedia.org\/wiki\/F-number\" target=\"_blank\">f\/stops<\/a> dentro da mesma imagem, pois conseguimos equilibrar a fotometragem de uma maneira que n\u00e3o \u00e9 poss\u00edvel em p\u00f3s-processamento (ie: photoshop).\u00a0 Posicionei o filtro em diagonal na linha do vale que tange as arauc\u00e1rias, pode-se ver que a extremidade delas est\u00e1 mais escura&#8230; sem isso, a metade superior da foto estaria toda estourada, perdendo-se a bela vista para o vale. Nossa, como \u00e9 dif\u00edcil enxergar a transi\u00e7\u00e3o no filtro do claro para o escuro!<\/p>\n<p style=\"text-align:center;\"><img loading=\"lazy\" decoding=\"async\" class=\"aligncenter\" title=\"Luminosa P\/B\" src=\"http:\/\/farm5.static.flickr.com\/4023\/4409892370_4790155d2e_o.jpg\" alt=\"\" width=\"650\" height=\"609\" \/><\/p>\n<p style=\"text-align:justify;\">Sobre o lugar em si, Luminosa \u00e9 um munic\u00edpio j\u00e1 em Minas Gerais, sendo que indo at\u00e9 l\u00e1 de S\u00e3o Bento do Sapuca\u00ed, passa-se em frente a um terreno repleto de blocos (e uma fal\u00e9sia).\u00a0 N\u00e3o se trata de uma meca em potencial, mas tem algumas boas linhas como esta que registrei do <a href=\"http:\/\/www.flickr.com\/photos\/cbrisighello\/541458057\/in\/set-72157615770624340\/\" target=\"_blank\">Mr. Taka &amp; fam\u00edlia<\/a>. Infelizmente ele n\u00e3o escala hoje em dia, ent\u00e3o n\u00e3o mais verei um ser humano com tanta press\u00e3o de reglete&#8230; quem o conhece sabe bem do que estou falando! :-)<\/p>\n<p style=\"text-align:center;\"><img loading=\"lazy\" decoding=\"async\" class=\"aligncenter\" title=\"Ansel Adams\" src=\"http:\/\/www.bergoiata.org\/fe\/favs\/ANSEL%20ADAMS%2006.jpg\" alt=\"\" width=\"650\" height=\"487\" \/><\/p>\n<p style=\"text-align:justify;\">E na foto acima deixo uma refer\u00eancia de respeito: <a href=\"http:\/\/www.anseladams.com\" target=\"_blank\">Ansel Adams<\/a>, o melhor &#8220;black&amp;white landscape photographer&#8221; que conhe\u00e7o, tido como o primeir\u00edssimo a explorar a t\u00e9cnica de <a href=\"http:\/\/pt.wikipedia.org\/wiki\/HDR\" target=\"_blank\">HDR<\/a>, mesmo vivendo a d\u00e9cadas da era digital!<\/p>\n<p style=\"text-align:center;\"><div class=\"nv-iframe-embed\"><span class=\"embed-youtube\" style=\"text-align:center; display: block;\"><iframe loading=\"lazy\" class=\"youtube-player\" width=\"1200\" height=\"675\" src=\"https:\/\/www.youtube.com\/embed\/WCpZu6Y82XQ?version=3&#038;rel=1&#038;showsearch=0&#038;showinfo=1&#038;iv_load_policy=1&#038;fs=1&#038;hl=pt-BR&#038;autohide=2&#038;wmode=transparent\" allowfullscreen=\"true\" style=\"border:0;\" sandbox=\"allow-scripts allow-same-origin allow-popups allow-presentation allow-popups-to-escape-sandbox\"><\/iframe><\/span><\/div>\n","protected":false},"excerpt":{"rendered":"<p>Um pouco de preto e branco, para variar&#8230; Utilizei um filtro ND graduado do Galen Rowell nesta composi\u00e7\u00e3o, equipo que ainda n\u00e3o dominei como gostaria. Este filtro \u00e9 ideal\u00a0 em fotografias panor\u00e2micas onde temos uma diferen\u00e7a de exposi\u00e7\u00e3o maior que 2 f\/stops dentro da mesma imagem, pois conseguimos equilibrar a fotometragem de uma maneira que&hellip;&nbsp;<a href=\"https:\/\/yuri.com.br\/claudio\/2010\/03\/16\/pb\/\" rel=\"bookmark\">Continue a ler &raquo;<span class=\"screen-reader-text\">P\/B<\/span><\/a><\/p>\n","protected":false},"author":2,"featured_media":0,"comment_status":"open","ping_status":"open","sticky":false,"template":"","format":"standard","meta":{"neve_meta_sidebar":"","neve_meta_container":"","neve_meta_enable_content_width":"","neve_meta_content_width":0,"neve_meta_title_alignment":"","neve_meta_author_avatar":"","neve_post_elements_order":"","neve_meta_disable_header":"","neve_meta_disable_footer":"","neve_meta_disable_title":"","jetpack_post_was_ever_published":false,"_jetpack_newsletter_access":"","_jetpack_dont_email_post_to_subs":false,"_jetpack_newsletter_tier_id":0,"_jetpack_memberships_contains_paywalled_content":false,"_jetpack_memberships_contains_paid_content":false,"footnotes":"","jetpack_publicize_message":"","jetpack_publicize_feature_enabled":true,"jetpack_social_post_already_shared":false,"jetpack_social_options":{"image_generator_settings":{"template":"highway","default_image_id":0,"font":"","enabled":false},"version":2}},"categories":[3],"tags":[],"class_list":["post-1649","post","type-post","status-publish","format-standard","hentry","category-escalada"],"jetpack_publicize_connections":[],"jetpack_featured_media_url":"","jetpack_shortlink":"https:\/\/wp.me\/s4i7cB-pb","jetpack_sharing_enabled":true,"jetpack-related-posts":[{"id":4624,"url":"https:\/\/yuri.com.br\/claudio\/2013\/02\/25\/boas-novas-e-velhas\/","url_meta":{"origin":1649,"position":0},"title":"Boas novas e velhas","author":"claudio","date":"25\/fev\/2013","format":false,"excerpt":"Chega de ladainha, comes e bebes, low profile climbin\u00b4ou treinamentos lesivos. Por fim troquei o fac\u00e3o, vassoura, escad\u00e3o, enxada e etc. (itens constantes em minha \"mochila\" de escalada :-) pela c\u00e2mera para compartilhar uma pequena amostra do que vem rolando. A imagem evidencia boas novas e velhas: a velha motiva\u00e7\u00e3o\u2026","rel":"","context":"Em &quot;Escalada&quot;","block_context":{"text":"Escalada","link":"https:\/\/yuri.com.br\/claudio\/category\/escalada\/"},"img":{"alt_text":"","src":"https:\/\/i0.wp.com\/yuri.com.br\/claudio\/wp-content\/uploads\/2013\/02\/thais_domino.jpg?resize=350%2C200&ssl=1","width":350,"height":200,"srcset":"https:\/\/i0.wp.com\/yuri.com.br\/claudio\/wp-content\/uploads\/2013\/02\/thais_domino.jpg?resize=350%2C200&ssl=1 1x, https:\/\/i0.wp.com\/yuri.com.br\/claudio\/wp-content\/uploads\/2013\/02\/thais_domino.jpg?resize=525%2C300&ssl=1 1.5x, https:\/\/i0.wp.com\/yuri.com.br\/claudio\/wp-content\/uploads\/2013\/02\/thais_domino.jpg?resize=700%2C400&ssl=1 2x"},"classes":[]},{"id":4529,"url":"https:\/\/yuri.com.br\/claudio\/2013\/01\/21\/raindrops-keep-fallin-on-my-head\/","url_meta":{"origin":1649,"position":1},"title":"Raindrops keep fallin&#8217; on my head","author":"claudio","date":"21\/jan\/2013","format":false,"excerpt":"O \"jingle\" do t\u00edtulo traduz bem as \u00faltimas semanas! Em \u00e9poca de muita chuva a entrada de casa vira estacionamento de cachorro. E na falta de inspira\u00e7\u00e3o, segui a sugest\u00e3o da Yuri e cliquei esta plantinha, j\u00e1 fotografada antes. Como n\u00e3o tenho lente macro, me resta usar um filtro close-up...\u2026","rel":"","context":"Em &quot;Outros&quot;","block_context":{"text":"Outros","link":"https:\/\/yuri.com.br\/claudio\/category\/outros\/"},"img":{"alt_text":"","src":"https:\/\/i0.wp.com\/yuri.com.br\/claudio\/wp-content\/uploads\/2013\/01\/gotas.jpg?resize=350%2C200&ssl=1","width":350,"height":200,"srcset":"https:\/\/i0.wp.com\/yuri.com.br\/claudio\/wp-content\/uploads\/2013\/01\/gotas.jpg?resize=350%2C200&ssl=1 1x, https:\/\/i0.wp.com\/yuri.com.br\/claudio\/wp-content\/uploads\/2013\/01\/gotas.jpg?resize=525%2C300&ssl=1 1.5x, https:\/\/i0.wp.com\/yuri.com.br\/claudio\/wp-content\/uploads\/2013\/01\/gotas.jpg?resize=700%2C400&ssl=1 2x"},"classes":[]},{"id":3100,"url":"https:\/\/yuri.com.br\/claudio\/2011\/10\/03\/impressoes-do-sumba-boulder\/","url_meta":{"origin":1649,"position":2},"title":"Impress\u00f5es do Sumba Boulder","author":"claudio","date":"3\/out\/2011","format":false,"excerpt":"Incr\u00edvel, inesquec\u00edvel, hist\u00f3rico, gratificante, sensacional. Palavras n\u00e3o s\u00e3o suficientes para descrever o evento. Para n\u00f3s aqui, rec\u00e9m chegados em S\u00e3o Bento, paramos as intermin\u00e1veis arruma\u00e7\u00f5es de nosso rancho ainda em constru\u00e7\u00e3o e quando vimos est\u00e1vamos mergulhados no projeto, unidos a mais uma penca de escaladores daqui... aquela cena de que\u2026","rel":"","context":"Em &quot;Escalada&quot;","block_context":{"text":"Escalada","link":"https:\/\/yuri.com.br\/claudio\/category\/escalada\/"},"img":{"alt_text":"","src":"https:\/\/i0.wp.com\/yuri.com.br\/claudio\/wp-content\/uploads\/2011\/10\/joaomiguel.jpg?resize=350%2C200&ssl=1","width":350,"height":200,"srcset":"https:\/\/i0.wp.com\/yuri.com.br\/claudio\/wp-content\/uploads\/2011\/10\/joaomiguel.jpg?resize=350%2C200&ssl=1 1x, https:\/\/i0.wp.com\/yuri.com.br\/claudio\/wp-content\/uploads\/2011\/10\/joaomiguel.jpg?resize=525%2C300&ssl=1 1.5x, https:\/\/i0.wp.com\/yuri.com.br\/claudio\/wp-content\/uploads\/2011\/10\/joaomiguel.jpg?resize=700%2C400&ssl=1 2x"},"classes":[]},{"id":7703,"url":"https:\/\/yuri.com.br\/claudio\/2014\/05\/19\/p-z\/","url_meta":{"origin":1649,"position":3},"title":"P. Z.","author":"Cl\u00e1udio Brisighello","date":"19\/maio\/2014","format":false,"excerpt":"Sabad\u00e3o foi dia de nova investida no Cruzeiro: acima, Babaleia providencia mais uma linha - Pura Zica - neste bloco bonito por\u00e9m sempre na sombra escura. Para os photo-geeks, o flash \u00e9 um Vivitar 285HV (vis\u00edvel na imagem) e estava a 1\/16 de for\u00e7a, sob um filtro CTO, com lente\u2026","rel":"","context":"Em &quot;Escalada&quot;","block_context":{"text":"Escalada","link":"https:\/\/yuri.com.br\/claudio\/category\/escalada\/"},"img":{"alt_text":"","src":"https:\/\/i0.wp.com\/yuri.com.br\/claudio\/wp-content\/uploads\/2014\/05\/Cruzeiro_Mutirao21.jpg?resize=350%2C200&ssl=1","width":350,"height":200,"srcset":"https:\/\/i0.wp.com\/yuri.com.br\/claudio\/wp-content\/uploads\/2014\/05\/Cruzeiro_Mutirao21.jpg?resize=350%2C200&ssl=1 1x, https:\/\/i0.wp.com\/yuri.com.br\/claudio\/wp-content\/uploads\/2014\/05\/Cruzeiro_Mutirao21.jpg?resize=525%2C300&ssl=1 1.5x, https:\/\/i0.wp.com\/yuri.com.br\/claudio\/wp-content\/uploads\/2014\/05\/Cruzeiro_Mutirao21.jpg?resize=700%2C400&ssl=1 2x"},"classes":[]},{"id":3246,"url":"https:\/\/yuri.com.br\/claudio\/2011\/12\/03\/fotos-fritas\/","url_meta":{"origin":1649,"position":4},"title":"Fotos Fritas","author":"claudio","date":"3\/dez\/2011","format":false,"excerpt":"Com o calend\u00e1rio devidamente lan\u00e7ado, divulgo ent\u00e3o as fotos que fiz aqui em S\u00e3o Bento do Sapuca\u00ed: N\u00edvea no Cartucheira, V6 highball no Aranha. O bloc\u00e3o tem o Ba\u00fa ao fundo, facilitando uma composi\u00e7\u00e3o bonita. O ideal ali seria um fim de tarde, portanto utilizei um flash para equilibrar um\u2026","rel":"","context":"Em &quot;Escalada&quot;","block_context":{"text":"Escalada","link":"https:\/\/yuri.com.br\/claudio\/category\/escalada\/"},"img":{"alt_text":"","src":"https:\/\/i0.wp.com\/yuri.com.br\/claudio\/wp-content\/uploads\/2011\/12\/dedosfritos_nivea_panorama_small.jpg?resize=350%2C200&ssl=1","width":350,"height":200,"srcset":"https:\/\/i0.wp.com\/yuri.com.br\/claudio\/wp-content\/uploads\/2011\/12\/dedosfritos_nivea_panorama_small.jpg?resize=350%2C200&ssl=1 1x, https:\/\/i0.wp.com\/yuri.com.br\/claudio\/wp-content\/uploads\/2011\/12\/dedosfritos_nivea_panorama_small.jpg?resize=525%2C300&ssl=1 1.5x, https:\/\/i0.wp.com\/yuri.com.br\/claudio\/wp-content\/uploads\/2011\/12\/dedosfritos_nivea_panorama_small.jpg?resize=700%2C400&ssl=1 2x"},"classes":[]},{"id":1367,"url":"https:\/\/yuri.com.br\/claudio\/2010\/01\/04\/taquaril\/","url_meta":{"origin":1649,"position":5},"title":"Taquaril","author":"claudio","date":"4\/jan\/2010","format":false,"excerpt":"2009 terminou naquele esquema: trabalhei at\u00e9 as 7 da noite em plena v\u00e9spera de ano novo, e sa\u00ed correndo em busca da liberdade. At\u00e9 a\u00ed nenhuma novidade, n\u00e3o fosse o destino novo para mim - Taquaril - que fica um pouco depois de Petr\u00f3polis\/RJ, ou seja, pertinho e ideal para\u2026","rel":"","context":"Em &quot;Escalada&quot;","block_context":{"text":"Escalada","link":"https:\/\/yuri.com.br\/claudio\/category\/escalada\/"},"img":{"alt_text":"","src":"https:\/\/i0.wp.com\/yuri.com.br\/claudio\/wp-content\/uploads\/2010\/01\/taquaril_gentileza_byalice.jpg?resize=350%2C200&ssl=1","width":350,"height":200,"srcset":"https:\/\/i0.wp.com\/yuri.com.br\/claudio\/wp-content\/uploads\/2010\/01\/taquaril_gentileza_byalice.jpg?resize=350%2C200&ssl=1 1x, https:\/\/i0.wp.com\/yuri.com.br\/claudio\/wp-content\/uploads\/2010\/01\/taquaril_gentileza_byalice.jpg?resize=525%2C300&ssl=1 1.5x, https:\/\/i0.wp.com\/yuri.com.br\/claudio\/wp-content\/uploads\/2010\/01\/taquaril_gentileza_byalice.jpg?resize=700%2C400&ssl=1 2x"},"classes":[]}],"_links":{"self":[{"href":"https:\/\/yuri.com.br\/claudio\/wp-json\/wp\/v2\/posts\/1649","targetHints":{"allow":["GET"]}}],"collection":[{"href":"https:\/\/yuri.com.br\/claudio\/wp-json\/wp\/v2\/posts"}],"about":[{"href":"https:\/\/yuri.com.br\/claudio\/wp-json\/wp\/v2\/types\/post"}],"author":[{"embeddable":true,"href":"https:\/\/yuri.com.br\/claudio\/wp-json\/wp\/v2\/users\/2"}],"replies":[{"embeddable":true,"href":"https:\/\/yuri.com.br\/claudio\/wp-json\/wp\/v2\/comments?post=1649"}],"version-history":[{"count":0,"href":"https:\/\/yuri.com.br\/claudio\/wp-json\/wp\/v2\/posts\/1649\/revisions"}],"wp:attachment":[{"href":"https:\/\/yuri.com.br\/claudio\/wp-json\/wp\/v2\/media?parent=1649"}],"wp:term":[{"taxonomy":"category","embeddable":true,"href":"https:\/\/yuri.com.br\/claudio\/wp-json\/wp\/v2\/categories?post=1649"},{"taxonomy":"post_tag","embeddable":true,"href":"https:\/\/yuri.com.br\/claudio\/wp-json\/wp\/v2\/tags?post=1649"}],"curies":[{"name":"wp","href":"https:\/\/api.w.org\/{rel}","templated":true}]}}