{"id":1602,"date":"2010-03-01T18:56:29","date_gmt":"2010-03-01T18:56:29","guid":{"rendered":"http:\/\/claudiobr.wordpress.com\/?p=1602"},"modified":"2010-03-01T18:56:29","modified_gmt":"2010-03-01T18:56:29","slug":"o-futuro-e-agora","status":"publish","type":"post","link":"https:\/\/yuri.com.br\/claudio\/2010\/03\/01\/o-futuro-e-agora\/","title":{"rendered":"Choose your future"},"content":{"rendered":"<p style=\"text-align:justify;\">Uma foto para tentar esclarecer aos amigos que n\u00e3o sumimos e daqui alguns meses a gente se v\u00ea! Enquanto isso, mandem a &#8220;vibe&#8221; pois essa via \u00e9 punk! Se chama <strong>vida<\/strong> e faz 31 anos que estou trabalhando os movimentos :-)<\/p>\n<p style=\"text-align:left;\">&nbsp;<a href=\"http:\/\/www.flickr.com\/photos\/cbrisighello\/4399015940\/\"><img loading=\"lazy\" decoding=\"async\" class=\"aligncenter\" title=\"M\u00e3os \u00e0 obra\" src=\"http:\/\/farm3.static.flickr.com\/2692\/4399015940_21ff13d70b_o.jpg\" alt=\"\" width=\"615\" height=\"411\" \/><\/a><\/p>\n<p style=\"text-align:center;\">&nbsp;<\/p>\n","protected":false},"excerpt":{"rendered":"<p>Uma foto para tentar esclarecer aos amigos que n\u00e3o sumimos e daqui alguns meses a gente se v\u00ea! Enquanto isso, mandem a &#8220;vibe&#8221; pois essa via \u00e9 punk! Se chama vida e faz 31 anos que estou trabalhando os movimentos :-) &nbsp; &nbsp;<\/p>\n","protected":false},"author":2,"featured_media":1601,"comment_status":"open","ping_status":"open","sticky":false,"template":"","format":"standard","meta":{"neve_meta_sidebar":"","neve_meta_container":"","neve_meta_enable_content_width":"","neve_meta_content_width":0,"neve_meta_title_alignment":"","neve_meta_author_avatar":"","neve_post_elements_order":"","neve_meta_disable_header":"","neve_meta_disable_footer":"","neve_meta_disable_title":"","jetpack_post_was_ever_published":false,"_jetpack_newsletter_access":"","_jetpack_dont_email_post_to_subs":false,"_jetpack_newsletter_tier_id":0,"_jetpack_memberships_contains_paywalled_content":false,"_jetpack_memberships_contains_paid_content":false,"footnotes":"","jetpack_publicize_message":"","jetpack_publicize_feature_enabled":true,"jetpack_social_post_already_shared":false,"jetpack_social_options":{"image_generator_settings":{"template":"highway","default_image_id":0,"font":"","enabled":false},"version":2}},"categories":[5],"tags":[],"class_list":["post-1602","post","type-post","status-publish","format-standard","has-post-thumbnail","hentry","category-outros"],"jetpack_publicize_connections":[],"jetpack_featured_media_url":"https:\/\/yuri.com.br\/claudio\/wp-content\/uploads\/2010\/02\/casinha-2.jpg","jetpack_shortlink":"https:\/\/wp.me\/p4i7cB-pQ","jetpack_sharing_enabled":true,"jetpack-related-posts":[{"id":4208,"url":"https:\/\/yuri.com.br\/claudio\/2012\/11\/11\/5-10-brasil\/","url_meta":{"origin":1602,"position":0},"title":"5.10 BRASIL","author":"claudio","date":"11\/nov\/2012","format":false,"excerpt":"Fotografar comercialmente n\u00e3o \u00e9 minha praia. Mas com um trio gente boa desses, escalando no \"quintal\" de casa, o trabalho vira uma honra... compartilho ent\u00e3o algumas imagens que fiz para a Five Ten e seu time brazuca, todas feitas no setor Aranha (exceto as do Bel\u00ea em sua oficina). Desejo\u2026","rel":"","context":"Em &quot;Escalada&quot;","block_context":{"text":"Escalada","link":"https:\/\/yuri.com.br\/claudio\/category\/escalada\/"},"img":{"alt_text":"","src":"https:\/\/i0.wp.com\/yuri.com.br\/claudio\/wp-content\/uploads\/2012\/11\/fiveten73.jpg?resize=350%2C200","width":350,"height":200,"srcset":"https:\/\/i0.wp.com\/yuri.com.br\/claudio\/wp-content\/uploads\/2012\/11\/fiveten73.jpg?resize=350%2C200 1x, https:\/\/i0.wp.com\/yuri.com.br\/claudio\/wp-content\/uploads\/2012\/11\/fiveten73.jpg?resize=525%2C300 1.5x, https:\/\/i0.wp.com\/yuri.com.br\/claudio\/wp-content\/uploads\/2012\/11\/fiveten73.jpg?resize=700%2C400 2x"},"classes":[]},{"id":4349,"url":"https:\/\/yuri.com.br\/claudio\/2012\/11\/19\/parkour-no-aranha\/","url_meta":{"origin":1602,"position":1},"title":"Parkour no Aranha?","author":"claudio","date":"19\/nov\/2012","format":false,"excerpt":"O pequeno Theo mostra como se faz. Dei sorte com a luz que entrava na cave naquele momento. Ta\u00ed um s\u00edmbolo da inabal\u00e1vel vibe desse setor, uma energia familiar que muitos que estiveram l\u00e1 neste feriad\u00e3o puderam curtir!","rel":"","context":"Em &quot;Escalada&quot;","block_context":{"text":"Escalada","link":"https:\/\/yuri.com.br\/claudio\/category\/escalada\/"},"img":{"alt_text":"","src":"https:\/\/i0.wp.com\/yuri.com.br\/claudio\/wp-content\/uploads\/2012\/11\/aranha_theolia.jpg?resize=350%2C200&ssl=1","width":350,"height":200,"srcset":"https:\/\/i0.wp.com\/yuri.com.br\/claudio\/wp-content\/uploads\/2012\/11\/aranha_theolia.jpg?resize=350%2C200&ssl=1 1x, https:\/\/i0.wp.com\/yuri.com.br\/claudio\/wp-content\/uploads\/2012\/11\/aranha_theolia.jpg?resize=525%2C300&ssl=1 1.5x, https:\/\/i0.wp.com\/yuri.com.br\/claudio\/wp-content\/uploads\/2012\/11\/aranha_theolia.jpg?resize=700%2C400&ssl=1 2x"},"classes":[]},{"id":151,"url":"https:\/\/yuri.com.br\/claudio\/2008\/08\/25\/cesinha-encadena-a-coquetel-de-energia-10c\/","url_meta":{"origin":1602,"position":2},"title":"Cesinha encadena a &#8220;Coquetel de Energia&#8221; 10c","author":"claudio","date":"25\/ago\/2008","format":false,"excerpt":"O escalador paulista e atual campe\u00e3o brasileiro Cesar Grosso, o Cesinha, est\u00e1 passando alguns dias no Rio de Janeiro e neste \u00faltimo domingo fez uma das mais r\u00e1pidas ascens\u00f5es da via Coquetel de Energia no Campo Escola 2000, que \u00e9 a primeira via graduada em 10c do Brasil. Contando como\u2026","rel":"","context":"Em &quot;Escalada&quot;","block_context":{"text":"Escalada","link":"https:\/\/yuri.com.br\/claudio\/category\/escalada\/"},"img":{"alt_text":"","src":"https:\/\/i0.wp.com\/yuri.com.br\/claudio\/wp-content\/uploads\/2008\/08\/ce2000_coquetel_cesinha_a.jpg?resize=350%2C200&ssl=1","width":350,"height":200,"srcset":"https:\/\/i0.wp.com\/yuri.com.br\/claudio\/wp-content\/uploads\/2008\/08\/ce2000_coquetel_cesinha_a.jpg?resize=350%2C200&ssl=1 1x, https:\/\/i0.wp.com\/yuri.com.br\/claudio\/wp-content\/uploads\/2008\/08\/ce2000_coquetel_cesinha_a.jpg?resize=525%2C300&ssl=1 1.5x, https:\/\/i0.wp.com\/yuri.com.br\/claudio\/wp-content\/uploads\/2008\/08\/ce2000_coquetel_cesinha_a.jpg?resize=700%2C400&ssl=1 2x"},"classes":[]},{"id":1069,"url":"https:\/\/yuri.com.br\/claudio\/2009\/12\/01\/dwspsicobloc-em-muro\/","url_meta":{"origin":1602,"position":3},"title":"DWS\/Psicobloc em muro","author":"claudio","date":"1\/dez\/2009","format":false,"excerpt":"Aproveitando a vibe \"psicobloqueira\", compartilho estas imagens de um evento\/competi\u00e7\u00e3o na Su\u00e9cia (imagina o frio) com um muro de 13m e um mega crashpad d'\u00e1gua :-)","rel":"","context":"Em &quot;Escalada&quot;","block_context":{"text":"Escalada","link":"https:\/\/yuri.com.br\/claudio\/category\/escalada\/"},"img":{"alt_text":"","src":"https:\/\/i0.wp.com\/farm4.static.flickr.com\/3509\/3805105787_23fd7e6e30.jpg?resize=350%2C200","width":350,"height":200},"classes":[]},{"id":3161,"url":"https:\/\/yuri.com.br\/claudio\/2011\/10\/31\/terra-mundo\/","url_meta":{"origin":1602,"position":4},"title":"Mundo Terra V5","author":"claudio","date":"31\/out\/2011","format":false,"excerpt":"Visitas de bons velhos amigos, e eu tentando usar a 50mm para as fotos de escalada. Certamente mais \"sharp\" que as grande angulares, mas bem mais restrito na hora de compor. Particularmente, gostei das molduras\/geometrias do 1\u00ba plano, mais o contraste consequente disso. E assim vamos evoluindo a nossa maneira\u2026","rel":"","context":"Em &quot;Escalada&quot;","block_context":{"text":"Escalada","link":"https:\/\/yuri.com.br\/claudio\/category\/escalada\/"},"img":{"alt_text":"","src":"https:\/\/i0.wp.com\/yuri.com.br\/claudio\/wp-content\/uploads\/2011\/10\/areas_regis_terramundo.jpg?resize=350%2C200&ssl=1","width":350,"height":200,"srcset":"https:\/\/i0.wp.com\/yuri.com.br\/claudio\/wp-content\/uploads\/2011\/10\/areas_regis_terramundo.jpg?resize=350%2C200&ssl=1 1x, https:\/\/i0.wp.com\/yuri.com.br\/claudio\/wp-content\/uploads\/2011\/10\/areas_regis_terramundo.jpg?resize=525%2C300&ssl=1 1.5x, https:\/\/i0.wp.com\/yuri.com.br\/claudio\/wp-content\/uploads\/2011\/10\/areas_regis_terramundo.jpg?resize=700%2C400&ssl=1 2x"},"classes":[]},{"id":3873,"url":"https:\/\/yuri.com.br\/claudio\/2012\/08\/01\/mais-do-aranha-2\/","url_meta":{"origin":1602,"position":5},"title":"Mais do Aranha","author":"claudio","date":"1\/ago\/2012","format":false,"excerpt":"Tentando cumprir a promessa de posts um pouco mais informativos... vista do Setor Aranha, antes do riozinho: A verdade \u00e9 que o ritmo que as coisas vem acontecendo na \"real life\" ultrapassa o ritmo lento da minha motiva\u00e7\u00e3o blogueira. Desculpas \u00e0 parte, n\u00e3o posso deixar de mencionar que a visita\u2026","rel":"","context":"Em &quot;Escalada&quot;","block_context":{"text":"Escalada","link":"https:\/\/yuri.com.br\/claudio\/category\/escalada\/"},"img":{"alt_text":"","src":"https:\/\/i0.wp.com\/yuri.com.br\/claudio\/wp-content\/uploads\/2012\/07\/mapasalbentosegundosol.jpg?resize=350%2C200&ssl=1","width":350,"height":200,"srcset":"https:\/\/i0.wp.com\/yuri.com.br\/claudio\/wp-content\/uploads\/2012\/07\/mapasalbentosegundosol.jpg?resize=350%2C200&ssl=1 1x, https:\/\/i0.wp.com\/yuri.com.br\/claudio\/wp-content\/uploads\/2012\/07\/mapasalbentosegundosol.jpg?resize=525%2C300&ssl=1 1.5x, https:\/\/i0.wp.com\/yuri.com.br\/claudio\/wp-content\/uploads\/2012\/07\/mapasalbentosegundosol.jpg?resize=700%2C400&ssl=1 2x"},"classes":[]}],"_links":{"self":[{"href":"https:\/\/yuri.com.br\/claudio\/wp-json\/wp\/v2\/posts\/1602","targetHints":{"allow":["GET"]}}],"collection":[{"href":"https:\/\/yuri.com.br\/claudio\/wp-json\/wp\/v2\/posts"}],"about":[{"href":"https:\/\/yuri.com.br\/claudio\/wp-json\/wp\/v2\/types\/post"}],"author":[{"embeddable":true,"href":"https:\/\/yuri.com.br\/claudio\/wp-json\/wp\/v2\/users\/2"}],"replies":[{"embeddable":true,"href":"https:\/\/yuri.com.br\/claudio\/wp-json\/wp\/v2\/comments?post=1602"}],"version-history":[{"count":0,"href":"https:\/\/yuri.com.br\/claudio\/wp-json\/wp\/v2\/posts\/1602\/revisions"}],"wp:featuredmedia":[{"embeddable":true,"href":"https:\/\/yuri.com.br\/claudio\/wp-json\/wp\/v2\/media\/1601"}],"wp:attachment":[{"href":"https:\/\/yuri.com.br\/claudio\/wp-json\/wp\/v2\/media?parent=1602"}],"wp:term":[{"taxonomy":"category","embeddable":true,"href":"https:\/\/yuri.com.br\/claudio\/wp-json\/wp\/v2\/categories?post=1602"},{"taxonomy":"post_tag","embeddable":true,"href":"https:\/\/yuri.com.br\/claudio\/wp-json\/wp\/v2\/tags?post=1602"}],"curies":[{"name":"wp","href":"https:\/\/api.w.org\/{rel}","templated":true}]}}