{"id":1573,"date":"2010-02-25T22:18:59","date_gmt":"2010-02-25T22:18:59","guid":{"rendered":"http:\/\/claudiobr.wordpress.com\/?p=1573"},"modified":"2010-02-25T22:18:59","modified_gmt":"2010-02-25T22:18:59","slug":"centro-de-escalada-jpa","status":"publish","type":"post","link":"https:\/\/yuri.com.br\/claudio\/2010\/02\/25\/centro-de-escalada-jpa\/","title":{"rendered":"Centro de Escalada JPA"},"content":{"rendered":"<p style=\"text-align:justify;\">Estive esses dias no novo &#8220;<a href=\"http:\/\/escaladajpa.com.br\/\" target=\"_blank\">Centro de Escalada JPA<\/a>&#8220;, na zona oeste do Rio. Que eu me lembre, a \u00faltima vez que a regi\u00e3o contou com um muro decente aberto ao p\u00fablico foi em 2005, no extinto muro do <a href=\"http:\/\/www.actionbrasil.tv\/\" target=\"_blank\">Juba<\/a>, velhos tempos&#8230;<\/p>\n<p style=\"text-align:center;\"><img loading=\"lazy\" decoding=\"async\" data-attachment-id=\"1575\" data-permalink=\"https:\/\/yuri.com.br\/claudio\/2010\/02\/25\/centro-de-escalada-jpa\/escaladabr_2\/\" data-orig-file=\"https:\/\/yuri.com.br\/claudio\/wp-content\/uploads\/2010\/02\/escaladabr_2.jpg\" data-orig-size=\"640,480\" data-comments-opened=\"1\" data-image-meta=\"{&quot;aperture&quot;:&quot;2.8&quot;,&quot;credit&quot;:&quot;&quot;,&quot;camera&quot;:&quot;DSC-W1&quot;,&quot;caption&quot;:&quot;&quot;,&quot;created_timestamp&quot;:&quot;1124553676&quot;,&quot;copyright&quot;:&quot;&quot;,&quot;focal_length&quot;:&quot;7.9&quot;,&quot;iso&quot;:&quot;100&quot;,&quot;shutter_speed&quot;:&quot;0.01&quot;,&quot;title&quot;:&quot;&quot;}\" data-image-title=\"Muro do Juba\" data-image-description=\"\" data-image-caption=\"\" data-medium-file=\"https:\/\/yuri.com.br\/claudio\/wp-content\/uploads\/2010\/02\/escaladabr_2-300x225.jpg\" data-large-file=\"https:\/\/yuri.com.br\/claudio\/wp-content\/uploads\/2010\/02\/escaladabr_2.jpg\" class=\"size-full wp-image-1575 aligncenter\" title=\"Muro do Juba\" src=\"http:\/\/yuri.com.br\/claudio\/wp-content\/uploads\/2010\/02\/escaladabr_2.jpg\" alt=\"\" width=\"460\" height=\"344\" srcset=\"https:\/\/yuri.com.br\/claudio\/wp-content\/uploads\/2010\/02\/escaladabr_2.jpg 640w, https:\/\/yuri.com.br\/claudio\/wp-content\/uploads\/2010\/02\/escaladabr_2-300x225.jpg 300w, https:\/\/yuri.com.br\/claudio\/wp-content\/uploads\/2010\/02\/escaladabr_2-210x157.jpg 210w\" sizes=\"auto, (max-width: 460px) 100vw, 460px\" \/><\/p>\n<h6 style=\"text-align:center;\">Eu (rec\u00e9m mudado ao RJ), Caio (pra variar ganhando mais uma) e Charles Weksler (irm\u00e3o do Rafael Bebez\u00e3o)<\/h6>\n<p style=\"text-align:justify;\">\n<p style=\"text-align:justify;\">O mundo deu muitas voltas desde ent\u00e3o, e eis que surge uma nova op\u00e7\u00e3o pra galera treinar em Jacarepagu\u00e1, um projeto muito bem feito que conta com um longo e poderoso &#8220;45 graus&#8221;, desses que faz suas agarras preferidas ficarem pequenas e a sua bundinha ficar grande e pesada. Fa\u00e7o votos para que novos mutantes surjam por ali, pois infraestrutura n\u00e3o falta mais! O local tem at\u00e9 <strong>ar condicionado<\/strong>, o que conta MUITO a favor no Rio de Janeiro. Fiz algumas fotos da session &#8220;beta test&#8221; que rolou, clique na imagem abaixo para ver o restante&#8230;<\/p>\n<h6 style=\"text-align:center;\"><a href=\"http:\/\/www.flickr.com\/search\/?q=JPA&amp;w=8786744%40N03\" target=\"_blank\"><img loading=\"lazy\" decoding=\"async\" class=\"aligncenter\" title=\"Centro de Escalada JPA\" src=\"http:\/\/farm5.static.flickr.com\/4018\/4385425262_71eae90c0a_o.jpg\" alt=\"\" width=\"672\" height=\"448\" \/><\/a>Fl\u00e1via dos Anjos (&#8220;s\u00f3cia-fundadora&#8221;)<\/h6>\n<p style=\"text-align:justify;\">\n<p style=\"text-align:justify;\">Vale lembrar que a regi\u00e3o abrange a maior floresta urbana do planeta, o Parque Estadual da Pedra Branca. Montanha \u00e9 o que n\u00e3o falta por ali, portanto uma semente como esta vale a pena ser regada&#8230;<\/p>\n<p>Bons ventos,<br \/>\nClaudio<\/p>\n","protected":false},"excerpt":{"rendered":"<p>Estive esses dias no novo &#8220;Centro de Escalada JPA&#8220;, na zona oeste do Rio. Que eu me lembre, a \u00faltima vez que a regi\u00e3o contou com um muro decente aberto ao p\u00fablico foi em 2005, no extinto muro do Juba, velhos tempos&#8230; Eu (rec\u00e9m mudado ao RJ), Caio (pra variar ganhando mais uma) e Charles&hellip;&nbsp;<a href=\"https:\/\/yuri.com.br\/claudio\/2010\/02\/25\/centro-de-escalada-jpa\/\" rel=\"bookmark\">Continue a ler &raquo;<span class=\"screen-reader-text\">Centro de Escalada JPA<\/span><\/a><\/p>\n","protected":false},"author":2,"featured_media":1575,"comment_status":"open","ping_status":"open","sticky":false,"template":"","format":"standard","meta":{"neve_meta_sidebar":"","neve_meta_container":"","neve_meta_enable_content_width":"","neve_meta_content_width":0,"neve_meta_title_alignment":"","neve_meta_author_avatar":"","neve_post_elements_order":"","neve_meta_disable_header":"","neve_meta_disable_footer":"","neve_meta_disable_title":"","jetpack_post_was_ever_published":false,"_jetpack_newsletter_access":"","_jetpack_dont_email_post_to_subs":false,"_jetpack_newsletter_tier_id":0,"_jetpack_memberships_contains_paywalled_content":false,"_jetpack_memberships_contains_paid_content":false,"footnotes":"","jetpack_publicize_message":"","jetpack_publicize_feature_enabled":true,"jetpack_social_post_already_shared":false,"jetpack_social_options":{"image_generator_settings":{"template":"highway","default_image_id":0,"font":"","enabled":false},"version":2}},"categories":[3],"tags":[],"class_list":["post-1573","post","type-post","status-publish","format-standard","has-post-thumbnail","hentry","category-escalada"],"jetpack_publicize_connections":[],"jetpack_featured_media_url":"https:\/\/yuri.com.br\/claudio\/wp-content\/uploads\/2010\/02\/escaladabr_2.jpg","jetpack_shortlink":"https:\/\/wp.me\/p4i7cB-pn","jetpack_sharing_enabled":true,"jetpack-related-posts":[{"id":170,"url":"https:\/\/yuri.com.br\/claudio\/2008\/08\/28\/ainda-sobre-a-ultima-etapa-do-carioca-de-boulder\/","url_meta":{"origin":1573,"position":0},"title":"Ainda sobre a \u00faltima etapa do carioca de boulder","author":"claudio","date":"28\/ago\/2008","format":false,"excerpt":"O escalador niteroiense Caio Gomes, vencedor da \u00faltima etapa do campeonato carioca 2008, \"Etapa Paulo Macaco\", escreveu um artigo mais completo sobre o o evento para o Webventure. Gostaria de citar e destacar um par\u00e1grafo em especial: \"O que chamou muita aten\u00e7\u00e3o nessa etapa, foi o numero bastante reduzido de\u2026","rel":"","context":"Em &quot;Escalada&quot;","block_context":{"text":"Escalada","link":"https:\/\/yuri.com.br\/claudio\/category\/escalada\/"},"img":{"alt_text":"","src":"https:\/\/i0.wp.com\/farm4.static.flickr.com\/3060\/2774639781_89570c6d42.jpg?resize=350%2C200","width":350,"height":200},"classes":[]},{"id":449,"url":"https:\/\/yuri.com.br\/claudio\/2009\/03\/02\/pracinha-de-itacoatiara-video\/","url_meta":{"origin":1573,"position":1},"title":"Pracinha de Itacoatiara &#8211; v\u00eddeo","author":"claudio","date":"2\/mar\/2009","format":false,"excerpt":"Editei mais um \"clipezinho\" recente, desta vez da ador\u00e1vel Pracinha de Itacoatiara, em Niter\u00f3i\/RJ. Trata-se de uma pra\u00e7a cheia de blocos de granito, literalmente. Localizada em um bairro\u00a0praiano residencial super tranquilo, a sensa\u00e7\u00e3o \u00e9 de escalada urbana com a maior paz que se pode ter. Praticamente estaciona-se ao lado dos\u2026","rel":"","context":"Em &quot;Escalada&quot;","block_context":{"text":"Escalada","link":"https:\/\/yuri.com.br\/claudio\/category\/escalada\/"},"img":{"alt_text":"","src":"","width":0,"height":0},"classes":[]},{"id":5554,"url":"https:\/\/yuri.com.br\/claudio\/2013\/08\/09\/bbloc\/","url_meta":{"origin":1573,"position":2},"title":"BBLOC","author":"claudio","date":"9\/ago\/2013","format":false,"excerpt":"Acho que toda a comunidade escaladora est\u00e1 sabendo, mas n\u00e3o custa refor\u00e7ar o coro: est\u00e1 aberto o BBLOC aqui em S\u00e3o Bento do Sapuca\u00ed, dos s\u00f3cios Bel\u00ea\/N\u00edvea e Marcos, com uma incr\u00edvel cave cheia de placas curvas (ondas), tem at\u00e9 um arco pra galera se torturar, al\u00e9m de muros de\u2026","rel":"","context":"Em &quot;Escalada&quot;","block_context":{"text":"Escalada","link":"https:\/\/yuri.com.br\/claudio\/category\/escalada\/"},"img":{"alt_text":"","src":"","width":0,"height":0},"classes":[]},{"id":2008,"url":"https:\/\/yuri.com.br\/claudio\/2010\/05\/19\/1%c2%aa-etapa-campeonato-estadual-de-boulder-rj2010\/","url_meta":{"origin":1573,"position":3},"title":"1\u00aa Etapa Campeonato Estadual de Boulder RJ\/2010","author":"claudio","date":"19\/maio\/2010","format":false,"excerpt":"Divulgando: Infelizmente ainda estarei longe do Rio nesta 1a. etapa :-\/ Mas fica a dica: o circuito de boulder deste ano vai rolar novamente l\u00e1 no muro da Patty em Niter\u00f3i, naquele esquema sem taxa de inscri\u00e7\u00e3o (luxo), basta estar devidamente federado ou filiado aos clubes. Aqui vai uma lembran\u00e7a\u2026","rel":"","context":"Em &quot;Escalada&quot;","block_context":{"text":"Escalada","link":"https:\/\/yuri.com.br\/claudio\/category\/escalada\/"},"img":{"alt_text":"","src":"https:\/\/i0.wp.com\/img.youtube.com\/vi\/ojMRzsXSBH4\/0.jpg?resize=350%2C200","width":350,"height":200},"classes":[]},{"id":254,"url":"https:\/\/yuri.com.br\/claudio\/2008\/10\/31\/sobre-o-campeonato-estadual-de-boulder-rj-2008\/","url_meta":{"origin":1573,"position":4},"title":"Sobre o Campeonato Estadual de Boulder RJ 2008","author":"claudio","date":"31\/out\/2008","format":false,"excerpt":"Neste m\u00eas de outubro\u00a0terminou o Campeonato Estadual de Escalada (Boulder) do RJ 2008. Sobre os resultados oficiais eu indico 2 artigos: Blog da Lojinha de Escalada Blog do Caio Gomes E clicando neste link pode-se conferir algumas fotos que fiz desta \u00faltima etapa na Limite Vertical. Aproveito este espa\u00e7o para\u2026","rel":"","context":"Em &quot;Escalada&quot;","block_context":{"text":"Escalada","link":"https:\/\/yuri.com.br\/claudio\/category\/escalada\/"},"img":{"alt_text":"","src":"https:\/\/i0.wp.com\/yuri.com.br\/claudio\/wp-content\/uploads\/2008\/10\/jornaldossports_estadualrj2008.jpg?resize=350%2C200&ssl=1","width":350,"height":200,"srcset":"https:\/\/i0.wp.com\/yuri.com.br\/claudio\/wp-content\/uploads\/2008\/10\/jornaldossports_estadualrj2008.jpg?resize=350%2C200&ssl=1 1x, https:\/\/i0.wp.com\/yuri.com.br\/claudio\/wp-content\/uploads\/2008\/10\/jornaldossports_estadualrj2008.jpg?resize=525%2C300&ssl=1 1.5x, https:\/\/i0.wp.com\/yuri.com.br\/claudio\/wp-content\/uploads\/2008\/10\/jornaldossports_estadualrj2008.jpg?resize=700%2C400&ssl=1 2x"},"classes":[]},{"id":1056,"url":"https:\/\/yuri.com.br\/claudio\/2009\/09\/21\/shawarma-e-tchibum\/","url_meta":{"origin":1573,"position":5},"title":"Shawarma e tchibum!","author":"claudio","date":"21\/set\/2009","format":false,"excerpt":"Neste s\u00e1bado, gra\u00e7as \u00e0 condu\u00e7\u00e3o da Fl\u00e1via, conhecemos um pouco da regi\u00e3o de Jacarepagu\u00e1 na zona oeste do RJ, mais precisamente os arredores da Pedra Hime. O local \u00e9 um pouco mais distante e talvez por isso n\u00e3o t\u00e3o frequentado, mas valeu muito a visita. A \u00e1rea pertence a uma\u2026","rel":"","context":"Em &quot;'Baixa' Gastronomia&quot;","block_context":{"text":"'Baixa' Gastronomia","link":"https:\/\/yuri.com.br\/claudio\/category\/baixa-gastronomia\/"},"img":{"alt_text":"","src":"https:\/\/i0.wp.com\/farm4.static.flickr.com\/3424\/3939296850_813b2cf9d2_b.jpg?resize=350%2C200","width":350,"height":200,"srcset":"https:\/\/i0.wp.com\/farm4.static.flickr.com\/3424\/3939296850_813b2cf9d2_b.jpg?resize=350%2C200 1x, https:\/\/i0.wp.com\/farm4.static.flickr.com\/3424\/3939296850_813b2cf9d2_b.jpg?resize=525%2C300 1.5x"},"classes":[]}],"_links":{"self":[{"href":"https:\/\/yuri.com.br\/claudio\/wp-json\/wp\/v2\/posts\/1573","targetHints":{"allow":["GET"]}}],"collection":[{"href":"https:\/\/yuri.com.br\/claudio\/wp-json\/wp\/v2\/posts"}],"about":[{"href":"https:\/\/yuri.com.br\/claudio\/wp-json\/wp\/v2\/types\/post"}],"author":[{"embeddable":true,"href":"https:\/\/yuri.com.br\/claudio\/wp-json\/wp\/v2\/users\/2"}],"replies":[{"embeddable":true,"href":"https:\/\/yuri.com.br\/claudio\/wp-json\/wp\/v2\/comments?post=1573"}],"version-history":[{"count":0,"href":"https:\/\/yuri.com.br\/claudio\/wp-json\/wp\/v2\/posts\/1573\/revisions"}],"wp:featuredmedia":[{"embeddable":true,"href":"https:\/\/yuri.com.br\/claudio\/wp-json\/wp\/v2\/media\/1575"}],"wp:attachment":[{"href":"https:\/\/yuri.com.br\/claudio\/wp-json\/wp\/v2\/media?parent=1573"}],"wp:term":[{"taxonomy":"category","embeddable":true,"href":"https:\/\/yuri.com.br\/claudio\/wp-json\/wp\/v2\/categories?post=1573"},{"taxonomy":"post_tag","embeddable":true,"href":"https:\/\/yuri.com.br\/claudio\/wp-json\/wp\/v2\/tags?post=1573"}],"curies":[{"name":"wp","href":"https:\/\/api.w.org\/{rel}","templated":true}]}}