{"id":1556,"date":"2010-02-23T03:58:06","date_gmt":"2010-02-23T03:58:06","guid":{"rendered":"http:\/\/claudiobr.wordpress.com\/?p=1556"},"modified":"2010-02-23T03:58:06","modified_gmt":"2010-02-23T03:58:06","slug":"sincronicidade","status":"publish","type":"post","link":"https:\/\/yuri.com.br\/claudio\/2010\/02\/23\/sincronicidade\/","title":{"rendered":"Sincronicidade"},"content":{"rendered":"<p style=\"text-align:justify;\"><img loading=\"lazy\" decoding=\"async\" class=\"alignright\" title=\"Minhas ex-calopsitas\" src=\"http:\/\/farm4.static.flickr.com\/3388\/3480387462_5c7c3b9e8c_m.jpg\" alt=\"\" width=\"218\" height=\"145\" \/>Este fds tudo ia normalmente. Mas aconteceu algo raro que eu precisava deixar anotado: coincid\u00eancias. M\u00faltiplas, reincidentes. Por pelo menos 3 ocasi\u00f5es, em menos de 48 horas, reencontrei pessoas totalmente no acaso (em locais improv\u00e1veis), 2 delas eu n\u00e3o via a mais de 7 anos. Ser\u00e1 que eu devia ter jogado na mega-sena? Ser\u00e1 que se eu sair na rua agora irei trombar com um amigo de inf\u00e2ncia? N\u00e3o duvido de mais nada&#8230;<\/p>\n<p style=\"text-align:justify;\">Como diriam os cariocas, fiquei meio &#8220;bolado&#8221; com isso. Essa situa\u00e7\u00e3o, em que vc est\u00e1 andando por algum lugar e de repente algu\u00e9m inesperado grita o seu nome, com certeza j\u00e1 aconteceu com todos, certo? Eu, c\u00e9tico como sempre, atribu\u00ed tudo ao acaso. Mas se for pensar mais a fundo, tem tanta coisa important\u00edssima nessa vida que nos v\u00eam por acaso, um cruzamento de vidas \u00e9 t\u00e3o aleat\u00f3rio como um encostar de 2 gr\u00e3os de areia, por\u00e9m com significados irrevers\u00edveis. O amor \u00e9 um exemplo fatal, ningu\u00e9m escolhe racionalmente, \u00e9 algo que simplesmente &#8220;acontece&#8221;. A arte do cinema j\u00e1 tentou ilustrar isso diversas vezes, um exemplo s\u00e3o as narrativas n\u00e3o lineares de filmes como Pulp Fiction ou a porrada recomendad\u00edssima do <a href=\"http:\/\/www.imdb.com\/title\/tt0245712\/\" target=\"_blank\">Amores Perros<\/a>. Tem at\u00e9 fil\u00f3sofo\/psiquiatra especialista nesse neg\u00f3cio das <a href=\"http:\/\/www.carl-jung.net\/synchronicity.html\" target=\"_blank\">coincid\u00eancias<\/a> ou dos inexplic\u00e1veis fen\u00f4menos n\u00e3o causais.<\/p>\n<p style=\"text-align:center;\"><img loading=\"lazy\" decoding=\"async\" class=\"aligncenter\" title=\"Galen Rowell\" src=\"http:\/\/www.mountainlight.com\/AA-images\/aa_0016_480.jpg\" alt=\"\" width=\"524\" height=\"349\" \/><\/p>\n<p style=\"text-align:justify;\">Existe (existiu) um fot\u00f3grafo outdoor &#8220;das antigas&#8221; &#8211; que admiro muito &#8211; o <a href=\"http:\/\/www.mountainlight.com\/\" target=\"_blank\">Galen Rowell<\/a>. Gosto quando ele humildemente diz que a sorte desempenha um grande peso no resultado de suas imagens. Fato este descoberto depois de tentar, sem sucesso, reproduzir algumas de suas <a href=\"http:\/\/theautry.org\/yosemite\/rowell.php\" target=\"_blank\">cl\u00e1ssicas fotografias<\/a>, mesmo que utilizando o mesmo equipamento, trabalhando nos mesmos locais e hor\u00e1rios, concluindo que as combina\u00e7\u00f5es de formas e luzes s\u00e3o realmente infinitas e \u00fanicas.\u00a0 Por\u00e9m esta sorte n\u00e3o se traduz na chance de ganharmos na loteria, mas sim a &#8220;sorte&#8221; daqueles que se fazem abertos e receptivos \u00e0 &#8220;sorte&#8221;, se entregando profundamente \u00e0s suas \u00e1reas de interesse.<\/p>\n<p style=\"text-align:justify;\">Enfim, t\u00e1 registrado. Let it be!<\/p>\n","protected":false},"excerpt":{"rendered":"<p>Este fds tudo ia normalmente. Mas aconteceu algo raro que eu precisava deixar anotado: coincid\u00eancias. M\u00faltiplas, reincidentes. Por pelo menos 3 ocasi\u00f5es, em menos de 48 horas, reencontrei pessoas totalmente no acaso (em locais improv\u00e1veis), 2 delas eu n\u00e3o via a mais de 7 anos. Ser\u00e1 que eu devia ter jogado na mega-sena? Ser\u00e1 que&hellip;&nbsp;<a href=\"https:\/\/yuri.com.br\/claudio\/2010\/02\/23\/sincronicidade\/\" rel=\"bookmark\">Continue a ler &raquo;<span class=\"screen-reader-text\">Sincronicidade<\/span><\/a><\/p>\n","protected":false},"author":2,"featured_media":0,"comment_status":"open","ping_status":"open","sticky":false,"template":"","format":"standard","meta":{"neve_meta_sidebar":"","neve_meta_container":"","neve_meta_enable_content_width":"","neve_meta_content_width":0,"neve_meta_title_alignment":"","neve_meta_author_avatar":"","neve_post_elements_order":"","neve_meta_disable_header":"","neve_meta_disable_footer":"","neve_meta_disable_title":"","jetpack_post_was_ever_published":false,"_jetpack_newsletter_access":"","_jetpack_dont_email_post_to_subs":false,"_jetpack_newsletter_tier_id":0,"_jetpack_memberships_contains_paywalled_content":false,"_jetpack_memberships_contains_paid_content":false,"footnotes":"","jetpack_publicize_message":"","jetpack_publicize_feature_enabled":true,"jetpack_social_post_already_shared":false,"jetpack_social_options":{"image_generator_settings":{"template":"highway","default_image_id":0,"font":"","enabled":false},"version":2}},"categories":[5],"tags":[],"class_list":["post-1556","post","type-post","status-publish","format-standard","hentry","category-outros"],"jetpack_publicize_connections":[],"jetpack_featured_media_url":"","jetpack_shortlink":"https:\/\/wp.me\/p4i7cB-p6","jetpack_sharing_enabled":true,"jetpack-related-posts":[{"id":921,"url":"https:\/\/yuri.com.br\/claudio\/2009\/08\/03\/destaques-do-fds\/","url_meta":{"origin":1556,"position":0},"title":"Destaques do fds","author":"claudio","date":"3\/ago\/2009","format":false,"excerpt":"- \"festinha\" digna de manter Ipanema acordada at\u00e9 de manh\u00e3, na cobertura quadriplex do aniversariante Matt (que anda mudando meu conceito sobre os escoceses :-) - Pracinha de Itacoatiara pra curar ressaca, com direito a session de fotos no boulder-pir\u00e2mide \"Fara\u00f3\". O clip-stick que j\u00e1 servia de escova-stick, agora foi\u2026","rel":"","context":"Em &quot;Escalada&quot;","block_context":{"text":"Escalada","link":"https:\/\/yuri.com.br\/claudio\/category\/escalada\/"},"img":{"alt_text":"","src":"https:\/\/i0.wp.com\/yuri.com.br\/claudio\/wp-content\/uploads\/2009\/08\/backstage.jpg?resize=350%2C200&ssl=1","width":350,"height":200,"srcset":"https:\/\/i0.wp.com\/yuri.com.br\/claudio\/wp-content\/uploads\/2009\/08\/backstage.jpg?resize=350%2C200&ssl=1 1x, https:\/\/i0.wp.com\/yuri.com.br\/claudio\/wp-content\/uploads\/2009\/08\/backstage.jpg?resize=525%2C300&ssl=1 1.5x, https:\/\/i0.wp.com\/yuri.com.br\/claudio\/wp-content\/uploads\/2009\/08\/backstage.jpg?resize=700%2C400&ssl=1 2x"},"classes":[]},{"id":3692,"url":"https:\/\/yuri.com.br\/claudio\/2012\/05\/29\/cachacas-da-regiao\/","url_meta":{"origin":1556,"position":1},"title":"Cacha\u00e7as da regi\u00e3o","author":"claudio","date":"29\/maio\/2012","format":false,"excerpt":"As 2 boas canas das redondezas de S\u00e3o Bento do Sapuca\u00ed: Luminosa e Gon\u00e7alves. No garraf\u00e3o temos um l\u00edquido com 9 anos de idade, envelhecido com lascas de carvalho. E na direita, cacha\u00e7a envelhecida com folha de figo. Os 6 litros acima est\u00e3o destinados a um casamento. Pressinto que ao\u2026","rel":"","context":"Em &quot;'Baixa' Gastronomia&quot;","block_context":{"text":"'Baixa' Gastronomia","link":"https:\/\/yuri.com.br\/claudio\/category\/baixa-gastronomia\/"},"img":{"alt_text":"","src":"https:\/\/i0.wp.com\/yuri.com.br\/claudio\/wp-content\/uploads\/2012\/05\/presente_cesinhatati.jpg?resize=350%2C200&ssl=1","width":350,"height":200,"srcset":"https:\/\/i0.wp.com\/yuri.com.br\/claudio\/wp-content\/uploads\/2012\/05\/presente_cesinhatati.jpg?resize=350%2C200&ssl=1 1x, https:\/\/i0.wp.com\/yuri.com.br\/claudio\/wp-content\/uploads\/2012\/05\/presente_cesinhatati.jpg?resize=525%2C300&ssl=1 1.5x, https:\/\/i0.wp.com\/yuri.com.br\/claudio\/wp-content\/uploads\/2012\/05\/presente_cesinhatati.jpg?resize=700%2C400&ssl=1 2x"},"classes":[]},{"id":3701,"url":"https:\/\/yuri.com.br\/claudio\/2012\/06\/05\/seg-de-corpus-christi\/","url_meta":{"origin":1556,"position":2},"title":"&#8216;Seg&#8217; de Corpus Christi","author":"claudio","date":"5\/jun\/2012","format":false,"excerpt":"A maioria j\u00e1 sabe e est\u00e1 vindo a\u00ea, mas n\u00e3o custa aumentar o coro: nesse fds tem Campeonato Brasileiro seguido de Festa na Montanha 2012 em S\u00e3o Bento! Uma \"prociss\u00e3o\" de escaladores vai encher a cidade... nos vemos por l\u00e1!","rel":"","context":"Em &quot;Escalada&quot;","block_context":{"text":"Escalada","link":"https:\/\/yuri.com.br\/claudio\/category\/escalada\/"},"img":{"alt_text":"","src":"https:\/\/i0.wp.com\/yuri.com.br\/claudio\/wp-content\/uploads\/2012\/06\/campeonato_brasileiro_boulder_2012.jpg?resize=350%2C200&ssl=1","width":350,"height":200,"srcset":"https:\/\/i0.wp.com\/yuri.com.br\/claudio\/wp-content\/uploads\/2012\/06\/campeonato_brasileiro_boulder_2012.jpg?resize=350%2C200&ssl=1 1x, https:\/\/i0.wp.com\/yuri.com.br\/claudio\/wp-content\/uploads\/2012\/06\/campeonato_brasileiro_boulder_2012.jpg?resize=525%2C300&ssl=1 1.5x"},"classes":[]},{"id":608,"url":"https:\/\/yuri.com.br\/claudio\/2009\/04\/14\/pascoa-2009\/","url_meta":{"origin":1556,"position":3},"title":"P\u00e1scoa 2009","author":"claudio","date":"14\/abr\/2009","format":false,"excerpt":"Neste \u00faltimo fds, fui com minha esposa \u00e0 Itajub\u00e1 e regi\u00e3o, lugar que n\u00e3o visitava a muito tempo: Pico dos Marins Para\u00edso dos 'Bordis' Boulders na Piedade Desde a \u00faltima vez, muita coisa se desenvolveu, e surgiram novas vias e boulders de alta dificuldade. Fui conferir o \"Tubar\u00e3o\" na Pedra\u2026","rel":"","context":"Em &quot;Escalada&quot;","block_context":{"text":"Escalada","link":"https:\/\/yuri.com.br\/claudio\/category\/escalada\/"},"img":{"alt_text":"","src":"https:\/\/i0.wp.com\/farm4.static.flickr.com\/3561\/3441650936_3fa5747d16.jpg?resize=350%2C200","width":350,"height":200},"classes":[]},{"id":783,"url":"https:\/\/yuri.com.br\/claudio\/2009\/06\/22\/via-gozma-petzl\/","url_meta":{"origin":1556,"position":4},"title":"Via: Gozma Petzl","author":"claudio","date":"22\/jun\/2009","format":false,"excerpt":"Neste \u00faltimo fds, estive no Campo Escola 2000, e aproveitei para captar algumas imagens do Tadeu e do Alexis tentando o Gozma. Sempre quis \"eternizar\" o bote dessa via. Gostei do \u00e2ngulo que obtive, mostrando bem a impon\u00eancia negativa daquele granito incr\u00edvel, por\u00e9m a falta de luz naquele local dificulta\u2026","rel":"","context":"Em &quot;Escalada&quot;","block_context":{"text":"Escalada","link":"https:\/\/yuri.com.br\/claudio\/category\/escalada\/"},"img":{"alt_text":"","src":"https:\/\/i0.wp.com\/farm4.static.flickr.com\/3652\/3648101401_c05b59ce11.jpg?resize=350%2C200","width":350,"height":200},"classes":[]},{"id":736,"url":"https:\/\/yuri.com.br\/claudio\/2009\/06\/04\/back-home-2\/","url_meta":{"origin":1556,"position":5},"title":"Back home","author":"claudio","date":"4\/jun\/2009","format":false,"excerpt":"2 semanas em Sampa foram suficientes pra matar algumas boas saudades. Uma delas \u00e9 da 90 Graus e um monte de gente por l\u00e1. Colhi algumas fotos, e separei uma meio \"espacial\" aqui: Os coment\u00e1rios, desta vez, s\u00e3o da ilumina\u00e7\u00e3o. Temos em uso o seguinte: 2 flashes Vivitar velhos adquiridos\u2026","rel":"","context":"Em &quot;Escalada&quot;","block_context":{"text":"Escalada","link":"https:\/\/yuri.com.br\/claudio\/category\/escalada\/"},"img":{"alt_text":"","src":"https:\/\/i0.wp.com\/farm4.static.flickr.com\/3312\/3574373612_5658eb08b7.jpg?resize=350%2C200","width":350,"height":200},"classes":[]}],"_links":{"self":[{"href":"https:\/\/yuri.com.br\/claudio\/wp-json\/wp\/v2\/posts\/1556","targetHints":{"allow":["GET"]}}],"collection":[{"href":"https:\/\/yuri.com.br\/claudio\/wp-json\/wp\/v2\/posts"}],"about":[{"href":"https:\/\/yuri.com.br\/claudio\/wp-json\/wp\/v2\/types\/post"}],"author":[{"embeddable":true,"href":"https:\/\/yuri.com.br\/claudio\/wp-json\/wp\/v2\/users\/2"}],"replies":[{"embeddable":true,"href":"https:\/\/yuri.com.br\/claudio\/wp-json\/wp\/v2\/comments?post=1556"}],"version-history":[{"count":0,"href":"https:\/\/yuri.com.br\/claudio\/wp-json\/wp\/v2\/posts\/1556\/revisions"}],"wp:attachment":[{"href":"https:\/\/yuri.com.br\/claudio\/wp-json\/wp\/v2\/media?parent=1556"}],"wp:term":[{"taxonomy":"category","embeddable":true,"href":"https:\/\/yuri.com.br\/claudio\/wp-json\/wp\/v2\/categories?post=1556"},{"taxonomy":"post_tag","embeddable":true,"href":"https:\/\/yuri.com.br\/claudio\/wp-json\/wp\/v2\/tags?post=1556"}],"curies":[{"name":"wp","href":"https:\/\/api.w.org\/{rel}","templated":true}]}}