{"id":1539,"date":"2010-02-15T20:36:54","date_gmt":"2010-02-15T20:36:54","guid":{"rendered":"http:\/\/claudiobr.wordpress.com\/?p=1539"},"modified":"2010-02-15T20:36:54","modified_gmt":"2010-02-15T20:36:54","slug":"living-the-dream","status":"publish","type":"post","link":"https:\/\/yuri.com.br\/claudio\/2010\/02\/15\/living-the-dream\/","title":{"rendered":"Living the Dream"},"content":{"rendered":"<p style=\"text-align:justify;\">Um v\u00eddeo bacana para se ver ap\u00f3s um feriado prolongado. Produzido pelo <a href=\"http:\/\/www.rockmonkeyart.com\" target=\"_blank\">Renan Ortzurk<\/a> para um premiado <a href=\"http:\/\/www.nikonfestival.com\/how-it-works\/\" target=\"_blank\">festival<\/a> de v\u00eddeos (de 140 segs.) da Nikon. Ficou inspirador, bem feito e <a href=\"http:\/\/vimeo.com\/8323339\" target=\"_blank\">equipado<\/a>, com grua, POV (primeira pessoa), etc.<\/p>\n<p style=\"text-align:center;\"><div class=\"nv-iframe-embed\"><div class=\"embed-vimeo\" style=\"text-align: center;\"><iframe loading=\"lazy\" src=\"https:\/\/player.vimeo.com\/video\/8340496\" width=\"700\" height=\"394\" frameborder=\"0\" webkitallowfullscreen mozallowfullscreen allowfullscreen><\/iframe><\/div><\/div>\n<p style=\"text-align:center;\"><em>Live your dream everyday <\/em>(not only in holidays &#8211; adendo by Claudio :-)<\/p>\n","protected":false},"excerpt":{"rendered":"<p>Um v\u00eddeo bacana para se ver ap\u00f3s um feriado prolongado. Produzido pelo Renan Ortzurk para um premiado festival de v\u00eddeos (de 140 segs.) da Nikon. Ficou inspirador, bem feito e equipado, com grua, POV (primeira pessoa), etc. Live your dream everyday (not only in holidays &#8211; adendo by Claudio :-)<\/p>\n","protected":false},"author":2,"featured_media":0,"comment_status":"open","ping_status":"open","sticky":false,"template":"","format":"standard","meta":{"neve_meta_sidebar":"","neve_meta_container":"","neve_meta_enable_content_width":"","neve_meta_content_width":0,"neve_meta_title_alignment":"","neve_meta_author_avatar":"","neve_post_elements_order":"","neve_meta_disable_header":"","neve_meta_disable_footer":"","neve_meta_disable_title":"","jetpack_post_was_ever_published":false,"_jetpack_newsletter_access":"","_jetpack_dont_email_post_to_subs":false,"_jetpack_newsletter_tier_id":0,"_jetpack_memberships_contains_paywalled_content":false,"_jetpack_memberships_contains_paid_content":false,"footnotes":"","jetpack_publicize_message":"","jetpack_publicize_feature_enabled":true,"jetpack_social_post_already_shared":false,"jetpack_social_options":{"image_generator_settings":{"template":"highway","default_image_id":0,"font":"","enabled":false},"version":2}},"categories":[3],"tags":[],"class_list":["post-1539","post","type-post","status-publish","format-standard","hentry","category-escalada"],"jetpack_publicize_connections":[],"jetpack_featured_media_url":"","jetpack_shortlink":"https:\/\/wp.me\/p4i7cB-oP","jetpack_sharing_enabled":true,"jetpack-related-posts":[{"id":2887,"url":"https:\/\/yuri.com.br\/claudio\/2011\/07\/30\/living-the-dream-2\/","url_meta":{"origin":1539,"position":0},"title":"Living the dream 2","author":"claudio","date":"30\/jul\/2011","format":false,"excerpt":"Sequ\u00eancia do v\u00eddeo Living the dream, que propaguei por aqui no ano passado: Renan \u00e9 um dos verdadeiros artistas em nosso \"meio\", e sofreu um acidente grave recentemente.","rel":"","context":"Em &quot;Escalada&quot;","block_context":{"text":"Escalada","link":"https:\/\/yuri.com.br\/claudio\/category\/escalada\/"},"img":{"alt_text":"","src":"","width":0,"height":0},"classes":[]},{"id":3779,"url":"https:\/\/yuri.com.br\/claudio\/2012\/07\/01\/vimeo-awards-2012\/","url_meta":{"origin":1539,"position":1},"title":"Vimeo Awards 2012","author":"claudio","date":"1\/jul\/2012","format":false,"excerpt":"Vale a pena conferir todos os v\u00eddeos do festival anual \"Vimeo Awards\" que rolou recentemente. Inspira\u00e7\u00e3o \u00e9 o que n\u00e3o falta... aqui vai um bel\u00edssimo curta, da categoria action\/sports (teve at\u00e9 de escalada entre os finalistas).","rel":"","context":"Em &quot;Outros&quot;","block_context":{"text":"Outros","link":"https:\/\/yuri.com.br\/claudio\/category\/outros\/"},"img":{"alt_text":"","src":"","width":0,"height":0},"classes":[]},{"id":3636,"url":"https:\/\/yuri.com.br\/claudio\/2012\/04\/12\/retrato-pos-cadena\/","url_meta":{"origin":1539,"position":2},"title":"Retrato &#8216;p\u00f3s-cadena&#8217;","author":"claudio","date":"12\/abr\/2012","format":false,"excerpt":"Pr\u00e9via do pequeno v\u00eddeo\/souvenir com esses brothers-cariocas-fren\u00e9ticos que estiveram aqui nesse feriado...","rel":"","context":"Em &quot;Escalada&quot;","block_context":{"text":"Escalada","link":"https:\/\/yuri.com.br\/claudio\/category\/escalada\/"},"img":{"alt_text":"","src":"https:\/\/i0.wp.com\/yuri.com.br\/claudio\/wp-content\/uploads\/2012\/04\/robertete.jpg?resize=350%2C200&ssl=1","width":350,"height":200,"srcset":"https:\/\/i0.wp.com\/yuri.com.br\/claudio\/wp-content\/uploads\/2012\/04\/robertete.jpg?resize=350%2C200&ssl=1 1x, https:\/\/i0.wp.com\/yuri.com.br\/claudio\/wp-content\/uploads\/2012\/04\/robertete.jpg?resize=525%2C300&ssl=1 1.5x, https:\/\/i0.wp.com\/yuri.com.br\/claudio\/wp-content\/uploads\/2012\/04\/robertete.jpg?resize=700%2C400&ssl=1 2x"},"classes":[]},{"id":661,"url":"https:\/\/yuri.com.br\/claudio\/2009\/05\/07\/ubatuba-report-video\/","url_meta":{"origin":1539,"position":3},"title":"Ubatuba report (v\u00eddeo)","author":"claudio","date":"7\/maio\/2009","format":false,"excerpt":"Finalizei o \"souvenir\/curta\" do \u00faltimo feriado: Estrelando: galera se divertindo no Pro Abaulado V2, eu no Ur\u00e9ia V8, e o Alexis em seu Puro Cambur y Peo V4 (FA), este \u00faltimo gra\u00e7as as imagens cedidas pelo Gabriel. (caso sua conex\u00e3o seja lenta, pause o v\u00eddeo e espere a barrinha cinza\u2026","rel":"","context":"Em &quot;Escalada&quot;","block_context":{"text":"Escalada","link":"https:\/\/yuri.com.br\/claudio\/category\/escalada\/"},"img":{"alt_text":"","src":"","width":0,"height":0},"classes":[]},{"id":244,"url":"https:\/\/yuri.com.br\/claudio\/2008\/09\/27\/mixtape-9\/","url_meta":{"origin":1539,"position":4},"title":"mixtape #9","author":"claudio","date":"27\/set\/2008","format":false,"excerpt":"Mais uma fitinha, ainda n\u00e3o sei direito por que publico isso aqui... mas eu curto fazer esses sets, pra dar uma pilhada no povo. Quem quiser conferir \"ao vivo\", estas s\u00e3o as sonzeiras que animam muitas sessions l\u00e1 na Limite Vertical, no RJ. Stay tuned! mixtape #9 VNV Nation -\u2026","rel":"","context":"Em &quot;M\u00fasica&quot;","block_context":{"text":"M\u00fasica","link":"https:\/\/yuri.com.br\/claudio\/category\/musica\/"},"img":{"alt_text":"","src":"","width":0,"height":0},"classes":[]},{"id":756,"url":"https:\/\/yuri.com.br\/claudio\/2009\/06\/10\/mais-um-feriado\/","url_meta":{"origin":1539,"position":5},"title":"Mais um feriado&#8230;","author":"claudio","date":"10\/jun\/2009","format":false,"excerpt":"Fotografia inspirada no blockbuster \"Terminator 4 - Salvation\" Clipe Oficial da m\u00fasica \"All I Need\" da dupla francesa \"Air\" Aos que v\u00e3o emendar o feriado, boa viagem! E feliz dia dos namorados aos casais!! Esse neg\u00f3cio de dividir sua vida com algu\u00e9m \u00e9 surpreendentemente valoroso no sentido mais sincero da\u2026","rel":"","context":"Em &quot;Escalada&quot;","block_context":{"text":"Escalada","link":"https:\/\/yuri.com.br\/claudio\/category\/escalada\/"},"img":{"alt_text":"","src":"https:\/\/i0.wp.com\/farm4.static.flickr.com\/3637\/3606837483_0c62f81b66_o.jpg?resize=350%2C200","width":350,"height":200,"srcset":"https:\/\/i0.wp.com\/farm4.static.flickr.com\/3637\/3606837483_0c62f81b66_o.jpg?resize=350%2C200 1x, https:\/\/i0.wp.com\/farm4.static.flickr.com\/3637\/3606837483_0c62f81b66_o.jpg?resize=525%2C300 1.5x"},"classes":[]}],"_links":{"self":[{"href":"https:\/\/yuri.com.br\/claudio\/wp-json\/wp\/v2\/posts\/1539","targetHints":{"allow":["GET"]}}],"collection":[{"href":"https:\/\/yuri.com.br\/claudio\/wp-json\/wp\/v2\/posts"}],"about":[{"href":"https:\/\/yuri.com.br\/claudio\/wp-json\/wp\/v2\/types\/post"}],"author":[{"embeddable":true,"href":"https:\/\/yuri.com.br\/claudio\/wp-json\/wp\/v2\/users\/2"}],"replies":[{"embeddable":true,"href":"https:\/\/yuri.com.br\/claudio\/wp-json\/wp\/v2\/comments?post=1539"}],"version-history":[{"count":0,"href":"https:\/\/yuri.com.br\/claudio\/wp-json\/wp\/v2\/posts\/1539\/revisions"}],"wp:attachment":[{"href":"https:\/\/yuri.com.br\/claudio\/wp-json\/wp\/v2\/media?parent=1539"}],"wp:term":[{"taxonomy":"category","embeddable":true,"href":"https:\/\/yuri.com.br\/claudio\/wp-json\/wp\/v2\/categories?post=1539"},{"taxonomy":"post_tag","embeddable":true,"href":"https:\/\/yuri.com.br\/claudio\/wp-json\/wp\/v2\/tags?post=1539"}],"curies":[{"name":"wp","href":"https:\/\/api.w.org\/{rel}","templated":true}]}}