{"id":1511,"date":"2010-02-09T22:29:31","date_gmt":"2010-02-09T22:29:31","guid":{"rendered":"http:\/\/claudiobr.wordpress.com\/?p=1511"},"modified":"2010-02-09T22:29:31","modified_gmt":"2010-02-09T22:29:31","slug":"project-365","status":"publish","type":"post","link":"https:\/\/yuri.com.br\/claudio\/2010\/02\/09\/project-365\/","title":{"rendered":"Project 365"},"content":{"rendered":"<p style=\"text-align:justify;\">Desde o ano passado, notei alguns malucos se comprometendo num projeto fotogr\u00e1fico que consiste em tirar uma foto por dia, durante os 365 dias do ano. O destaque foi <a href=\"http:\/\/www.flickr.com\/photos\/polvero\/sets\/72157611811908959\/\" target=\"_blank\">Dustin Diaz<\/a>, que chegou a ser eleito o <em>Best Flickr Photographer<\/em> de 2009 em <a href=\"http:\/\/mashable.com\/owa\/\" target=\"_blank\">vota\u00e7\u00e3o popular<\/a>. Ele ainda publicava os <a href=\"http:\/\/www.flickr.com\/photos\/polvero\/sets\/72157615873440953\/\" target=\"_blank\"><em>setups<\/em><\/a> das fotos (&#8220;<em>strobist info<\/em>&#8220;), o que ajudou na fama. Basta procurar por &#8220;<a href=\"http:\/\/www.flickr.com\/search\/?q=365&amp;w=all\" target=\"_blank\">365<\/a>&#8221; no Flickr (o <a href=\"http:\/\/www.time.com\/time\/specials\/packages\/completelist\/0,29569,1918031,00.html\" target=\"_blank\">site do ano<\/a> de acordo com a revista Time) e encontrar\u00e1 diversos engajados nesta loucura.<\/p>\n<p style=\"text-align:justify;\">Fazer uma foto todo santo dia me parece uma malha\u00e7\u00e3o de criatividade onde, quem cumpre, s\u00f3 pode sair mais forte e dono de uma experi\u00eancia valiosa. Infelizmente n\u00e3o tenho o tempo (ou for\u00e7a de vontade?) pra isso, mas acompanhar alguns destes projetos j\u00e1 gera bons aprendizados.<\/p>\n<p style=\"text-align:justify;\">Este ano, o fot\u00f3grafo e <a href=\"http:\/\/www.onelightworkshop.com\/\" target=\"_blank\">professor<\/a> Zack Arias entrou nessa brincadeira e anda registrando seu &#8220;365 project&#8221; no endere\u00e7o <a href=\"http:\/\/dedpxl.com\/\" target=\"_blank\">dedpxl.com<\/a>. A composi\u00e7\u00e3o abaixo \u00e9 de seu dia\/foto #37:<\/p>\n<p><a href=\"http:\/\/www.flickr.com\/photos\/lensbert\/3970209646\/\"><img loading=\"lazy\" decoding=\"async\" class=\"alignnone\" title=\"Flux Compensator, by Lensbert @ Flickr\" src=\"http:\/\/l.yimg.com\/g\/images\/spaceball.gif\" alt=\"\" width=\"1\" height=\"1\" \/><\/a><\/p>\n<p style=\"text-align:center;\"><a href=\"http:\/\/dedpxl.com\/2010\/02\/day-37-caitlin\/\" target=\"_blank\"><img loading=\"lazy\" decoding=\"async\" class=\"aligncenter\" title=\"037 \/ 365 Project \/ 2010 by Zack Arias\" src=\"http:\/\/farm5.static.flickr.com\/4053\/4338220317_4c28567819.jpg\" alt=\"\" width=\"500\" height=\"375\" \/><\/a><\/p>\n<p><strong>Viva o <a href=\"http:\/\/www.dicionarioinformal.com.br\/buscar.php?palavra=empirismo\" target=\"_blank\">empirismo<\/a>!<\/strong><\/p>\n","protected":false},"excerpt":{"rendered":"<p>Desde o ano passado, notei alguns malucos se comprometendo num projeto fotogr\u00e1fico que consiste em tirar uma foto por dia, durante os 365 dias do ano. O destaque foi Dustin Diaz, que chegou a ser eleito o Best Flickr Photographer de 2009 em vota\u00e7\u00e3o popular. Ele ainda publicava os setups das fotos (&#8220;strobist info&#8220;), o&hellip;&nbsp;<a href=\"https:\/\/yuri.com.br\/claudio\/2010\/02\/09\/project-365\/\" rel=\"bookmark\">Continue a ler &raquo;<span class=\"screen-reader-text\">Project 365<\/span><\/a><\/p>\n","protected":false},"author":2,"featured_media":0,"comment_status":"open","ping_status":"open","sticky":false,"template":"","format":"standard","meta":{"neve_meta_sidebar":"","neve_meta_container":"","neve_meta_enable_content_width":"","neve_meta_content_width":0,"neve_meta_title_alignment":"","neve_meta_author_avatar":"","neve_post_elements_order":"","neve_meta_disable_header":"","neve_meta_disable_footer":"","neve_meta_disable_title":"","jetpack_post_was_ever_published":false,"_jetpack_newsletter_access":"","_jetpack_dont_email_post_to_subs":false,"_jetpack_newsletter_tier_id":0,"_jetpack_memberships_contains_paywalled_content":false,"_jetpack_memberships_contains_paid_content":false,"footnotes":"","jetpack_publicize_message":"","jetpack_publicize_feature_enabled":true,"jetpack_social_post_already_shared":false,"jetpack_social_options":{"image_generator_settings":{"template":"highway","default_image_id":0,"font":"","enabled":false},"version":2}},"categories":[5],"tags":[],"class_list":["post-1511","post","type-post","status-publish","format-standard","hentry","category-outros"],"jetpack_publicize_connections":[],"jetpack_featured_media_url":"","jetpack_shortlink":"https:\/\/wp.me\/p4i7cB-on","jetpack_sharing_enabled":true,"jetpack-related-posts":[{"id":939,"url":"https:\/\/yuri.com.br\/claudio\/2009\/08\/18\/flickr\/","url_meta":{"origin":1511,"position":0},"title":"Flickr","author":"claudio","date":"18\/ago\/2009","format":false,"excerpt":"Separei algumas fotos 'favoritadas' no Flickr, este site que vai bem al\u00e9m do conceito de simples \"\u00e1lbum pessoal de fotografias\"... quando faltar inspira\u00e7\u00e3o, d\u00e1 uma fu\u00e7ada por l\u00e1 :-) Slideshow aqui.","rel":"","context":"Em &quot;Escalada&quot;","block_context":{"text":"Escalada","link":"https:\/\/yuri.com.br\/claudio\/category\/escalada\/"},"img":{"alt_text":"","src":"https:\/\/i0.wp.com\/farm1.static.flickr.com\/173\/375532425_c555c60969_m.jpg?resize=350%2C200","width":350,"height":200},"classes":[]},{"id":367,"url":"https:\/\/yuri.com.br\/claudio\/2009\/01\/13\/fotografia-keith-ladzinski\/","url_meta":{"origin":1511,"position":1},"title":"Fotografia &#8211; Keith Ladzinski","author":"claudio","date":"13\/jan\/2009","format":false,"excerpt":"Dizem que a fotografia nos ajuda a ver as coisas de maneira diferente, n\u00e3o somente pela simples utilidade de enxergar. Assim como sentimos prazer ao comer um bom prato, os olhos podem \"degustar\" uma bela luz e diger\u00ed-la\u00a0na forma de uma foto, que n\u00e3o \u00e9 uma pintura nem um mero\u2026","rel":"","context":"Em &quot;Escalada&quot;","block_context":{"text":"Escalada","link":"https:\/\/yuri.com.br\/claudio\/category\/escalada\/"},"img":{"alt_text":"","src":"https:\/\/i0.wp.com\/farm3.static.flickr.com\/2403\/2066036572_478c33a888.jpg?resize=350%2C200","width":350,"height":200},"classes":[]},{"id":921,"url":"https:\/\/yuri.com.br\/claudio\/2009\/08\/03\/destaques-do-fds\/","url_meta":{"origin":1511,"position":2},"title":"Destaques do fds","author":"claudio","date":"3\/ago\/2009","format":false,"excerpt":"- \"festinha\" digna de manter Ipanema acordada at\u00e9 de manh\u00e3, na cobertura quadriplex do aniversariante Matt (que anda mudando meu conceito sobre os escoceses :-) - Pracinha de Itacoatiara pra curar ressaca, com direito a session de fotos no boulder-pir\u00e2mide \"Fara\u00f3\". O clip-stick que j\u00e1 servia de escova-stick, agora foi\u2026","rel":"","context":"Em &quot;Escalada&quot;","block_context":{"text":"Escalada","link":"https:\/\/yuri.com.br\/claudio\/category\/escalada\/"},"img":{"alt_text":"","src":"https:\/\/i0.wp.com\/yuri.com.br\/claudio\/wp-content\/uploads\/2009\/08\/backstage.jpg?resize=350%2C200&ssl=1","width":350,"height":200,"srcset":"https:\/\/i0.wp.com\/yuri.com.br\/claudio\/wp-content\/uploads\/2009\/08\/backstage.jpg?resize=350%2C200&ssl=1 1x, https:\/\/i0.wp.com\/yuri.com.br\/claudio\/wp-content\/uploads\/2009\/08\/backstage.jpg?resize=525%2C300&ssl=1 1.5x, https:\/\/i0.wp.com\/yuri.com.br\/claudio\/wp-content\/uploads\/2009\/08\/backstage.jpg?resize=700%2C400&ssl=1 2x"},"classes":[]},{"id":531,"url":"https:\/\/yuri.com.br\/claudio\/2009\/03\/27\/mais-fotos-comentadas\/","url_meta":{"origin":1511,"position":3},"title":"Mais fotos comentadas","author":"claudio","date":"27\/mar\/2009","format":false,"excerpt":"Continuando com as fotos comentadas, ilustro abaixo mais 2 exemplos: (clique nas imagens para ampli\u00e1-las) Nesta foto o Cesinha est\u00e1 na 2a. de suas 3 entradas na via Coquetel de Energia, em um dia de *muita* chuva, ou seja, bem mais escuro do que j\u00e1 costuma ser no Campo Escola\u2026","rel":"","context":"Em &quot;Escalada&quot;","block_context":{"text":"Escalada","link":"https:\/\/yuri.com.br\/claudio\/category\/escalada\/"},"img":{"alt_text":"","src":"https:\/\/i0.wp.com\/farm4.static.flickr.com\/3004\/2797103658_64e24a0076_o.jpg?resize=350%2C200","width":350,"height":200},"classes":[]},{"id":1367,"url":"https:\/\/yuri.com.br\/claudio\/2010\/01\/04\/taquaril\/","url_meta":{"origin":1511,"position":4},"title":"Taquaril","author":"claudio","date":"4\/jan\/2010","format":false,"excerpt":"2009 terminou naquele esquema: trabalhei at\u00e9 as 7 da noite em plena v\u00e9spera de ano novo, e sa\u00ed correndo em busca da liberdade. At\u00e9 a\u00ed nenhuma novidade, n\u00e3o fosse o destino novo para mim - Taquaril - que fica um pouco depois de Petr\u00f3polis\/RJ, ou seja, pertinho e ideal para\u2026","rel":"","context":"Em &quot;Escalada&quot;","block_context":{"text":"Escalada","link":"https:\/\/yuri.com.br\/claudio\/category\/escalada\/"},"img":{"alt_text":"","src":"https:\/\/i0.wp.com\/yuri.com.br\/claudio\/wp-content\/uploads\/2010\/01\/taquaril_gentileza_byalice.jpg?resize=350%2C200&ssl=1","width":350,"height":200,"srcset":"https:\/\/i0.wp.com\/yuri.com.br\/claudio\/wp-content\/uploads\/2010\/01\/taquaril_gentileza_byalice.jpg?resize=350%2C200&ssl=1 1x, https:\/\/i0.wp.com\/yuri.com.br\/claudio\/wp-content\/uploads\/2010\/01\/taquaril_gentileza_byalice.jpg?resize=525%2C300&ssl=1 1.5x, https:\/\/i0.wp.com\/yuri.com.br\/claudio\/wp-content\/uploads\/2010\/01\/taquaril_gentileza_byalice.jpg?resize=700%2C400&ssl=1 2x"},"classes":[]},{"id":17,"url":"https:\/\/yuri.com.br\/claudio\/2008\/07\/23\/expo\/","url_meta":{"origin":1511,"position":5},"title":"EXPO!","author":"claudio","date":"23\/jul\/2008","format":false,"excerpt":"Estou montando uma galeria fotogr\u00e1fica, a princ\u00edpio focada no assunto da escalada, com o intuito de divulg\u00e1-la por a\u00ed afora (por isso as descri\u00e7\u00f5es est\u00e3o em ingl\u00eas). Tamb\u00e9m, foi uma maneira que encontrei de expressar melhor esse meu tes\u00e3o intraduz\u00edvel pela pedra. Como n\u00e3o curto uma xenofobia, boto f\u00e9 que\u2026","rel":"","context":"Em &quot;Escalada&quot;","block_context":{"text":"Escalada","link":"https:\/\/yuri.com.br\/claudio\/category\/escalada\/"},"img":{"alt_text":"","src":"https:\/\/i0.wp.com\/yuri.com.br\/claudio\/wp-content\/uploads\/2008\/07\/cb_logo.jpg?resize=350%2C200","width":350,"height":200},"classes":[]}],"_links":{"self":[{"href":"https:\/\/yuri.com.br\/claudio\/wp-json\/wp\/v2\/posts\/1511","targetHints":{"allow":["GET"]}}],"collection":[{"href":"https:\/\/yuri.com.br\/claudio\/wp-json\/wp\/v2\/posts"}],"about":[{"href":"https:\/\/yuri.com.br\/claudio\/wp-json\/wp\/v2\/types\/post"}],"author":[{"embeddable":true,"href":"https:\/\/yuri.com.br\/claudio\/wp-json\/wp\/v2\/users\/2"}],"replies":[{"embeddable":true,"href":"https:\/\/yuri.com.br\/claudio\/wp-json\/wp\/v2\/comments?post=1511"}],"version-history":[{"count":0,"href":"https:\/\/yuri.com.br\/claudio\/wp-json\/wp\/v2\/posts\/1511\/revisions"}],"wp:attachment":[{"href":"https:\/\/yuri.com.br\/claudio\/wp-json\/wp\/v2\/media?parent=1511"}],"wp:term":[{"taxonomy":"category","embeddable":true,"href":"https:\/\/yuri.com.br\/claudio\/wp-json\/wp\/v2\/categories?post=1511"},{"taxonomy":"post_tag","embeddable":true,"href":"https:\/\/yuri.com.br\/claudio\/wp-json\/wp\/v2\/tags?post=1511"}],"curies":[{"name":"wp","href":"https:\/\/api.w.org\/{rel}","templated":true}]}}