{"id":151,"date":"2008-08-25T13:23:34","date_gmt":"2008-08-25T13:23:34","guid":{"rendered":"http:\/\/claudiobr.wordpress.com\/?p=151"},"modified":"2008-08-25T13:23:34","modified_gmt":"2008-08-25T13:23:34","slug":"cesinha-encadena-a-coquetel-de-energia-10c","status":"publish","type":"post","link":"https:\/\/yuri.com.br\/claudio\/2008\/08\/25\/cesinha-encadena-a-coquetel-de-energia-10c\/","title":{"rendered":"Cesinha encadena a &#8220;Coquetel de Energia&#8221; 10c"},"content":{"rendered":"<p style=\"text-align:left;\">O escalador paulista e atual campe\u00e3o brasileiro Cesar Grosso, o <strong>Cesinha<\/strong>, est\u00e1 passando alguns dias no Rio de Janeiro e neste \u00faltimo domingo fez uma das mais r\u00e1pidas ascens\u00f5es da via Coquetel de Energia no Campo Escola 2000, que \u00e9 a primeira via graduada em 10c do Brasil. Contando como &#8220;tentativa&#8221; a sua primeira entrada em que trabalhou os movimentos, Cesinha encadenou o itiner\u00e1rio boulder\u00edstico de 3a, mesmo sob condi\u00e7\u00f5es n\u00e3o muito favor\u00e1veis (uma forte chuva havia ca\u00eddo no dia anterior).<\/p>\n<p>Tive a oportunidade de fotografar e em breve mando todos os registros deste dia!<\/p>\n<p style=\"text-align:left;\"><img loading=\"lazy\" decoding=\"async\" data-attachment-id=\"153\" data-permalink=\"https:\/\/yuri.com.br\/claudio\/2008\/08\/25\/cesinha-encadena-a-coquetel-de-energia-10c\/ce2000_coquetel_cesinha_b\/\" data-orig-file=\"https:\/\/yuri.com.br\/claudio\/wp-content\/uploads\/2008\/08\/ce2000_coquetel_cesinha_b.jpg\" data-orig-size=\"1024,680\" data-comments-opened=\"1\" data-image-meta=\"{&quot;aperture&quot;:&quot;6.3&quot;,&quot;credit&quot;:&quot;&quot;,&quot;camera&quot;:&quot;Canon EOS DIGITAL REBEL&quot;,&quot;caption&quot;:&quot;&quot;,&quot;created_timestamp&quot;:&quot;1219586000&quot;,&quot;copyright&quot;:&quot;&quot;,&quot;focal_length&quot;:&quot;35&quot;,&quot;iso&quot;:&quot;800&quot;,&quot;shutter_speed&quot;:&quot;0.00625&quot;,&quot;title&quot;:&quot;&quot;}\" data-image-title=\"Cesinha na Coquetel de Energia\" data-image-description=\"\" data-image-caption=\"\" data-medium-file=\"https:\/\/yuri.com.br\/claudio\/wp-content\/uploads\/2008\/08\/ce2000_coquetel_cesinha_b-300x199.jpg\" data-large-file=\"https:\/\/yuri.com.br\/claudio\/wp-content\/uploads\/2008\/08\/ce2000_coquetel_cesinha_b.jpg\" class=\"aligncenter size-medium wp-image-153\" src=\"http:\/\/yuri.com.br\/claudio\/wp-content\/uploads\/2008\/08\/ce2000_coquetel_cesinha_b.jpg?w=300\" alt=\"\" width=\"300\" height=\"199\" srcset=\"https:\/\/yuri.com.br\/claudio\/wp-content\/uploads\/2008\/08\/ce2000_coquetel_cesinha_b.jpg 1024w, https:\/\/yuri.com.br\/claudio\/wp-content\/uploads\/2008\/08\/ce2000_coquetel_cesinha_b-300x199.jpg 300w, https:\/\/yuri.com.br\/claudio\/wp-content\/uploads\/2008\/08\/ce2000_coquetel_cesinha_b-210x139.jpg 210w\" sizes=\"auto, (max-width: 300px) 100vw, 300px\" \/><\/p>\n","protected":false},"excerpt":{"rendered":"<p>O escalador paulista e atual campe\u00e3o brasileiro Cesar Grosso, o Cesinha, est\u00e1 passando alguns dias no Rio de Janeiro e neste \u00faltimo domingo fez uma das mais r\u00e1pidas ascens\u00f5es da via Coquetel de Energia no Campo Escola 2000, que \u00e9 a primeira via graduada em 10c do Brasil. Contando como &#8220;tentativa&#8221; a sua primeira entrada&hellip;&nbsp;<a href=\"https:\/\/yuri.com.br\/claudio\/2008\/08\/25\/cesinha-encadena-a-coquetel-de-energia-10c\/\" rel=\"bookmark\">Continue a ler &raquo;<span class=\"screen-reader-text\">Cesinha encadena a &#8220;Coquetel de Energia&#8221; 10c<\/span><\/a><\/p>\n","protected":false},"author":2,"featured_media":152,"comment_status":"open","ping_status":"open","sticky":false,"template":"","format":"standard","meta":{"neve_meta_sidebar":"","neve_meta_container":"","neve_meta_enable_content_width":"","neve_meta_content_width":0,"neve_meta_title_alignment":"","neve_meta_author_avatar":"","neve_post_elements_order":"","neve_meta_disable_header":"","neve_meta_disable_footer":"","neve_meta_disable_title":"","jetpack_post_was_ever_published":false,"_jetpack_newsletter_access":"","_jetpack_dont_email_post_to_subs":false,"_jetpack_newsletter_tier_id":0,"_jetpack_memberships_contains_paywalled_content":false,"_jetpack_memberships_contains_paid_content":false,"footnotes":"","jetpack_publicize_message":"","jetpack_publicize_feature_enabled":true,"jetpack_social_post_already_shared":false,"jetpack_social_options":{"image_generator_settings":{"template":"highway","default_image_id":0,"font":"","enabled":false},"version":2}},"categories":[3],"tags":[125],"class_list":["post-151","post","type-post","status-publish","format-standard","has-post-thumbnail","hentry","category-escalada","tag-escalada"],"jetpack_publicize_connections":[],"jetpack_featured_media_url":"https:\/\/yuri.com.br\/claudio\/wp-content\/uploads\/2008\/08\/ce2000_coquetel_cesinha_a.jpg","jetpack_shortlink":"https:\/\/wp.me\/p4i7cB-2r","jetpack_sharing_enabled":true,"jetpack-related-posts":[{"id":174,"url":"https:\/\/yuri.com.br\/claudio\/2008\/09\/02\/visita-do-cesinha\/","url_meta":{"origin":151,"position":0},"title":"Visita do Cesinha","author":"claudio","date":"2\/set\/2008","format":false,"excerpt":"Um registro sobre a visita do Cesinha aqui no RJ semana passada: Como n\u00e3o \u00e9 sempre que vemos r\u00e1pidas ascens\u00f5es de Xa \u00e0 vista ou Xc em poucas tentativas, procurei documentar e abaixo listo os 'souvenirs' desta viagem. Mat\u00e9ria no EscaladaBrasil.com Entrevista no EscaladaBrasil.com Fotos da Coquetel na galeria EXPO!\u2026","rel":"","context":"Em &quot;Escalada&quot;","block_context":{"text":"Escalada","link":"https:\/\/yuri.com.br\/claudio\/category\/escalada\/"},"img":{"alt_text":"","src":"https:\/\/i0.wp.com\/yuri.com.br\/claudio\/wp-content\/uploads\/2008\/09\/cesinha_banner1.jpg?resize=350%2C200","width":350,"height":200},"classes":[]},{"id":649,"url":"https:\/\/yuri.com.br\/claudio\/2009\/04\/29\/curtapromo-cesinha\/","url_meta":{"origin":151,"position":1},"title":"Curta\/promo Cesinha","author":"claudio","date":"29\/abr\/2009","format":false,"excerpt":"Domingo fomos \u00e0 Urca em dia de ATM e\u00a0 levamos uma c\u00e2mera para divulgar as rifas do Cesinha, cuja edi\u00e7\u00e3o r\u00e1pida segue abaixo: Se vc est\u00e1 lendo isso aqui, compre pelo menos um n\u00famero da rifa. Tenho certeza que 10 reais n\u00e3o ir\u00e3o te fazer passar fome, e s\u00e3o v\u00e1rios\u2026","rel":"","context":"Em &quot;Escalada&quot;","block_context":{"text":"Escalada","link":"https:\/\/yuri.com.br\/claudio\/category\/escalada\/"},"img":{"alt_text":"","src":"","width":0,"height":0},"classes":[]},{"id":531,"url":"https:\/\/yuri.com.br\/claudio\/2009\/03\/27\/mais-fotos-comentadas\/","url_meta":{"origin":151,"position":2},"title":"Mais fotos comentadas","author":"claudio","date":"27\/mar\/2009","format":false,"excerpt":"Continuando com as fotos comentadas, ilustro abaixo mais 2 exemplos: (clique nas imagens para ampli\u00e1-las) Nesta foto o Cesinha est\u00e1 na 2a. de suas 3 entradas na via Coquetel de Energia, em um dia de *muita* chuva, ou seja, bem mais escuro do que j\u00e1 costuma ser no Campo Escola\u2026","rel":"","context":"Em &quot;Escalada&quot;","block_context":{"text":"Escalada","link":"https:\/\/yuri.com.br\/claudio\/category\/escalada\/"},"img":{"alt_text":"","src":"https:\/\/i0.wp.com\/farm4.static.flickr.com\/3004\/2797103658_64e24a0076_o.jpg?resize=350%2C200","width":350,"height":200},"classes":[]},{"id":3556,"url":"https:\/\/yuri.com.br\/claudio\/2012\/03\/19\/el-campeon\/","url_meta":{"origin":151,"position":3},"title":"El campe\u00f3n","author":"claudio","date":"19\/mar\/2012","format":false,"excerpt":"Parab\u00e9ns ao Cesinha e a todos os brasileiros pela representa\u00e7\u00e3o no Chile! Obviamente n\u00e3o \u00e9 uma mera coincid\u00eancia que todos os melhores escaladores que conheci tem a \"cabe\u00e7a boa\". Concordo que o mais importante m\u00fasculo \u00e9 aquele dentro da caixola! Mesmo com in\u00fameras conquistas no meio competitivo, mais do que\u2026","rel":"","context":"Em &quot;Escalada&quot;","block_context":{"text":"Escalada","link":"https:\/\/yuri.com.br\/claudio\/category\/escalada\/"},"img":{"alt_text":"","src":"https:\/\/i0.wp.com\/yuri.com.br\/claudio\/wp-content\/uploads\/2012\/03\/ce2000_coquetel_cesinha1.jpg?resize=350%2C200","width":350,"height":200,"srcset":"https:\/\/i0.wp.com\/yuri.com.br\/claudio\/wp-content\/uploads\/2012\/03\/ce2000_coquetel_cesinha1.jpg?resize=350%2C200 1x, https:\/\/i0.wp.com\/yuri.com.br\/claudio\/wp-content\/uploads\/2012\/03\/ce2000_coquetel_cesinha1.jpg?resize=525%2C300 1.5x, https:\/\/i0.wp.com\/yuri.com.br\/claudio\/wp-content\/uploads\/2012\/03\/ce2000_coquetel_cesinha1.jpg?resize=700%2C400 2x"},"classes":[]},{"id":1167,"url":"https:\/\/yuri.com.br\/claudio\/2009\/11\/03\/finados\/","url_meta":{"origin":151,"position":4},"title":"Finados","author":"claudio","date":"3\/nov\/2009","format":false,"excerpt":"O feriad\u00e3o por aqui foi tranquilo. Tijolado de rodar pelas estradas nas f\u00e9rias, ficamos no RJ onde eu pude reencontrar o granito e lembrar como \u00e9 bom escalar neste tipo de pedra, principalmente se for na Barrinha! :-) Fiz algumas fotos, mesmo que sem muita inspira\u00e7\u00e3o... aproveitei 10% do que\u2026","rel":"","context":"Em &quot;'Baixa' Gastronomia&quot;","block_context":{"text":"'Baixa' Gastronomia","link":"https:\/\/yuri.com.br\/claudio\/category\/baixa-gastronomia\/"},"img":{"alt_text":"","src":"https:\/\/i0.wp.com\/farm3.static.flickr.com\/2633\/4068778188_398b6ca944_o.jpg?resize=350%2C200","width":350,"height":200},"classes":[]},{"id":5404,"url":"https:\/\/yuri.com.br\/claudio\/2013\/07\/09\/oportunidade-nao-nega-desaforo-v2-rubinho\/","url_meta":{"origin":151,"position":5},"title":"Oportunidade n\u00e3o nega desaforo V2 @ Rubinho","author":"claudio","date":"9\/jul\/2013","format":false,"excerpt":"Mais uma \"family session\" no Rubinho, com mais uma nova linha: Goro encadenando com um estiloso p\u00e9 na m\u00e3o...","rel":"","context":"Em &quot;Escalada&quot;","block_context":{"text":"Escalada","link":"https:\/\/yuri.com.br\/claudio\/category\/escalada\/"},"img":{"alt_text":"","src":"https:\/\/i0.wp.com\/yuri.com.br\/claudio\/wp-content\/uploads\/2013\/07\/rubinho_oportunidade_goro.jpg?resize=350%2C200&ssl=1","width":350,"height":200,"srcset":"https:\/\/i0.wp.com\/yuri.com.br\/claudio\/wp-content\/uploads\/2013\/07\/rubinho_oportunidade_goro.jpg?resize=350%2C200&ssl=1 1x, https:\/\/i0.wp.com\/yuri.com.br\/claudio\/wp-content\/uploads\/2013\/07\/rubinho_oportunidade_goro.jpg?resize=525%2C300&ssl=1 1.5x, https:\/\/i0.wp.com\/yuri.com.br\/claudio\/wp-content\/uploads\/2013\/07\/rubinho_oportunidade_goro.jpg?resize=700%2C400&ssl=1 2x"},"classes":[]}],"_links":{"self":[{"href":"https:\/\/yuri.com.br\/claudio\/wp-json\/wp\/v2\/posts\/151","targetHints":{"allow":["GET"]}}],"collection":[{"href":"https:\/\/yuri.com.br\/claudio\/wp-json\/wp\/v2\/posts"}],"about":[{"href":"https:\/\/yuri.com.br\/claudio\/wp-json\/wp\/v2\/types\/post"}],"author":[{"embeddable":true,"href":"https:\/\/yuri.com.br\/claudio\/wp-json\/wp\/v2\/users\/2"}],"replies":[{"embeddable":true,"href":"https:\/\/yuri.com.br\/claudio\/wp-json\/wp\/v2\/comments?post=151"}],"version-history":[{"count":0,"href":"https:\/\/yuri.com.br\/claudio\/wp-json\/wp\/v2\/posts\/151\/revisions"}],"wp:featuredmedia":[{"embeddable":true,"href":"https:\/\/yuri.com.br\/claudio\/wp-json\/wp\/v2\/media\/152"}],"wp:attachment":[{"href":"https:\/\/yuri.com.br\/claudio\/wp-json\/wp\/v2\/media?parent=151"}],"wp:term":[{"taxonomy":"category","embeddable":true,"href":"https:\/\/yuri.com.br\/claudio\/wp-json\/wp\/v2\/categories?post=151"},{"taxonomy":"post_tag","embeddable":true,"href":"https:\/\/yuri.com.br\/claudio\/wp-json\/wp\/v2\/tags?post=151"}],"curies":[{"name":"wp","href":"https:\/\/api.w.org\/{rel}","templated":true}]}}