{"id":1499,"date":"2010-02-11T15:28:53","date_gmt":"2010-02-11T15:28:53","guid":{"rendered":"http:\/\/claudiobr.wordpress.com\/?p=1499"},"modified":"2010-02-11T15:28:53","modified_gmt":"2010-02-11T15:28:53","slug":"carnaval","status":"publish","type":"post","link":"https:\/\/yuri.com.br\/claudio\/2010\/02\/11\/carnaval\/","title":{"rendered":"Carnaval"},"content":{"rendered":"<p style=\"text-align:justify;\">Para os que v\u00e3o, desejo boas e seguras viagens&#8230; n\u00e3o sejam como o bonequinho abaixo! :-)<\/p>\n<p>&nbsp;<\/p>\n<p><img loading=\"lazy\" decoding=\"async\" class=\"aligncenter\" src=\"http:\/\/farm5.static.flickr.com\/4067\/4343555923_bc66cf00cd_o.jpg\" alt=\"\" width=\"602\" height=\"415\" \/><\/p>\n<p>&nbsp;<\/p>\n","protected":false},"excerpt":{"rendered":"<p>Para os que v\u00e3o, desejo boas e seguras viagens&#8230; n\u00e3o sejam como o bonequinho abaixo! :-) &nbsp; &nbsp;<\/p>\n","protected":false},"author":2,"featured_media":0,"comment_status":"open","ping_status":"open","sticky":false,"template":"","format":"standard","meta":{"neve_meta_sidebar":"","neve_meta_container":"","neve_meta_enable_content_width":"","neve_meta_content_width":0,"neve_meta_title_alignment":"","neve_meta_author_avatar":"","neve_post_elements_order":"","neve_meta_disable_header":"","neve_meta_disable_footer":"","neve_meta_disable_title":"","jetpack_post_was_ever_published":false,"_jetpack_newsletter_access":"","_jetpack_dont_email_post_to_subs":false,"_jetpack_newsletter_tier_id":0,"_jetpack_memberships_contains_paywalled_content":false,"_jetpack_memberships_contains_paid_content":false,"footnotes":"","jetpack_publicize_message":"","jetpack_publicize_feature_enabled":true,"jetpack_social_post_already_shared":false,"jetpack_social_options":{"image_generator_settings":{"template":"highway","default_image_id":0,"font":"","enabled":false},"version":2}},"categories":[3,5],"tags":[],"class_list":["post-1499","post","type-post","status-publish","format-standard","hentry","category-escalada","category-outros"],"jetpack_publicize_connections":[],"jetpack_featured_media_url":"","jetpack_shortlink":"https:\/\/wp.me\/s4i7cB-carnaval","jetpack_sharing_enabled":true,"jetpack-related-posts":[{"id":1697,"url":"https:\/\/yuri.com.br\/claudio\/2010\/03\/09\/cachacas-do-sul\/","url_meta":{"origin":1499,"position":0},"title":"Cacha\u00e7as do sul","author":"claudio","date":"9\/mar\/2010","format":false,"excerpt":"Uma pequena homenagem \u00e0s boas canas do sul do Brasil. Afinal n\u00e3o \u00e9 s\u00f3 Minas Gerais que produz uma boa cacha\u00e7a. Temos a famosa Armaz\u00e9m Vieira de Floripa, a Solar de Blumenau boa para se tomar geladinha, a Casa Bucco na serra ga\u00facha com a qual tive a alegria de\u2026","rel":"","context":"Em &quot;'Baixa' Gastronomia&quot;","block_context":{"text":"'Baixa' Gastronomia","link":"https:\/\/yuri.com.br\/claudio\/category\/baixa-gastronomia\/"},"img":{"alt_text":"","src":"https:\/\/i0.wp.com\/farm5.static.flickr.com\/4067\/4414004947_8486000423_o.jpg?resize=350%2C200","width":350,"height":200,"srcset":"https:\/\/i0.wp.com\/farm5.static.flickr.com\/4067\/4414004947_8486000423_o.jpg?resize=350%2C200 1x, https:\/\/i0.wp.com\/farm5.static.flickr.com\/4067\/4414004947_8486000423_o.jpg?resize=525%2C300 1.5x"},"classes":[]},{"id":4086,"url":"https:\/\/yuri.com.br\/claudio\/2012\/10\/02\/the-show-must-go-on\/","url_meta":{"origin":1499,"position":1},"title":"The show must go on&#8230;","author":"claudio","date":"2\/out\/2012","format":false,"excerpt":"E as novidades no Aranha n\u00e3o param... o \"card\u00e1pio\" do setor est\u00e1 cada vez mais completo! Ap\u00f3s alguns bons dias de empreitada nas \u00faltimas semanas, temos agora no \"menu\" um bloc\u00e3o de 45 graus, al\u00e9m de uma proa de compress\u00e3o perfeita. Recomendo!! Abaixo, Marcelo Balestero na sequ\u00eancia cruzada\/drop-knee do \"Mandar\u2026","rel":"","context":"Em &quot;Escalada&quot;","block_context":{"text":"Escalada","link":"https:\/\/yuri.com.br\/claudio\/category\/escalada\/"},"img":{"alt_text":"","src":"https:\/\/i0.wp.com\/yuri.com.br\/claudio\/wp-content\/uploads\/2012\/10\/aranha_mandaroumorrer_babaleia.jpg?resize=350%2C200","width":350,"height":200,"srcset":"https:\/\/i0.wp.com\/yuri.com.br\/claudio\/wp-content\/uploads\/2012\/10\/aranha_mandaroumorrer_babaleia.jpg?resize=350%2C200 1x, https:\/\/i0.wp.com\/yuri.com.br\/claudio\/wp-content\/uploads\/2012\/10\/aranha_mandaroumorrer_babaleia.jpg?resize=525%2C300 1.5x, https:\/\/i0.wp.com\/yuri.com.br\/claudio\/wp-content\/uploads\/2012\/10\/aranha_mandaroumorrer_babaleia.jpg?resize=700%2C400 2x"},"classes":[]},{"id":4059,"url":"https:\/\/yuri.com.br\/claudio\/2012\/09\/15\/tchecas-pra-que-te-quero\/","url_meta":{"origin":1499,"position":2},"title":"&#8230;tchecas pra que te quero","author":"claudio","date":"15\/set\/2012","format":false,"excerpt":"Precursora do estilo mais difundido e comercializado do mundo, at\u00e9 hoje uma refer\u00eancia... a \"skol\" dos tchecos! A \u00fanica pilsen que me deixou boas lembran\u00e7as assim foi a artesanal e limitada \"Tcheca\". Trocadilhos \u00e0 parte... :P","rel":"","context":"Em &quot;'Baixa' Gastronomia&quot;","block_context":{"text":"'Baixa' Gastronomia","link":"https:\/\/yuri.com.br\/claudio\/category\/baixa-gastronomia\/"},"img":{"alt_text":"","src":"https:\/\/i0.wp.com\/yuri.com.br\/claudio\/wp-content\/uploads\/2012\/09\/pilsnerurquell.jpg?resize=350%2C200&ssl=1","width":350,"height":200,"srcset":"https:\/\/i0.wp.com\/yuri.com.br\/claudio\/wp-content\/uploads\/2012\/09\/pilsnerurquell.jpg?resize=350%2C200&ssl=1 1x, https:\/\/i0.wp.com\/yuri.com.br\/claudio\/wp-content\/uploads\/2012\/09\/pilsnerurquell.jpg?resize=525%2C300&ssl=1 1.5x, https:\/\/i0.wp.com\/yuri.com.br\/claudio\/wp-content\/uploads\/2012\/09\/pilsnerurquell.jpg?resize=700%2C400&ssl=1 2x"},"classes":[]},{"id":5548,"url":"https:\/\/yuri.com.br\/claudio\/2013\/08\/07\/croqui-do-rubinho\/","url_meta":{"origin":1499,"position":3},"title":"Croqui do Rubinho","author":"claudio","date":"7\/ago\/2013","format":false,"excerpt":"Por fim, est\u00e1 no ar a primeira vers\u00e3o do croqui do Rubinho. Baixem ele no site do SumbaBoulder! Aproveitem este gancho para fazer uma reflex\u00e3o sobre quest\u00f5es de acesso, olimp\u00edadas, dejetos e bitucas no link: ROCKLANDS BOULDERING CRISIS Boas escaladas e muita consci\u00eancia a todos!","rel":"","context":"Em &quot;Escalada&quot;","block_context":{"text":"Escalada","link":"https:\/\/yuri.com.br\/claudio\/category\/escalada\/"},"img":{"alt_text":"","src":"","width":0,"height":0},"classes":[]},{"id":2629,"url":"https:\/\/yuri.com.br\/claudio\/2011\/03\/26\/redes-sociais\/","url_meta":{"origin":1499,"position":4},"title":"Redes &#8220;sociais&#8221;?","author":"claudio","date":"26\/mar\/2011","format":false,"excerpt":"Videozinho de naipe viral sobre o Facebook - bom complemento pro filme hom\u00f4nimo. \u00c9 apenas um lembrete sobre como a ferramenta se encaixa \u00e0s implica\u00e7\u00f5es da vida moderna (falta de tempo, voyeurismo, status social, exibicionismo do ego, fofocas, etc.), e n\u00e3o nego as boas inten\u00e7\u00f5es como reencontrar pessoas ou compartilhar\u2026","rel":"","context":"Em &quot;Outros&quot;","block_context":{"text":"Outros","link":"https:\/\/yuri.com.br\/claudio\/category\/outros\/"},"img":{"alt_text":"","src":"https:\/\/i0.wp.com\/img.youtube.com\/vi\/8UouP8cRYZ8\/0.jpg?resize=350%2C200","width":350,"height":200},"classes":[]},{"id":5888,"url":"https:\/\/yuri.com.br\/claudio\/2013\/10\/16\/bbloc-on-the-rock\/","url_meta":{"origin":1499,"position":5},"title":"BBLOC on the ROCK","author":"claudio","date":"16\/out\/2013","format":false,"excerpt":"Essa semana fui com o \"bonde do BBLOC\" curtir mais uma das sa\u00eddas pra rocha que o Bel\u00ea vem realizando com essa galerinha local, que j\u00e1 vem mostrando n\u00edtida evolu\u00e7\u00e3o! O setor da vez foi o Rubinho, que cumpre bem essa fun\u00e7\u00e3o de campo-escola. Com a gra\u00e7a de S\u00e3o Pedro,\u2026","rel":"","context":"Em &quot;Escalada&quot;","block_context":{"text":"Escalada","link":"https:\/\/yuri.com.br\/claudio\/category\/escalada\/"},"img":{"alt_text":"","src":"https:\/\/i0.wp.com\/yuri.com.br\/claudio\/wp-content\/uploads\/2013\/10\/rubinho_bbloc1.jpg?resize=350%2C200&ssl=1","width":350,"height":200,"srcset":"https:\/\/i0.wp.com\/yuri.com.br\/claudio\/wp-content\/uploads\/2013\/10\/rubinho_bbloc1.jpg?resize=350%2C200&ssl=1 1x, https:\/\/i0.wp.com\/yuri.com.br\/claudio\/wp-content\/uploads\/2013\/10\/rubinho_bbloc1.jpg?resize=525%2C300&ssl=1 1.5x, https:\/\/i0.wp.com\/yuri.com.br\/claudio\/wp-content\/uploads\/2013\/10\/rubinho_bbloc1.jpg?resize=700%2C400&ssl=1 2x"},"classes":[]}],"_links":{"self":[{"href":"https:\/\/yuri.com.br\/claudio\/wp-json\/wp\/v2\/posts\/1499","targetHints":{"allow":["GET"]}}],"collection":[{"href":"https:\/\/yuri.com.br\/claudio\/wp-json\/wp\/v2\/posts"}],"about":[{"href":"https:\/\/yuri.com.br\/claudio\/wp-json\/wp\/v2\/types\/post"}],"author":[{"embeddable":true,"href":"https:\/\/yuri.com.br\/claudio\/wp-json\/wp\/v2\/users\/2"}],"replies":[{"embeddable":true,"href":"https:\/\/yuri.com.br\/claudio\/wp-json\/wp\/v2\/comments?post=1499"}],"version-history":[{"count":0,"href":"https:\/\/yuri.com.br\/claudio\/wp-json\/wp\/v2\/posts\/1499\/revisions"}],"wp:attachment":[{"href":"https:\/\/yuri.com.br\/claudio\/wp-json\/wp\/v2\/media?parent=1499"}],"wp:term":[{"taxonomy":"category","embeddable":true,"href":"https:\/\/yuri.com.br\/claudio\/wp-json\/wp\/v2\/categories?post=1499"},{"taxonomy":"post_tag","embeddable":true,"href":"https:\/\/yuri.com.br\/claudio\/wp-json\/wp\/v2\/tags?post=1499"}],"curies":[{"name":"wp","href":"https:\/\/api.w.org\/{rel}","templated":true}]}}