{"id":1473,"date":"2010-02-08T13:25:43","date_gmt":"2010-02-08T13:25:43","guid":{"rendered":"http:\/\/claudiobr.wordpress.com\/?p=1473"},"modified":"2010-02-08T13:25:43","modified_gmt":"2010-02-08T13:25:43","slug":"easy-like-sunday-morning","status":"publish","type":"post","link":"https:\/\/yuri.com.br\/claudio\/2010\/02\/08\/easy-like-sunday-morning\/","title":{"rendered":"Easy like sunday morning"},"content":{"rendered":"<p style=\"text-align:justify;\">Desde o \u00ednicio do ano, ando um pouco ocupado nos finais de semana, viajando para tratar de uns assuntos pessoais&#8230; mas neste \u00faltimo domingo, criei vergonha na cara e acordei cedo pra encarar uma escaladinha sob um calor mais ameno. A primeira motiva\u00e7\u00e3o era o boulder Macumba, meu eterno projeto aqui na Urca. Mas confesso que ao sair na rua \u00e0s 7 da manh\u00e3, ver aquele c\u00e9u azul e sentir um frescor raro e inacredit\u00e1vel, aquilo me encheu de tes\u00e3o pra curtir o momento, seja ele uma simples caminhada, um passeio na pra\u00e7a ou ficar subindo pequenos blocos de pedra.<\/p>\n<p style=\"text-align:justify;\">\n<h6 style=\"text-align:center;\"><a href=\"http:\/\/yuri.com.br\/claudio\/wp-content\/uploads\/2010\/02\/urca_berlota_sequence_small.jpg\"><img loading=\"lazy\" decoding=\"async\" data-attachment-id=\"1475\" data-permalink=\"https:\/\/yuri.com.br\/claudio\/2010\/02\/08\/easy-like-sunday-morning\/urca_berlota_sequence_small\/\" data-orig-file=\"https:\/\/yuri.com.br\/claudio\/wp-content\/uploads\/2010\/02\/urca_berlota_sequence_small.jpg\" data-orig-size=\"1024,208\" data-comments-opened=\"1\" data-image-meta=\"{&quot;aperture&quot;:&quot;0&quot;,&quot;credit&quot;:&quot;&quot;,&quot;camera&quot;:&quot;&quot;,&quot;caption&quot;:&quot;&quot;,&quot;created_timestamp&quot;:&quot;0&quot;,&quot;copyright&quot;:&quot;&quot;,&quot;focal_length&quot;:&quot;0&quot;,&quot;iso&quot;:&quot;0&quot;,&quot;shutter_speed&quot;:&quot;0&quot;,&quot;title&quot;:&quot;&quot;}\" data-image-title=\"Berlota Joaquina V10\" data-image-description=\"\" data-image-caption=\"\" data-medium-file=\"https:\/\/yuri.com.br\/claudio\/wp-content\/uploads\/2010\/02\/urca_berlota_sequence_small-300x60.jpg\" data-large-file=\"https:\/\/yuri.com.br\/claudio\/wp-content\/uploads\/2010\/02\/urca_berlota_sequence_small.jpg\" class=\"size-full wp-image-1475  aligncenter\" title=\"Berlota Joaquina - Urca\/RJ\" src=\"http:\/\/yuri.com.br\/claudio\/wp-content\/uploads\/2010\/02\/urca_berlota_sequence_small.jpg\" alt=\"\" width=\"706\" height=\"143\" srcset=\"https:\/\/yuri.com.br\/claudio\/wp-content\/uploads\/2010\/02\/urca_berlota_sequence_small.jpg 1024w, https:\/\/yuri.com.br\/claudio\/wp-content\/uploads\/2010\/02\/urca_berlota_sequence_small-300x60.jpg 300w, https:\/\/yuri.com.br\/claudio\/wp-content\/uploads\/2010\/02\/urca_berlota_sequence_small-210x42.jpg 210w\" sizes=\"auto, (max-width: 706px) 100vw, 706px\" \/><\/a>Berlota &#8211; algumas capturas de v\u00eddeo<\/h6>\n<p><\/p>\n<p style=\"text-align:justify;\">Soa meio \u00f3bvio, mas refor\u00e7o a dica: at\u00e9 umas 10:30 a Urca se encontra em condi\u00e7\u00f5es razo\u00e1veis de temperatura e fric\u00e7\u00e3o! N\u00e3o que isso signifique perfeito para o dif\u00edcil Macumba. Meu consolo ficou por conta do Berlota Joaquina, um problema explosivo (V10) que se resume em uma pin\u00e7a aberta de esquerda e umas 3 rebotadas meio abrasivas na direita. O brother de <em>nikit<\/em> Ant\u00f4nio S\u00e9rgio &#8220;abriu a porteira&#8221;, mandando o mesmo, na semana passada&#8230; eu aproveitei e passei! :-) No fim, curtir a paz dos boulders na floresta sem pingar de suor valeu o dia.<\/p>\n<p>&nbsp;<\/p>\n<p style=\"text-align:justify;\"><a href=\"http:\/\/www.flickr.com\/photos\/cbrisighello\/4339446470\/\" target=\"_blank\"><img loading=\"lazy\" decoding=\"async\" class=\"alignright\" style=\"margin-left:10px;margin-right:10px;\" title=\"Bamberg Rauchbier no Aconchego\" src=\"http:\/\/farm5.static.flickr.com\/4048\/4339446470_74fc1e0bb2.jpg\" alt=\"\" width=\"207\" height=\"276\" \/><\/a><\/p>\n<p style=\"text-align:justify;\">N\u00e3o posso deixar de registrar tamb\u00e9m que finalmente experimentei a \u00f3tima Bamberg Rauchbier, cerveja brasileira premiada com a <a href=\"http:\/\/edurecomenda.blogspot.com\/2009\/11\/bamberg-rauchbier-e-prata-no-european.html\" target=\"_blank\">medalha de prata<\/a> no European Beer Star 2009 na sua categoria (smoked beers). Uma breja deste naipe pode causar estranheza, pois \u00e9 defumada no aroma e sabor, fuma\u00e7a no portugu\u00eas claro. Perfeita pra acompanhar um charutinho ou um bom churrasco de porco. A bebida foi encontrada no novo Aconchego Carioca, que agora fica em frente ao <a href=\"http:\/\/claudiobr.wordpress.com\/2008\/11\/27\/aconchego-carioca-tcheca\/\" target=\"_blank\">antigo estabelecimento<\/a>, em uma casa com ar-condicionado e maior &#8211; por\u00e9m n\u00e3o menos concorrido &#8211; espa\u00e7o.<\/p>\n<p>&nbsp;<\/p>\n<p style=\"text-align:justify;\">Boa semana a todos!<\/p>\n","protected":false},"excerpt":{"rendered":"<p>Desde o \u00ednicio do ano, ando um pouco ocupado nos finais de semana, viajando para tratar de uns assuntos pessoais&#8230; mas neste \u00faltimo domingo, criei vergonha na cara e acordei cedo pra encarar uma escaladinha sob um calor mais ameno. A primeira motiva\u00e7\u00e3o era o boulder Macumba, meu eterno projeto aqui na Urca. Mas confesso&hellip;&nbsp;<a href=\"https:\/\/yuri.com.br\/claudio\/2010\/02\/08\/easy-like-sunday-morning\/\" rel=\"bookmark\">Continue a ler &raquo;<span class=\"screen-reader-text\">Easy like sunday morning<\/span><\/a><\/p>\n","protected":false},"author":2,"featured_media":1475,"comment_status":"open","ping_status":"open","sticky":false,"template":"","format":"standard","meta":{"neve_meta_sidebar":"","neve_meta_container":"","neve_meta_enable_content_width":"","neve_meta_content_width":0,"neve_meta_title_alignment":"","neve_meta_author_avatar":"","neve_post_elements_order":"","neve_meta_disable_header":"","neve_meta_disable_footer":"","neve_meta_disable_title":"","jetpack_post_was_ever_published":false,"_jetpack_newsletter_access":"","_jetpack_dont_email_post_to_subs":false,"_jetpack_newsletter_tier_id":0,"_jetpack_memberships_contains_paywalled_content":false,"_jetpack_memberships_contains_paid_content":false,"footnotes":"","jetpack_publicize_message":"","jetpack_publicize_feature_enabled":true,"jetpack_social_post_already_shared":false,"jetpack_social_options":{"image_generator_settings":{"template":"highway","default_image_id":0,"font":"","enabled":false},"version":2}},"categories":[2,3],"tags":[26,83],"class_list":["post-1473","post","type-post","status-publish","format-standard","has-post-thumbnail","hentry","category-baixa-gastronomia","category-escalada","tag-bamberg-rauchbier","tag-urca"],"jetpack_publicize_connections":[],"jetpack_featured_media_url":"https:\/\/yuri.com.br\/claudio\/wp-content\/uploads\/2010\/02\/urca_berlota_sequence_small.jpg","jetpack_shortlink":"https:\/\/wp.me\/p4i7cB-nL","jetpack_sharing_enabled":true,"jetpack-related-posts":[{"id":468,"url":"https:\/\/yuri.com.br\/claudio\/2009\/03\/10\/invasao-feminina-na-urca-rj-video\/","url_meta":{"origin":1473,"position":0},"title":"Invas\u00e3o Feminina na Urca, RJ (v\u00eddeo)","author":"claudio","date":"10\/mar\/2009","format":false,"excerpt":"Aqui vai um v\u00eddeo-souvenir da \"Invas\u00e3o Feminina\", que reuniu dezenas de escaladoras na Urca neste domingo, dia 8 de mar\u00e7o, Dia Internacional da Mulher. Na verdade, \u00e9 o registro de apenas um dos diversos grupos femininos que escalaram em v\u00e1rios points da Urca neste belo dia. Haviam mulheres nas paredes\u2026","rel":"","context":"Em &quot;Escalada&quot;","block_context":{"text":"Escalada","link":"https:\/\/yuri.com.br\/claudio\/category\/escalada\/"},"img":{"alt_text":"","src":"","width":0,"height":0},"classes":[]},{"id":2263,"url":"https:\/\/yuri.com.br\/claudio\/2010\/06\/21\/life-goes-on\/","url_meta":{"origin":1473,"position":1},"title":"Life goes on&#8230;","author":"claudio","date":"21\/jun\/2010","format":false,"excerpt":"Nesse fim de semana, matei a saudade dos meus dedos esfolados e de brothers \"nikitianos\". Fazia tanto tempo que n\u00e3o escalava em rocha assim, ent\u00e3o vou relatar nesse pseudo-di\u00e1rio: Na Urca rolou um circuito sadomasoquista de boulders com o Ant\u00f4nio S\u00e9rgio. Condi\u00e7\u00f5es perfeitas, lindo s\u00e1bado! Um boulder bacana que provamos\u2026","rel":"","context":"Em &quot;Escalada&quot;","block_context":{"text":"Escalada","link":"https:\/\/yuri.com.br\/claudio\/category\/escalada\/"},"img":{"alt_text":"","src":"https:\/\/i0.wp.com\/yuri.com.br\/claudio\/wp-content\/uploads\/2010\/06\/caio.jpg?resize=350%2C200&ssl=1","width":350,"height":200,"srcset":"https:\/\/i0.wp.com\/yuri.com.br\/claudio\/wp-content\/uploads\/2010\/06\/caio.jpg?resize=350%2C200&ssl=1 1x, https:\/\/i0.wp.com\/yuri.com.br\/claudio\/wp-content\/uploads\/2010\/06\/caio.jpg?resize=525%2C300&ssl=1 1.5x"},"classes":[]},{"id":649,"url":"https:\/\/yuri.com.br\/claudio\/2009\/04\/29\/curtapromo-cesinha\/","url_meta":{"origin":1473,"position":2},"title":"Curta\/promo Cesinha","author":"claudio","date":"29\/abr\/2009","format":false,"excerpt":"Domingo fomos \u00e0 Urca em dia de ATM e\u00a0 levamos uma c\u00e2mera para divulgar as rifas do Cesinha, cuja edi\u00e7\u00e3o r\u00e1pida segue abaixo: Se vc est\u00e1 lendo isso aqui, compre pelo menos um n\u00famero da rifa. Tenho certeza que 10 reais n\u00e3o ir\u00e3o te fazer passar fome, e s\u00e3o v\u00e1rios\u2026","rel":"","context":"Em &quot;Escalada&quot;","block_context":{"text":"Escalada","link":"https:\/\/yuri.com.br\/claudio\/category\/escalada\/"},"img":{"alt_text":"","src":"","width":0,"height":0},"classes":[]},{"id":2946,"url":"https:\/\/yuri.com.br\/claudio\/2011\/08\/08\/sakura\/","url_meta":{"origin":1473,"position":3},"title":"Sakura","author":"claudio","date":"8\/ago\/2011","format":false,"excerpt":"A Festa da Cerejeira em Campos do Jord\u00e3o t\u00e1 rolando! No ano passado eu achei que tinha mais op\u00e7\u00f5es de comida e aqueles deliciosos docinhos tradicionais, mas descobri que a boa \u00e9 ir no domingo, a\u00ed tem de tudo! Fotografar por l\u00e1 de novo me faz lembrar que j\u00e1 se\u2026","rel":"","context":"Em &quot;'Baixa' Gastronomia&quot;","block_context":{"text":"'Baixa' Gastronomia","link":"https:\/\/yuri.com.br\/claudio\/category\/baixa-gastronomia\/"},"img":{"alt_text":"","src":"https:\/\/i0.wp.com\/yuri.com.br\/claudio\/wp-content\/uploads\/2011\/08\/sakura_2011.jpg?resize=350%2C200&ssl=1","width":350,"height":200,"srcset":"https:\/\/i0.wp.com\/yuri.com.br\/claudio\/wp-content\/uploads\/2011\/08\/sakura_2011.jpg?resize=350%2C200&ssl=1 1x, https:\/\/i0.wp.com\/yuri.com.br\/claudio\/wp-content\/uploads\/2011\/08\/sakura_2011.jpg?resize=525%2C300&ssl=1 1.5x, https:\/\/i0.wp.com\/yuri.com.br\/claudio\/wp-content\/uploads\/2011\/08\/sakura_2011.jpg?resize=700%2C400&ssl=1 2x"},"classes":[]},{"id":254,"url":"https:\/\/yuri.com.br\/claudio\/2008\/10\/31\/sobre-o-campeonato-estadual-de-boulder-rj-2008\/","url_meta":{"origin":1473,"position":4},"title":"Sobre o Campeonato Estadual de Boulder RJ 2008","author":"claudio","date":"31\/out\/2008","format":false,"excerpt":"Neste m\u00eas de outubro\u00a0terminou o Campeonato Estadual de Escalada (Boulder) do RJ 2008. Sobre os resultados oficiais eu indico 2 artigos: Blog da Lojinha de Escalada Blog do Caio Gomes E clicando neste link pode-se conferir algumas fotos que fiz desta \u00faltima etapa na Limite Vertical. Aproveito este espa\u00e7o para\u2026","rel":"","context":"Em &quot;Escalada&quot;","block_context":{"text":"Escalada","link":"https:\/\/yuri.com.br\/claudio\/category\/escalada\/"},"img":{"alt_text":"","src":"https:\/\/i0.wp.com\/yuri.com.br\/claudio\/wp-content\/uploads\/2008\/10\/jornaldossports_estadualrj2008.jpg?resize=350%2C200&ssl=1","width":350,"height":200,"srcset":"https:\/\/i0.wp.com\/yuri.com.br\/claudio\/wp-content\/uploads\/2008\/10\/jornaldossports_estadualrj2008.jpg?resize=350%2C200&ssl=1 1x, https:\/\/i0.wp.com\/yuri.com.br\/claudio\/wp-content\/uploads\/2008\/10\/jornaldossports_estadualrj2008.jpg?resize=525%2C300&ssl=1 1.5x, https:\/\/i0.wp.com\/yuri.com.br\/claudio\/wp-content\/uploads\/2008\/10\/jornaldossports_estadualrj2008.jpg?resize=700%2C400&ssl=1 2x"},"classes":[]},{"id":1175,"url":"https:\/\/yuri.com.br\/claudio\/2009\/11\/09\/la-vem-o-sol\/","url_meta":{"origin":1473,"position":5},"title":"L\u00e1 vem o sol","author":"claudio","date":"9\/nov\/2009","format":false,"excerpt":"Ainda n\u00e3o aclimatado com esse solz\u00e3o SINISTRO, vou me viciando nos ambientes refrigerados. Tenho um certo orgulho de viver num local onde rola caminhar at\u00e9 uns 5 cinemas diferentes em um raio de 500m. N\u00e3o costumo escrever sobre isso mas, como o filme foi ducaralho, fica aqui minha recomenda\u00e7\u00e3o: Bastardos\u2026","rel":"","context":"Em &quot;Escalada&quot;","block_context":{"text":"Escalada","link":"https:\/\/yuri.com.br\/claudio\/category\/escalada\/"},"img":{"alt_text":"","src":"https:\/\/i0.wp.com\/farm3.static.flickr.com\/2577\/4088067628_42b8bf2c47_o.jpg?resize=350%2C200","width":350,"height":200,"srcset":"https:\/\/i0.wp.com\/farm3.static.flickr.com\/2577\/4088067628_42b8bf2c47_o.jpg?resize=350%2C200 1x, https:\/\/i0.wp.com\/farm3.static.flickr.com\/2577\/4088067628_42b8bf2c47_o.jpg?resize=525%2C300 1.5x, https:\/\/i0.wp.com\/farm3.static.flickr.com\/2577\/4088067628_42b8bf2c47_o.jpg?resize=700%2C400 2x"},"classes":[]}],"_links":{"self":[{"href":"https:\/\/yuri.com.br\/claudio\/wp-json\/wp\/v2\/posts\/1473","targetHints":{"allow":["GET"]}}],"collection":[{"href":"https:\/\/yuri.com.br\/claudio\/wp-json\/wp\/v2\/posts"}],"about":[{"href":"https:\/\/yuri.com.br\/claudio\/wp-json\/wp\/v2\/types\/post"}],"author":[{"embeddable":true,"href":"https:\/\/yuri.com.br\/claudio\/wp-json\/wp\/v2\/users\/2"}],"replies":[{"embeddable":true,"href":"https:\/\/yuri.com.br\/claudio\/wp-json\/wp\/v2\/comments?post=1473"}],"version-history":[{"count":0,"href":"https:\/\/yuri.com.br\/claudio\/wp-json\/wp\/v2\/posts\/1473\/revisions"}],"wp:featuredmedia":[{"embeddable":true,"href":"https:\/\/yuri.com.br\/claudio\/wp-json\/wp\/v2\/media\/1475"}],"wp:attachment":[{"href":"https:\/\/yuri.com.br\/claudio\/wp-json\/wp\/v2\/media?parent=1473"}],"wp:term":[{"taxonomy":"category","embeddable":true,"href":"https:\/\/yuri.com.br\/claudio\/wp-json\/wp\/v2\/categories?post=1473"},{"taxonomy":"post_tag","embeddable":true,"href":"https:\/\/yuri.com.br\/claudio\/wp-json\/wp\/v2\/tags?post=1473"}],"curies":[{"name":"wp","href":"https:\/\/api.w.org\/{rel}","templated":true}]}}