{"id":1419,"date":"2010-01-25T18:22:17","date_gmt":"2010-01-25T18:22:17","guid":{"rendered":"http:\/\/claudiobr.wordpress.com\/?p=1419"},"modified":"2010-01-25T18:22:17","modified_gmt":"2010-01-25T18:22:17","slug":"visitas-ilustres","status":"publish","type":"post","link":"https:\/\/yuri.com.br\/claudio\/2010\/01\/25\/visitas-ilustres\/","title":{"rendered":"Visitas ilustres"},"content":{"rendered":"<p style=\"text-align:center;\"><a href=\"http:\/\/www.flickr.com\/photos\/cbrisighello\/4301793232\/\"><img loading=\"lazy\" decoding=\"async\" class=\"aligncenter\" title=\"Reserva Florestal do Graja\u00fa\" src=\"http:\/\/farm5.static.flickr.com\/4028\/4301793232_c7350ab6ae_o.jpg\" alt=\"\" width=\"670\" height=\"446\" \/><\/a><\/p>\n<p style=\"text-align:justify;\">Senhoras e senhores, Mr. L\u00e9o Medeiros e seu herdeiro Lucca, que queria escalar tudo \u00e0 sua volta, mas teve que se contentar com esse &#8220;lowball&#8221; da direita. Aproveito para compartilhar um beta: a cave do Edmundo no <a href=\"http:\/\/www.escaladacafe.com.br\/mapa\/grajau\" target=\"_blank\">Graja\u00fa<\/a> fica fresquinha nesse calor&#8230; quem n\u00e3o estiver aguentando, l\u00e1 \u00e9 uma boa pedida.<\/p>\n<p style=\"text-align:justify;\">Boa semana a todos!<\/p>\n","protected":false},"excerpt":{"rendered":"<p>Senhoras e senhores, Mr. L\u00e9o Medeiros e seu herdeiro Lucca, que queria escalar tudo \u00e0 sua volta, mas teve que se contentar com esse &#8220;lowball&#8221; da direita. Aproveito para compartilhar um beta: a cave do Edmundo no Graja\u00fa fica fresquinha nesse calor&#8230; quem n\u00e3o estiver aguentando, l\u00e1 \u00e9 uma boa pedida. Boa semana a todos!<\/p>\n","protected":false},"author":2,"featured_media":0,"comment_status":"open","ping_status":"open","sticky":false,"template":"","format":"standard","meta":{"neve_meta_sidebar":"","neve_meta_container":"","neve_meta_enable_content_width":"","neve_meta_content_width":0,"neve_meta_title_alignment":"","neve_meta_author_avatar":"","neve_post_elements_order":"","neve_meta_disable_header":"","neve_meta_disable_footer":"","neve_meta_disable_title":"","jetpack_post_was_ever_published":false,"_jetpack_newsletter_access":"","_jetpack_dont_email_post_to_subs":false,"_jetpack_newsletter_tier_id":0,"_jetpack_memberships_contains_paywalled_content":false,"_jetpack_memberships_contains_paid_content":false,"footnotes":"","jetpack_publicize_message":"","jetpack_publicize_feature_enabled":true,"jetpack_social_post_already_shared":false,"jetpack_social_options":{"image_generator_settings":{"template":"highway","default_image_id":0,"font":"","enabled":false},"version":2}},"categories":[3],"tags":[],"class_list":["post-1419","post","type-post","status-publish","format-standard","hentry","category-escalada"],"jetpack_publicize_connections":[],"jetpack_featured_media_url":"","jetpack_shortlink":"https:\/\/wp.me\/p4i7cB-mT","jetpack_sharing_enabled":true,"jetpack-related-posts":[{"id":233,"url":"https:\/\/yuri.com.br\/claudio\/2008\/09\/23\/grajau\/","url_meta":{"origin":1419,"position":0},"title":"Graja\u00fa","author":"claudio","date":"23\/set\/2008","format":false,"excerpt":"Conversando com um amigo escoc\u00eas que atualmente mora aqui no RJ, ouvi uma opini\u00e3o que pode surpreender os c\u00e9ticos: se pegarmos um setor de boulders l\u00e1 da Reserva Florestal do Graja\u00fa, localizada na zona norte do Rio, \u00e9 compar\u00e1vel a um setor de Fontainebleau como Bas Cuvier. \u00c9 isso a\u00ed\u2026","rel":"","context":"Em &quot;Escalada&quot;","block_context":{"text":"Escalada","link":"https:\/\/yuri.com.br\/claudio\/category\/escalada\/"},"img":{"alt_text":"","src":"https:\/\/i0.wp.com\/farm4.static.flickr.com\/3222\/2873891868_dbb013d1a6_d.jpg?resize=350%2C200","width":350,"height":200},"classes":[]},{"id":5965,"url":"https:\/\/yuri.com.br\/claudio\/2013\/10\/21\/o-lindo-batore\/","url_meta":{"origin":1419,"position":1},"title":"O lindo Bator\u00e9","author":"claudio","date":"21\/out\/2013","format":false,"excerpt":"O Bator\u00e9 (comediante) pode ser feio pacas, mas o boulder \u00e9 lindo! Pra justificar, aqui vai uma demonstra\u00e7\u00e3o do crux by Diego Correa, que trouxe a sua press\u00e3o \"made in Graja\u00fa\" e botou o V9 no bolso. Clique para ampliar... E n\u00e3o resisti em registrar uma lembrancinha familiar com a\u2026","rel":"","context":"Em &quot;Escalada&quot;","block_context":{"text":"Escalada","link":"https:\/\/yuri.com.br\/claudio\/category\/escalada\/"},"img":{"alt_text":"","src":"https:\/\/i0.wp.com\/yuri.com.br\/claudio\/wp-content\/uploads\/2013\/10\/rubinho_batore_diego.jpg?resize=350%2C200&ssl=1","width":350,"height":200,"srcset":"https:\/\/i0.wp.com\/yuri.com.br\/claudio\/wp-content\/uploads\/2013\/10\/rubinho_batore_diego.jpg?resize=350%2C200&ssl=1 1x, https:\/\/i0.wp.com\/yuri.com.br\/claudio\/wp-content\/uploads\/2013\/10\/rubinho_batore_diego.jpg?resize=525%2C300&ssl=1 1.5x, https:\/\/i0.wp.com\/yuri.com.br\/claudio\/wp-content\/uploads\/2013\/10\/rubinho_batore_diego.jpg?resize=700%2C400&ssl=1 2x, https:\/\/i0.wp.com\/yuri.com.br\/claudio\/wp-content\/uploads\/2013\/10\/rubinho_batore_diego.jpg?resize=1050%2C600&ssl=1 3x"},"classes":[]},{"id":3991,"url":"https:\/\/yuri.com.br\/claudio\/2012\/08\/18\/lowballin\/","url_meta":{"origin":1419,"position":2},"title":"Lowballin\u00b4","author":"claudio","date":"18\/ago\/2012","format":false,"excerpt":"Momento raro comigo atr\u00e1s \u00e0 frente das lentes neste lowball, gra\u00e7as ao vizinho\/m\u00fasico\/fisio\/escalador Cac\u00e1 Nisi:","rel":"","context":"Em &quot;Escalada&quot;","block_context":{"text":"Escalada","link":"https:\/\/yuri.com.br\/claudio\/category\/escalada\/"},"img":{"alt_text":"","src":"","width":0,"height":0},"classes":[]},{"id":388,"url":"https:\/\/yuri.com.br\/claudio\/2009\/01\/23\/video-do-grajaurj\/","url_meta":{"origin":1419,"position":3},"title":"V\u00eddeo do Graja\u00fa\/RJ","author":"claudio","date":"23\/jan\/2009","format":false,"excerpt":"A homage to the friends and the boulders. \u00a0\"Curta-metragem\" sobre uma tarde de escalada em um dos melhores locais de boulder da cidade. Foquei a edi\u00e7\u00e3o\/trilha no aspecto mais social, portanto n\u00e3o espere aquele rock'n'roll de morder a pedra... Bons ventos!","rel":"","context":"Em &quot;Escalada&quot;","block_context":{"text":"Escalada","link":"https:\/\/yuri.com.br\/claudio\/category\/escalada\/"},"img":{"alt_text":"","src":"","width":0,"height":0},"classes":[]},{"id":3335,"url":"https:\/\/yuri.com.br\/claudio\/2012\/01\/22\/mais-do-aranha\/","url_meta":{"origin":1419,"position":4},"title":"Mais do Aranha","author":"claudio","date":"22\/jan\/2012","format":false,"excerpt":"Compartilhando mais linhas novas de dificuldade \"moderada\" na cave do Aranha (a prova d\u00b4\u00e1gua!)... Desta vez falamos do bloco levemente negativo logo atr\u00e1s do Derretidos, acredito que sempre passou despercebido devido \u00e0 sua base ruim, mas na \u00faltima semana fomos l\u00e1 alavancar as pedras e limpar as 2 linhas \u00f3bvias,\u2026","rel":"","context":"Em &quot;Escalada&quot;","block_context":{"text":"Escalada","link":"https:\/\/yuri.com.br\/claudio\/category\/escalada\/"},"img":{"alt_text":"","src":"https:\/\/i0.wp.com\/yuri.com.br\/claudio\/wp-content\/uploads\/2012\/01\/aranha_popfingerscaca.jpg?resize=350%2C200&ssl=1","width":350,"height":200,"srcset":"https:\/\/i0.wp.com\/yuri.com.br\/claudio\/wp-content\/uploads\/2012\/01\/aranha_popfingerscaca.jpg?resize=350%2C200&ssl=1 1x, https:\/\/i0.wp.com\/yuri.com.br\/claudio\/wp-content\/uploads\/2012\/01\/aranha_popfingerscaca.jpg?resize=525%2C300&ssl=1 1.5x, https:\/\/i0.wp.com\/yuri.com.br\/claudio\/wp-content\/uploads\/2012\/01\/aranha_popfingerscaca.jpg?resize=700%2C400&ssl=1 2x"},"classes":[]},{"id":2668,"url":"https:\/\/yuri.com.br\/claudio\/2011\/05\/15\/murinho\/","url_meta":{"origin":1419,"position":5},"title":"Murinho","author":"claudio","date":"15\/maio\/2011","format":false,"excerpt":"Sempre curti uma boa session de muro. Saudades desses muitos anos de muitas noites na 90 graus e na Limite! Adoro a comodidade, a disciplina, a social, a sonzeira eletrizante, as muitas risadas, as biritagens depois, enfim... coisas que educadamente n\u00e3o fazemos fa\u00e7o no ambiente natural das pedras. Ent\u00e3o ap\u00f3s\u2026","rel":"","context":"Em &quot;Escalada&quot;","block_context":{"text":"Escalada","link":"https:\/\/yuri.com.br\/claudio\/category\/escalada\/"},"img":{"alt_text":"","src":"https:\/\/i0.wp.com\/yuri.com.br\/claudio\/wp-content\/uploads\/2011\/04\/muro_cronologia.jpg?resize=350%2C200&ssl=1","width":350,"height":200,"srcset":"https:\/\/i0.wp.com\/yuri.com.br\/claudio\/wp-content\/uploads\/2011\/04\/muro_cronologia.jpg?resize=350%2C200&ssl=1 1x, https:\/\/i0.wp.com\/yuri.com.br\/claudio\/wp-content\/uploads\/2011\/04\/muro_cronologia.jpg?resize=525%2C300&ssl=1 1.5x, https:\/\/i0.wp.com\/yuri.com.br\/claudio\/wp-content\/uploads\/2011\/04\/muro_cronologia.jpg?resize=700%2C400&ssl=1 2x"},"classes":[]}],"_links":{"self":[{"href":"https:\/\/yuri.com.br\/claudio\/wp-json\/wp\/v2\/posts\/1419","targetHints":{"allow":["GET"]}}],"collection":[{"href":"https:\/\/yuri.com.br\/claudio\/wp-json\/wp\/v2\/posts"}],"about":[{"href":"https:\/\/yuri.com.br\/claudio\/wp-json\/wp\/v2\/types\/post"}],"author":[{"embeddable":true,"href":"https:\/\/yuri.com.br\/claudio\/wp-json\/wp\/v2\/users\/2"}],"replies":[{"embeddable":true,"href":"https:\/\/yuri.com.br\/claudio\/wp-json\/wp\/v2\/comments?post=1419"}],"version-history":[{"count":0,"href":"https:\/\/yuri.com.br\/claudio\/wp-json\/wp\/v2\/posts\/1419\/revisions"}],"wp:attachment":[{"href":"https:\/\/yuri.com.br\/claudio\/wp-json\/wp\/v2\/media?parent=1419"}],"wp:term":[{"taxonomy":"category","embeddable":true,"href":"https:\/\/yuri.com.br\/claudio\/wp-json\/wp\/v2\/categories?post=1419"},{"taxonomy":"post_tag","embeddable":true,"href":"https:\/\/yuri.com.br\/claudio\/wp-json\/wp\/v2\/tags?post=1419"}],"curies":[{"name":"wp","href":"https:\/\/api.w.org\/{rel}","templated":true}]}}