{"id":1402,"date":"2010-01-13T13:24:42","date_gmt":"2010-01-13T13:24:42","guid":{"rendered":"http:\/\/claudiobr.wordpress.com\/?p=1402"},"modified":"2010-01-13T13:24:42","modified_gmt":"2010-01-13T13:24:42","slug":"taquaril-video","status":"publish","type":"post","link":"https:\/\/yuri.com.br\/claudio\/2010\/01\/13\/taquaril-video\/","title":{"rendered":"Taquaril (v\u00eddeo)"},"content":{"rendered":"<p style=\"text-align:justify;\">Pronto, t\u00e1 no ar o primeiro video do ano! Maior que o costume (~20min), devido a eu ter explorado um pouco mais o &#8220;processo&#8221; do que as &#8220;cadenas&#8221; propriamente ditas. Bem espont\u00e3neo e sem ensaios, os registros foram saindo conforme o dia ia acontecendo. Este realismo dificulta um pouco as exposi\u00e7\u00f5es, pois nenhuma foi feita naquela &#8220;hora m\u00e1gica&#8221; do entardecer ou amanhecer, mas sim sob o sol escaldante que presenteou nossas escaladas por l\u00e1. Mais detalhes no meu <a href=\"http:\/\/claudiobr.wordpress.com\/2010\/01\/04\/taquaril\/\" target=\"_self\">post anterior<\/a>.<\/p>\n<div class=\"nv-iframe-embed\"><div class=\"embed-vimeo\" style=\"text-align: center;\"><iframe loading=\"lazy\" src=\"https:\/\/player.vimeo.com\/video\/8706956\" width=\"700\" height=\"394\" frameborder=\"0\" webkitallowfullscreen mozallowfullscreen allowfullscreen><\/iframe><\/div><\/div>\n","protected":false},"excerpt":{"rendered":"<p>Pronto, t\u00e1 no ar o primeiro video do ano! Maior que o costume (~20min), devido a eu ter explorado um pouco mais o &#8220;processo&#8221; do que as &#8220;cadenas&#8221; propriamente ditas. Bem espont\u00e3neo e sem ensaios, os registros foram saindo conforme o dia ia acontecendo. Este realismo dificulta um pouco as exposi\u00e7\u00f5es, pois nenhuma foi feita&hellip;&nbsp;<a href=\"https:\/\/yuri.com.br\/claudio\/2010\/01\/13\/taquaril-video\/\" rel=\"bookmark\">Continue a ler &raquo;<span class=\"screen-reader-text\">Taquaril (v\u00eddeo)<\/span><\/a><\/p>\n","protected":false},"author":2,"featured_media":0,"comment_status":"open","ping_status":"open","sticky":false,"template":"","format":"standard","meta":{"neve_meta_sidebar":"","neve_meta_container":"","neve_meta_enable_content_width":"","neve_meta_content_width":0,"neve_meta_title_alignment":"","neve_meta_author_avatar":"","neve_post_elements_order":"","neve_meta_disable_header":"","neve_meta_disable_footer":"","neve_meta_disable_title":"","jetpack_post_was_ever_published":false,"_jetpack_newsletter_access":"","_jetpack_dont_email_post_to_subs":false,"_jetpack_newsletter_tier_id":0,"_jetpack_memberships_contains_paywalled_content":false,"_jetpack_memberships_contains_paid_content":false,"footnotes":"","jetpack_publicize_message":"","jetpack_publicize_feature_enabled":true,"jetpack_social_post_already_shared":false,"jetpack_social_options":{"image_generator_settings":{"template":"highway","default_image_id":0,"font":"","enabled":false},"version":2}},"categories":[3],"tags":[75],"class_list":["post-1402","post","type-post","status-publish","format-standard","hentry","category-escalada","tag-taquaril"],"jetpack_publicize_connections":[],"jetpack_featured_media_url":"","jetpack_shortlink":"https:\/\/wp.me\/p4i7cB-mC","jetpack_sharing_enabled":true,"jetpack-related-posts":[{"id":3145,"url":"https:\/\/yuri.com.br\/claudio\/2011\/10\/24\/video-sumba-boulder-2011\/","url_meta":{"origin":1402,"position":0},"title":"V\u00eddeo: Sumba Boulder 2011","author":"claudio","date":"24\/out\/2011","format":false,"excerpt":"T\u00e1 no ar o v\u00eddeo do Sumba Boulder 2011: Aos poucos vamos aprendendo... tive poucas experi\u00eancias de cobrir algo desse porte, o \u00faltimo que me vem \u00e0 mente foi o saudoso Bazar da Limite, bem menor. Mas foi \u00f3timo poder \"desenferrujar\" um pouco o modo v\u00eddeo da 7D... no fim,\u2026","rel":"","context":"Em &quot;Escalada&quot;","block_context":{"text":"Escalada","link":"https:\/\/yuri.com.br\/claudio\/category\/escalada\/"},"img":{"alt_text":"","src":"","width":0,"height":0},"classes":[]},{"id":3636,"url":"https:\/\/yuri.com.br\/claudio\/2012\/04\/12\/retrato-pos-cadena\/","url_meta":{"origin":1402,"position":1},"title":"Retrato &#8216;p\u00f3s-cadena&#8217;","author":"claudio","date":"12\/abr\/2012","format":false,"excerpt":"Pr\u00e9via do pequeno v\u00eddeo\/souvenir com esses brothers-cariocas-fren\u00e9ticos que estiveram aqui nesse feriado...","rel":"","context":"Em &quot;Escalada&quot;","block_context":{"text":"Escalada","link":"https:\/\/yuri.com.br\/claudio\/category\/escalada\/"},"img":{"alt_text":"","src":"https:\/\/i0.wp.com\/yuri.com.br\/claudio\/wp-content\/uploads\/2012\/04\/robertete.jpg?resize=350%2C200&ssl=1","width":350,"height":200,"srcset":"https:\/\/i0.wp.com\/yuri.com.br\/claudio\/wp-content\/uploads\/2012\/04\/robertete.jpg?resize=350%2C200&ssl=1 1x, https:\/\/i0.wp.com\/yuri.com.br\/claudio\/wp-content\/uploads\/2012\/04\/robertete.jpg?resize=525%2C300&ssl=1 1.5x, https:\/\/i0.wp.com\/yuri.com.br\/claudio\/wp-content\/uploads\/2012\/04\/robertete.jpg?resize=700%2C400&ssl=1 2x"},"classes":[]},{"id":3763,"url":"https:\/\/yuri.com.br\/claudio\/2012\/06\/25\/regras-pra-que-te-quero\/","url_meta":{"origin":1402,"position":2},"title":"Regras pra que te quero","author":"claudio","date":"25\/jun\/2012","format":false,"excerpt":"Mais uma semana, e dessa vez propago aqui 2 v\u00eddeos diferentes que vi recentemente. O primeiro, mais popular, do Dai Koyamada fazendo o Story of Two Worlds, ou melhor, repetindo ele ap\u00f3s descobrir que tinha feito o in\u00edcio a partir de uma agarra de m\u00e3o direita diferente, por quest\u00e3o de\u2026","rel":"","context":"Em &quot;Escalada&quot;","block_context":{"text":"Escalada","link":"https:\/\/yuri.com.br\/claudio\/category\/escalada\/"},"img":{"alt_text":"","src":"","width":0,"height":0},"classes":[]},{"id":3203,"url":"https:\/\/yuri.com.br\/claudio\/2011\/11\/10\/video-o-criador\/","url_meta":{"origin":1402,"position":3},"title":"V\u00eddeo: O Criador","author":"claudio","date":"10\/nov\/2011","format":false,"excerpt":"Segue mais um experimento recente. Videozinho do boulder \"O Criador\", considerado um V12 \"caro\",\u00a0 linha que foi limpa pelo Bel\u00ea e escalada primeiramente pelo Felipinho e depois pelo pr\u00f3prio Criador... e ningu\u00e9m mais. \u00a0 Filmar ali foi um teste dif\u00edcil pra c\u00e2mera, devido \u00e0 enorme escurid\u00e3o do lugar (d\u00e1 pra\u2026","rel":"","context":"Em &quot;Escalada&quot;","block_context":{"text":"Escalada","link":"https:\/\/yuri.com.br\/claudio\/category\/escalada\/"},"img":{"alt_text":"","src":"","width":0,"height":0},"classes":[]},{"id":653,"url":"https:\/\/yuri.com.br\/claudio\/2009\/05\/05\/ubatuba-report\/","url_meta":{"origin":1402,"position":4},"title":"Ubatuba report","author":"claudio","date":"5\/maio\/2009","format":false,"excerpt":"Algumas imagens e impress\u00f5es anotadas neste \u00faltimo feriado no Pont\u00e3o da Fortaleza. - A metereologia de Ubachuva \u00e9 um pouco sens\u00edvel. Leve seus amuletos da sorte, pois pode estar caindo o mundo em um canto da praia, e na outra ponta estar tudo seco. Se molhar, n\u00e3o desanime pois os\u2026","rel":"","context":"Em &quot;Escalada&quot;","block_context":{"text":"Escalada","link":"https:\/\/yuri.com.br\/claudio\/category\/escalada\/"},"img":{"alt_text":"","src":"https:\/\/i0.wp.com\/farm4.static.flickr.com\/3553\/3498900983_59682bf04a.jpg?resize=350%2C200","width":350,"height":200},"classes":[]},{"id":4897,"url":"https:\/\/yuri.com.br\/claudio\/2013\/04\/29\/rubinho-2\/","url_meta":{"origin":1402,"position":5},"title":"Rubinho!","author":"claudio","date":"29\/abr\/2013","format":false,"excerpt":"Faltou a Lia Sati no \u00faltimo post, mas ontem ela estava de volta l\u00e1 no Rubinho e pude registrar a cadena de seu 1\u00ba boulder! Alegria geral ao ver uma crian\u00e7a subir um bloco desses, rec\u00e9m limpo, com esse sorriso no rosto... Aproveito para deixar mais uma amostra, desta vez\u2026","rel":"","context":"Em &quot;Escalada&quot;","block_context":{"text":"Escalada","link":"https:\/\/yuri.com.br\/claudio\/category\/escalada\/"},"img":{"alt_text":"","src":"https:\/\/i0.wp.com\/yuri.com.br\/claudio\/wp-content\/uploads\/2013\/04\/rubinho_liasati.jpg?resize=350%2C200&ssl=1","width":350,"height":200,"srcset":"https:\/\/i0.wp.com\/yuri.com.br\/claudio\/wp-content\/uploads\/2013\/04\/rubinho_liasati.jpg?resize=350%2C200&ssl=1 1x, https:\/\/i0.wp.com\/yuri.com.br\/claudio\/wp-content\/uploads\/2013\/04\/rubinho_liasati.jpg?resize=525%2C300&ssl=1 1.5x, https:\/\/i0.wp.com\/yuri.com.br\/claudio\/wp-content\/uploads\/2013\/04\/rubinho_liasati.jpg?resize=700%2C400&ssl=1 2x"},"classes":[]}],"_links":{"self":[{"href":"https:\/\/yuri.com.br\/claudio\/wp-json\/wp\/v2\/posts\/1402","targetHints":{"allow":["GET"]}}],"collection":[{"href":"https:\/\/yuri.com.br\/claudio\/wp-json\/wp\/v2\/posts"}],"about":[{"href":"https:\/\/yuri.com.br\/claudio\/wp-json\/wp\/v2\/types\/post"}],"author":[{"embeddable":true,"href":"https:\/\/yuri.com.br\/claudio\/wp-json\/wp\/v2\/users\/2"}],"replies":[{"embeddable":true,"href":"https:\/\/yuri.com.br\/claudio\/wp-json\/wp\/v2\/comments?post=1402"}],"version-history":[{"count":0,"href":"https:\/\/yuri.com.br\/claudio\/wp-json\/wp\/v2\/posts\/1402\/revisions"}],"wp:attachment":[{"href":"https:\/\/yuri.com.br\/claudio\/wp-json\/wp\/v2\/media?parent=1402"}],"wp:term":[{"taxonomy":"category","embeddable":true,"href":"https:\/\/yuri.com.br\/claudio\/wp-json\/wp\/v2\/categories?post=1402"},{"taxonomy":"post_tag","embeddable":true,"href":"https:\/\/yuri.com.br\/claudio\/wp-json\/wp\/v2\/tags?post=1402"}],"curies":[{"name":"wp","href":"https:\/\/api.w.org\/{rel}","templated":true}]}}