{"id":1367,"date":"2010-01-04T21:35:36","date_gmt":"2010-01-04T21:35:36","guid":{"rendered":"http:\/\/claudiobr.wordpress.com\/?p=1367"},"modified":"2010-01-04T21:35:36","modified_gmt":"2010-01-04T21:35:36","slug":"taquaril","status":"publish","type":"post","link":"https:\/\/yuri.com.br\/claudio\/2010\/01\/04\/taquaril\/","title":{"rendered":"Taquaril"},"content":{"rendered":"<p style=\"text-align:justify;\">2009 terminou naquele esquema: trabalhei at\u00e9 as 7 da noite em plena v\u00e9spera de ano novo, e sa\u00ed correndo em busca da liberdade. At\u00e9 a\u00ed nenhuma novidade, n\u00e3o fosse o destino novo para mim &#8211; <a href=\"http:\/\/www.escaladacafe.com.br\/mapa\/pedra-do-elefante\" target=\"_blank\">Taquaril<\/a> &#8211; que fica um pouco depois de Petr\u00f3polis\/RJ, ou seja, pertinho e ideal para a minha situa\u00e7\u00e3o sem muitos dias para viajar. J\u00e1 fazia um bom tempo que eu a a Yuri dev\u00edamos uma visita ao <a href=\"http:\/\/www.abrigodoelefante.com\/\" target=\"_blank\">Abrigo do Elefante<\/a>, ao lado da enorme montanha de mesmo nome. As desastrosas chuvas quase abortaram o passeio, mas no fim rolou um inesperado sol de rachar.<\/p>\n<p style=\"text-align:center;\"><img loading=\"lazy\" decoding=\"async\" class=\"aligncenter\" title=\"Ralf C\u00f4rtes &amp; Ana Alvarenga\" src=\"http:\/\/farm5.static.flickr.com\/4017\/4244219375_eaac0cfaf2_o.jpg\" alt=\"\" width=\"640\" height=\"414\" \/><em>Ralf C\u00f4rtes e Ana Alvarenga: os &#8220;cuidadores&#8221; do local<\/em><\/p>\n<p style=\"text-align:justify;\">2010, por sua vez, come\u00e7ou bem, n\u00e3o posso reclamar! Passamos a virada no <a href=\"http:\/\/francecooltours.com\/33101\/index.html\" target=\"_blank\">S\u00edtio Caldeir\u00e3o<\/a>, do Sr. Lessa &amp; fam\u00edlia, muito hospitaleiros. O terreno \u00e9 um espet\u00e1culo: diversas cachoeiras e boulders, alguns chal\u00e9s, saunas, etc&#8230; 30 anos de muita &#8220;jardinagem&#8221; pra fazer aquele pequeno para\u00edso. Lessa \u00e9 um professor de m\u00fasica em vias de aposentadoria, com 65 anos e uma sa\u00fade invej\u00e1vel, do tipo que realiza travessias de 90km em 4 dias. Um dos blocos de sua propriedade recebeu uma primeira ascens\u00e3o neste domingo: bela linha negativa com agarras que seguem a inclina\u00e7\u00e3o do bloco, exigente desde o in\u00edcio e vai melhorando at\u00e9 chegar na dominada que tamb\u00e9m \u00e9 trabalhosa e n\u00e3o \u00f3bvia. Eu e Ralf C\u00f4rtes ralamos por umas boas horas at\u00e9 descobrirmos uma sequ\u00eancia funcional, que felizmente encadenamos. Ralf mandou, literalmente, no \u00faltimo g\u00e1s do dia. Com 4 d\u00e9cadas nas costas, \u00e9 de inspirar v\u00ea-lo escalando com tanta energia! O nome do boulder ficou &#8220;Terr\u00e1queos&#8221; e o grau sugerido em poss\u00edvel V9.<\/p>\n<p style=\"text-align:center;\"><img loading=\"lazy\" decoding=\"async\" data-attachment-id=\"1368\" data-permalink=\"https:\/\/yuri.com.br\/claudio\/2010\/01\/04\/taquaril\/taquaril_gentileza_byalice\/\" data-orig-file=\"https:\/\/yuri.com.br\/claudio\/wp-content\/uploads\/2010\/01\/taquaril_gentileza_byalice.jpg\" data-orig-size=\"1024,418\" data-comments-opened=\"1\" data-image-meta=\"{&quot;aperture&quot;:&quot;0&quot;,&quot;credit&quot;:&quot;&quot;,&quot;camera&quot;:&quot;&quot;,&quot;caption&quot;:&quot;&quot;,&quot;created_timestamp&quot;:&quot;0&quot;,&quot;copyright&quot;:&quot;&quot;,&quot;focal_length&quot;:&quot;0&quot;,&quot;iso&quot;:&quot;0&quot;,&quot;shutter_speed&quot;:&quot;0&quot;,&quot;title&quot;:&quot;&quot;}\" data-image-title=\"Foto por Alice (aquela do pa\u00eds das maravilhas :-)\" data-image-description=\"\" data-image-caption=\"\" data-medium-file=\"https:\/\/yuri.com.br\/claudio\/wp-content\/uploads\/2010\/01\/taquaril_gentileza_byalice-300x122.jpg\" data-large-file=\"https:\/\/yuri.com.br\/claudio\/wp-content\/uploads\/2010\/01\/taquaril_gentileza_byalice.jpg\" class=\"aligncenter size-full wp-image-1368\" title=\"Foto por Alice (aquela do pa\u00eds das maravilhas :-)\" src=\"http:\/\/yuri.com.br\/claudio\/wp-content\/uploads\/2010\/01\/taquaril_gentileza_byalice.jpg\" alt=\"\" width=\"720\" height=\"293\" srcset=\"https:\/\/yuri.com.br\/claudio\/wp-content\/uploads\/2010\/01\/taquaril_gentileza_byalice.jpg 1024w, https:\/\/yuri.com.br\/claudio\/wp-content\/uploads\/2010\/01\/taquaril_gentileza_byalice-300x122.jpg 300w, https:\/\/yuri.com.br\/claudio\/wp-content\/uploads\/2010\/01\/taquaril_gentileza_byalice-210x85.jpg 210w\" sizes=\"auto, (max-width: 720px) 100vw, 720px\" \/><em>Bloco do &#8220;Gentileza&#8221;: movimenta\u00e7\u00e3o 5 estrelas! (Foto da Alice)<\/em><\/p>\n<p style=\"text-align:justify;\">Os outros dias tamb\u00e9m foram regados a trabalhos boulder\u00edsticos. Ralf nos levou para conhecer o setor pic-nic, e por l\u00e1 escalamos alguns blocos cl\u00e1ssicos, dos quais eu destaco o &#8220;Gentileza&#8221;: uma pedrinha bem negativa, com 2 agarras perfeitas e uma movimenta\u00e7\u00e3o art\u00edstica que te leva ao topo. Dali sai uma linha graduada em 7c (V5), a qual tive a sorte de realizar em flash, e uma variante que sai para a direita, at\u00e9 ent\u00e3o somente encadenada pelo Guili, com grau flutuando entre oitavo e nono. Novamente em esfor\u00e7o conjunto, eu e Ralf conseguimos as primeiras repeti\u00e7\u00f5es, cada um usando um beta diferente para vencer a dominada-crux a partir de um bidedo raso e uma croquinha abaulada.\u00a0 Concordamos em 8c (V8). De quebra, abrimos um V3 bacana na face direita do bloco, entitulado &#8220;Piscin\u00e3o&#8221;. Para quem ainda n\u00e3o conhece os boulders de Taquaril, recomendo incluir este no itiner\u00e1rio!<\/p>\n<p style=\"text-align:justify;\">Sobre registros das escaladas: gravei alguns v\u00eddeos bacanas, que em breve pretendo editar. Fotos, fiz algumas no abrigo confome voc\u00ea pode conferir na barrinha do <a href=\"http:\/\/www.flickr.com\/photos\/cbrisighello\/\" target=\"_blank\">Flickr<\/a> ao lado.<\/p>\n<p style=\"text-align:center;\"><img loading=\"lazy\" decoding=\"async\" class=\"aligncenter\" title=\"Alice e Arag\u00e3o\" src=\"http:\/\/farm5.static.flickr.com\/4050\/4244218993_c4e790b457_o.jpg\" alt=\"\" width=\"640\" height=\"414\" \/><em>Alice e Arag\u00e3o: imposs\u00edvel n\u00e3o rir com esse casal<\/em><\/p>\n<p style=\"text-align:left;\">Por fim, n\u00e3o posso deixar de agradecer aos anfitri\u00f5es Ralf e Ana pela receptividade. Valeu mesmo!!<\/p>\n<p style=\"text-align:left;\">Boa semana a todos!<\/p>\n","protected":false},"excerpt":{"rendered":"<p>2009 terminou naquele esquema: trabalhei at\u00e9 as 7 da noite em plena v\u00e9spera de ano novo, e sa\u00ed correndo em busca da liberdade. At\u00e9 a\u00ed nenhuma novidade, n\u00e3o fosse o destino novo para mim &#8211; Taquaril &#8211; que fica um pouco depois de Petr\u00f3polis\/RJ, ou seja, pertinho e ideal para a minha situa\u00e7\u00e3o sem muitos&hellip;&nbsp;<a href=\"https:\/\/yuri.com.br\/claudio\/2010\/01\/04\/taquaril\/\" rel=\"bookmark\">Continue a ler &raquo;<span class=\"screen-reader-text\">Taquaril<\/span><\/a><\/p>\n","protected":false},"author":2,"featured_media":1368,"comment_status":"open","ping_status":"open","sticky":false,"template":"","format":"standard","meta":{"neve_meta_sidebar":"","neve_meta_container":"","neve_meta_enable_content_width":"","neve_meta_content_width":0,"neve_meta_title_alignment":"","neve_meta_author_avatar":"","neve_post_elements_order":"","neve_meta_disable_header":"","neve_meta_disable_footer":"","neve_meta_disable_title":"","jetpack_post_was_ever_published":false,"_jetpack_newsletter_access":"","_jetpack_dont_email_post_to_subs":false,"_jetpack_newsletter_tier_id":0,"_jetpack_memberships_contains_paywalled_content":false,"_jetpack_memberships_contains_paid_content":false,"footnotes":"","jetpack_publicize_message":"","jetpack_publicize_feature_enabled":true,"jetpack_social_post_already_shared":false,"jetpack_social_options":{"image_generator_settings":{"template":"highway","default_image_id":0,"font":"","enabled":false},"version":2}},"categories":[3],"tags":[],"class_list":["post-1367","post","type-post","status-publish","format-standard","has-post-thumbnail","hentry","category-escalada"],"jetpack_publicize_connections":[],"jetpack_featured_media_url":"https:\/\/yuri.com.br\/claudio\/wp-content\/uploads\/2010\/01\/taquaril_gentileza_byalice.jpg","jetpack_shortlink":"https:\/\/wp.me\/s4i7cB-taquaril","jetpack_sharing_enabled":true,"jetpack-related-posts":[{"id":2008,"url":"https:\/\/yuri.com.br\/claudio\/2010\/05\/19\/1%c2%aa-etapa-campeonato-estadual-de-boulder-rj2010\/","url_meta":{"origin":1367,"position":0},"title":"1\u00aa Etapa Campeonato Estadual de Boulder RJ\/2010","author":"claudio","date":"19\/maio\/2010","format":false,"excerpt":"Divulgando: Infelizmente ainda estarei longe do Rio nesta 1a. etapa :-\/ Mas fica a dica: o circuito de boulder deste ano vai rolar novamente l\u00e1 no muro da Patty em Niter\u00f3i, naquele esquema sem taxa de inscri\u00e7\u00e3o (luxo), basta estar devidamente federado ou filiado aos clubes. Aqui vai uma lembran\u00e7a\u2026","rel":"","context":"Em &quot;Escalada&quot;","block_context":{"text":"Escalada","link":"https:\/\/yuri.com.br\/claudio\/category\/escalada\/"},"img":{"alt_text":"","src":"https:\/\/i0.wp.com\/img.youtube.com\/vi\/ojMRzsXSBH4\/0.jpg?resize=350%2C200","width":350,"height":200},"classes":[]},{"id":254,"url":"https:\/\/yuri.com.br\/claudio\/2008\/10\/31\/sobre-o-campeonato-estadual-de-boulder-rj-2008\/","url_meta":{"origin":1367,"position":1},"title":"Sobre o Campeonato Estadual de Boulder RJ 2008","author":"claudio","date":"31\/out\/2008","format":false,"excerpt":"Neste m\u00eas de outubro\u00a0terminou o Campeonato Estadual de Escalada (Boulder) do RJ 2008. Sobre os resultados oficiais eu indico 2 artigos: Blog da Lojinha de Escalada Blog do Caio Gomes E clicando neste link pode-se conferir algumas fotos que fiz desta \u00faltima etapa na Limite Vertical. Aproveito este espa\u00e7o para\u2026","rel":"","context":"Em &quot;Escalada&quot;","block_context":{"text":"Escalada","link":"https:\/\/yuri.com.br\/claudio\/category\/escalada\/"},"img":{"alt_text":"","src":"https:\/\/i0.wp.com\/yuri.com.br\/claudio\/wp-content\/uploads\/2008\/10\/jornaldossports_estadualrj2008.jpg?resize=350%2C200&ssl=1","width":350,"height":200,"srcset":"https:\/\/i0.wp.com\/yuri.com.br\/claudio\/wp-content\/uploads\/2008\/10\/jornaldossports_estadualrj2008.jpg?resize=350%2C200&ssl=1 1x, https:\/\/i0.wp.com\/yuri.com.br\/claudio\/wp-content\/uploads\/2008\/10\/jornaldossports_estadualrj2008.jpg?resize=525%2C300&ssl=1 1.5x, https:\/\/i0.wp.com\/yuri.com.br\/claudio\/wp-content\/uploads\/2008\/10\/jornaldossports_estadualrj2008.jpg?resize=700%2C400&ssl=1 2x"},"classes":[]},{"id":3476,"url":"https:\/\/yuri.com.br\/claudio\/2012\/02\/24\/liefmans-goudenband-7-anos\/","url_meta":{"origin":1367,"position":2},"title":"Liefmans Goudenband (7 anos)","author":"claudio","date":"24\/fev\/2012","format":false,"excerpt":"Esses dias arrumei as *desculpas que precisava para abrir uma cerveja de guarda que eu havia encontrado no mercado Zona Sul (RJ) anos atr\u00e1s, uma\u00a0 pechincha (os menos de R$20,00 me fizeram acreditar que estava com pre\u00e7o errado). Tomei\u00a0 uma na \u00e9poca e reservei uma outra para guarda. Trata-se da\u2026","rel":"","context":"Em &quot;'Baixa' Gastronomia&quot;","block_context":{"text":"'Baixa' Gastronomia","link":"https:\/\/yuri.com.br\/claudio\/category\/baixa-gastronomia\/"},"img":{"alt_text":"","src":"https:\/\/i0.wp.com\/yuri.com.br\/claudio\/wp-content\/uploads\/2012\/02\/goudenband_glass.jpg?resize=350%2C200&ssl=1","width":350,"height":200,"srcset":"https:\/\/i0.wp.com\/yuri.com.br\/claudio\/wp-content\/uploads\/2012\/02\/goudenband_glass.jpg?resize=350%2C200&ssl=1 1x, https:\/\/i0.wp.com\/yuri.com.br\/claudio\/wp-content\/uploads\/2012\/02\/goudenband_glass.jpg?resize=525%2C300&ssl=1 1.5x, https:\/\/i0.wp.com\/yuri.com.br\/claudio\/wp-content\/uploads\/2012\/02\/goudenband_glass.jpg?resize=700%2C400&ssl=1 2x"},"classes":[]},{"id":2517,"url":"https:\/\/yuri.com.br\/claudio\/2010\/11\/19\/o-botequim-carioca\/","url_meta":{"origin":1367,"position":3},"title":"Botequim carioca","author":"claudio","date":"19\/nov\/2010","format":false,"excerpt":"Ap\u00f3s deixar o Rio de Janeiro, devo aqui umas anota\u00e7\u00f5es sobre algo que muito me transformou nessa babil\u00f4nia. Achei melhor escrever logo antes que minha falha mem\u00f3ria deixe algumas importantes emo\u00e7\u00f5es para tr\u00e1s... Me mudei ao RJ por volta de 2004. Nestes 6 anos, o meu amor pelo Rio foi\u2026","rel":"","context":"Em &quot;'Baixa' Gastronomia&quot;","block_context":{"text":"'Baixa' Gastronomia","link":"https:\/\/yuri.com.br\/claudio\/category\/baixa-gastronomia\/"},"img":{"alt_text":"","src":"","width":0,"height":0},"classes":[]},{"id":713,"url":"https:\/\/yuri.com.br\/claudio\/2009\/05\/24\/video-campeonato-estadual-rj-1a-etapa\/","url_meta":{"origin":1367,"position":4},"title":"V\u00eddeo &#8211; Campeonato Estadual RJ (1a. Etapa)","author":"claudio","date":"24\/maio\/2009","format":false,"excerpt":"Segue mais um v\u00eddeo\/curta feito com carinho no formato widescreen mais trilhas escolhidas a dedo :-) Desta vez do campeonato estadual aqui do RJ, categoria dos marmanjos: \u00c9 s\u00f3 uma lembrancinha mesmo, pois percebi que filmar, competir, dar seg, trabalhar 50hs por semana, etc - dificulta um pouco o resultado\u2026","rel":"","context":"Em &quot;Escalada&quot;","block_context":{"text":"Escalada","link":"https:\/\/yuri.com.br\/claudio\/category\/escalada\/"},"img":{"alt_text":"","src":"","width":0,"height":0},"classes":[]},{"id":241,"url":"https:\/\/yuri.com.br\/claudio\/2008\/09\/25\/fausto-wolff\/","url_meta":{"origin":1367,"position":5},"title":"Fausto Wolff","author":"claudio","date":"25\/set\/2008","format":false,"excerpt":"A poucas semanas atr\u00e1s, mais precisamente no dia 5 de setembro, faleceu no RJ o jornalista e escritor brasileiro Fausto Wolff. Eu n\u00e3o tenho a menor compet\u00eancia pra escrever sobre esse cara. Indico um artigo \"p\u00f3stumo\" que o descreve melhor no seu pr\u00f3prio site: http:\/\/www.olobo.net\/index.php?pg=colunistas&id=1008 Mas aqui eu gostaria de\u2026","rel":"","context":"Em &quot;'Baixa' Gastronomia&quot;","block_context":{"text":"'Baixa' Gastronomia","link":"https:\/\/yuri.com.br\/claudio\/category\/baixa-gastronomia\/"},"img":{"alt_text":"","src":"","width":0,"height":0},"classes":[]}],"_links":{"self":[{"href":"https:\/\/yuri.com.br\/claudio\/wp-json\/wp\/v2\/posts\/1367","targetHints":{"allow":["GET"]}}],"collection":[{"href":"https:\/\/yuri.com.br\/claudio\/wp-json\/wp\/v2\/posts"}],"about":[{"href":"https:\/\/yuri.com.br\/claudio\/wp-json\/wp\/v2\/types\/post"}],"author":[{"embeddable":true,"href":"https:\/\/yuri.com.br\/claudio\/wp-json\/wp\/v2\/users\/2"}],"replies":[{"embeddable":true,"href":"https:\/\/yuri.com.br\/claudio\/wp-json\/wp\/v2\/comments?post=1367"}],"version-history":[{"count":0,"href":"https:\/\/yuri.com.br\/claudio\/wp-json\/wp\/v2\/posts\/1367\/revisions"}],"wp:featuredmedia":[{"embeddable":true,"href":"https:\/\/yuri.com.br\/claudio\/wp-json\/wp\/v2\/media\/1368"}],"wp:attachment":[{"href":"https:\/\/yuri.com.br\/claudio\/wp-json\/wp\/v2\/media?parent=1367"}],"wp:term":[{"taxonomy":"category","embeddable":true,"href":"https:\/\/yuri.com.br\/claudio\/wp-json\/wp\/v2\/categories?post=1367"},{"taxonomy":"post_tag","embeddable":true,"href":"https:\/\/yuri.com.br\/claudio\/wp-json\/wp\/v2\/tags?post=1367"}],"curies":[{"name":"wp","href":"https:\/\/api.w.org\/{rel}","templated":true}]}}