{"id":1317,"date":"2009-12-30T12:53:12","date_gmt":"2009-12-30T12:53:12","guid":{"rendered":"http:\/\/claudiobr.wordpress.com\/?p=1317"},"modified":"2009-12-30T12:53:12","modified_gmt":"2009-12-30T12:53:12","slug":"aquecimento-mitologico","status":"publish","type":"post","link":"https:\/\/yuri.com.br\/claudio\/2009\/12\/30\/aquecimento-mitologico\/","title":{"rendered":"Aquecimento mitol\u00f3gico"},"content":{"rendered":"<p style=\"text-align:justify;\">Aproveitando o raro \u00f3cio de fim de ano, escrevo uma notinha a respeito dessa ladainha do <strong>aquecimento global<\/strong> antropol\u00f3gico (provocado pelo homem), e junto a isso um equivocado apelo de culpa, que preenche a <a href=\"http:\/\/www.ime.usp.br\/~cesar\/projects\/lowtech\/poderdaidentidade\/cap3.htm\" target=\"_blank\">ideologia de resist\u00eancia<\/a> em milhares de indiv\u00edduos por a\u00ed afora. Afinal, ser <em>eco-friendly<\/em> e condenar a humanidade pelo &#8220;fim&#8221;, est\u00e1 mais na moda do que nunca.<\/p>\n<p style=\"text-align:justify;\"><img loading=\"lazy\" decoding=\"async\" class=\"alignnone\" title=\"Hoje\" src=\"http:\/\/www.uwsp.edu\/cnr\/wcee\/keep\/HSSupplement\/images\/Time%20Magazine.jpg\" alt=\"\" width=\"357\" height=\"474\" \/><img loading=\"lazy\" decoding=\"async\" class=\"alignnone\" title=\"Ontem\" src=\"http:\/\/veja.abril.com.br\/blog\/reinaldo\/files\/2009\/10\/the-big-freeze.jpg\" alt=\"\" width=\"360\" height=\"474\" \/><\/p>\n<h6 style=\"text-align:center;\">Cuidado com o que vc l\u00ea por a\u00ed: 30 anos atr\u00e1s, queriam derreter as calotas polares para resolver uma suposta era glacial. Hoje, querem cortar o CO2<\/h6>\n<p style=\"text-align:justify;\">\n<p style=\"text-align:justify;\">J\u00e1 que um lado da moeda encontra-se amplamente informado (inundado) pela <a href=\"http:\/\/www.amazon.com\/Coercion-Why-Listen-What-They\/dp\/157322829X\" target=\"_blank\">coerciva<\/a> <a href=\"http:\/\/www.time.com\/time\/magazine\/article\/0,9171,944914,00.html\" target=\"_blank\">m\u00eddia<\/a>, por um ex\u00e9rcito de ativistas ecol\u00f3gicos <a href=\"http:\/\/www.flickr.com\/photos\/greenpeacebrasil\/4180371864\/in\/set-72157622861633619\/\" target=\"_blank\">radicais<\/a> e at\u00e9 pelo &#8220;ex-pr\u00f3ximo&#8221;\u00a0 <a href=\"http:\/\/www.imdb.com\/title\/tt0497116\/\" target=\"_blank\">presidente<\/a> dos EUA, listo algumas refer\u00eancias do outro lado\u00a0 (tamb\u00e9m referido como &#8220;c\u00e9tico&#8221; ou &#8220;deniers&#8221;), para ajudar voc\u00ea a formar a <strong>sua<\/strong> opini\u00e3o a respeito:<\/p>\n<p style=\"text-align:justify;\"><a href=\"http:\/\/www.youtube.com\/watch?v=qB7GcXu9-Vc&amp;feature=youtube_gdata\" target=\"_blank\">Discurso do professor (Dr.) Molion, o cara que mais manja de metereologia em nosso continente<\/a><\/p>\n<p style=\"text-align:justify;\"><a href=\"http:\/\/mitos-climaticos.blogspot.com\/\" target=\"_blank\">Blog Mitos Climaticos, escrito pelo mestre em climatologia Rui Moura<\/a><\/p>\n<p style=\"text-align:justify;\"><a href=\"http:\/\/www.monova.org\/details\/3119538\/A%20Grande%20Farsa%20Do%20Aquecimento%20Global%20%20The%20Great%20Global%20Warming%20Swindle%20-%20RH.html\" target=\"_self\">Filme &#8220;The great Global Warming Swindle&#8221;<\/a><\/p>\n<p style=\"text-align:justify;\"><a href=\"http:\/\/www.youtube.com\/watch?v=1fl9fESYVFY\" target=\"_blank\">Alex Jones<\/a> (<a href=\"http:\/\/claudiobr.wordpress.com\/2009\/10\/28\/lar-doce-lar\/\" target=\"_blank\">aquele do Waking Life<\/a>) <a href=\"http:\/\/www.youtube.com\/watch?v=1fl9fESYVFY\" target=\"_blank\">sobre Copenhagen,<\/a> <a href=\"http:\/\/en.wikipedia.org\/wiki\/Climatic_Research_Unit_e-mail_hacking_incident\" target=\"_blank\">o esc\u00e2ndalo do Climate-Gate<\/a>, <a href=\"http:\/\/www.youtube.com\/watch?v=1fl9fESYVFY\" target=\"_blank\">entre outras &#8220;conspira\u00e7\u00f5es&#8221;<\/a><\/p>\n<p style=\"text-align:justify;\">Lembremos que a ci\u00eancia n\u00e3o \u00e9 democr\u00e1tica. Se valesse sempre o que a maioria pensa, viver\u00edamos em um <a href=\"http:\/\/pt.wikipedia.org\/wiki\/Galileu_Galilei\" target=\"_blank\">planeta achatado<\/a> cujos males se justificam na <em>vibe<\/em> do diabo gritando &#8220;kmon&#8221; l\u00e1 das profundezas do inferno.<\/p>\n<p style=\"text-align:justify;\">Seja l\u00e1 qual for o time que vc torce, n\u00e3o vista a camisa dos pessimistas exagerados e precavidos. O princ\u00edpio da precau\u00e7\u00e3o pode custar caro, n\u00e3o somente em dinheiro.\u00a0Um exemplo: em 91, uma catastr\u00f3fica epidemia de c\u00f3lera surtou no Peru, ap\u00f3s resolverem cortar o cloro do tratamento de \u00e1gua afim de &#8220;evitar&#8221; c\u00e2ncer, gra\u00e7as \u00e0 repress\u00e3o internacional. Foi este tipo de campanha que fez o <a href=\"http:\/\/online.wsj.com\/article\/SB120882720657033391.html?mod=opinion_main_commentaries\" target=\"_blank\">fundador do Greeenpeace<\/a> abandonar o barco.<\/p>\n<p style=\"text-align:justify;\"><strong>Viva o progresso e a loucura! <\/strong><\/p>\n<p style=\"text-align:justify;\">\n","protected":false},"excerpt":{"rendered":"<p>Aproveitando o raro \u00f3cio de fim de ano, escrevo uma notinha a respeito dessa ladainha do aquecimento global antropol\u00f3gico (provocado pelo homem), e junto a isso um equivocado apelo de culpa, que preenche a ideologia de resist\u00eancia em milhares de indiv\u00edduos por a\u00ed afora. Afinal, ser eco-friendly e condenar a humanidade pelo &#8220;fim&#8221;, est\u00e1 mais&hellip;&nbsp;<a href=\"https:\/\/yuri.com.br\/claudio\/2009\/12\/30\/aquecimento-mitologico\/\" rel=\"bookmark\">Continue a ler &raquo;<span class=\"screen-reader-text\">Aquecimento mitol\u00f3gico<\/span><\/a><\/p>\n","protected":false},"author":2,"featured_media":0,"comment_status":"open","ping_status":"open","sticky":false,"template":"","format":"standard","meta":{"neve_meta_sidebar":"","neve_meta_container":"","neve_meta_enable_content_width":"","neve_meta_content_width":0,"neve_meta_title_alignment":"","neve_meta_author_avatar":"","neve_post_elements_order":"","neve_meta_disable_header":"","neve_meta_disable_footer":"","neve_meta_disable_title":"","jetpack_post_was_ever_published":false,"_jetpack_newsletter_access":"","_jetpack_dont_email_post_to_subs":false,"_jetpack_newsletter_tier_id":0,"_jetpack_memberships_contains_paywalled_content":false,"_jetpack_memberships_contains_paid_content":false,"footnotes":"","jetpack_publicize_message":"","jetpack_publicize_feature_enabled":true,"jetpack_social_post_already_shared":false,"jetpack_social_options":{"image_generator_settings":{"template":"highway","default_image_id":0,"font":"","enabled":false},"version":2}},"categories":[5],"tags":[25],"class_list":["post-1317","post","type-post","status-publish","format-standard","hentry","category-outros","tag-aquecimento-global"],"jetpack_publicize_connections":[],"jetpack_featured_media_url":"","jetpack_shortlink":"https:\/\/wp.me\/p4i7cB-lf","jetpack_sharing_enabled":true,"jetpack-related-posts":[{"id":4503,"url":"https:\/\/yuri.com.br\/claudio\/2012\/12\/28\/feliz-2013\/","url_meta":{"origin":1317,"position":0},"title":"Feliz 2013","author":"claudio","date":"28\/dez\/2012","format":false,"excerpt":"Dessa vez vou resumir a t\u00edpica mensagem de fim de ano com bons votos: Desejo a vcs um ano novo cheio de grandes li\u00e7\u00f5es, atitudes comprometidas, respeito e sinceridade consigo pr\u00f3prio, com os outros e com o planeta. Desejo tamb\u00e9m bastante \u00f3cio (criativo!), lazer, arte, ou tudo aquilo que nos\u2026","rel":"","context":"Em &quot;Outros&quot;","block_context":{"text":"Outros","link":"https:\/\/yuri.com.br\/claudio\/category\/outros\/"},"img":{"alt_text":"","src":"","width":0,"height":0},"classes":[]},{"id":3262,"url":"https:\/\/yuri.com.br\/claudio\/2011\/12\/20\/feliz-2012\/","url_meta":{"origin":1317,"position":1},"title":"Feliz 2012","author":"claudio","date":"20\/dez\/2011","format":false,"excerpt":"Fim de ano, pra variar \u00e9 \u00e9poca de reflex\u00f5es e resolu\u00e7\u00f5es, ent\u00e3o aproveito para anotar algumas coisinhas por aqui. 2011 foi sem d\u00favidas um ano repleto de novidades para mim, algumas j\u00e1 esperadas, outras que vieram por atra\u00e7\u00e3o natural ou consequ\u00eancia das mudan\u00e7as. Na escalada,\u00a0 a motiva\u00e7\u00e3o atual continua sendo\u2026","rel":"","context":"Em &quot;Outros&quot;","block_context":{"text":"Outros","link":"https:\/\/yuri.com.br\/claudio\/category\/outros\/"},"img":{"alt_text":"","src":"https:\/\/i0.wp.com\/yuri.com.br\/claudio\/wp-content\/uploads\/2011\/12\/bau_aranha_small.jpg?resize=350%2C200&ssl=1","width":350,"height":200,"srcset":"https:\/\/i0.wp.com\/yuri.com.br\/claudio\/wp-content\/uploads\/2011\/12\/bau_aranha_small.jpg?resize=350%2C200&ssl=1 1x, https:\/\/i0.wp.com\/yuri.com.br\/claudio\/wp-content\/uploads\/2011\/12\/bau_aranha_small.jpg?resize=525%2C300&ssl=1 1.5x, https:\/\/i0.wp.com\/yuri.com.br\/claudio\/wp-content\/uploads\/2011\/12\/bau_aranha_small.jpg?resize=700%2C400&ssl=1 2x"},"classes":[]},{"id":3270,"url":"https:\/\/yuri.com.br\/claudio\/2011\/12\/15\/vertigo\/","url_meta":{"origin":1317,"position":2},"title":"Vertigo","author":"claudio","date":"15\/dez\/2011","format":false,"excerpt":"Essa vai pra vc que t\u00e1 emburrado no trampo, naquele ritmo de fim de ano e n\u00e3o aguenta mais jogar paci\u00eancia. O joguinho n\u00e3o \u00e9 mto novo mas dos que eu j\u00e1 vi por a\u00ed afora, me pareceu o melhorzinho! Bem realista (na medida do poss\u00edvel) e ainda em desenvolvimento,\u2026","rel":"","context":"Em &quot;Escalada&quot;","block_context":{"text":"Escalada","link":"https:\/\/yuri.com.br\/claudio\/category\/escalada\/"},"img":{"alt_text":"","src":"https:\/\/i0.wp.com\/yuri.com.br\/claudio\/wp-content\/uploads\/2011\/12\/vertigo.gif?resize=350%2C200&ssl=1","width":350,"height":200,"srcset":"https:\/\/i0.wp.com\/yuri.com.br\/claudio\/wp-content\/uploads\/2011\/12\/vertigo.gif?resize=350%2C200&ssl=1 1x, https:\/\/i0.wp.com\/yuri.com.br\/claudio\/wp-content\/uploads\/2011\/12\/vertigo.gif?resize=525%2C300&ssl=1 1.5x"},"classes":[]},{"id":4442,"url":"https:\/\/yuri.com.br\/claudio\/2012\/12\/03\/fim-de-temporada\/","url_meta":{"origin":1317,"position":3},"title":"Fim de temporada","author":"claudio","date":"3\/dez\/2012","format":false,"excerpt":"Por aqui o fim da temporada chegou para mim com um brinde: uma dor in\u00e9dita irradiando pelo ci\u00e1tico, interditando minha perna esquerda. Sem causa imediata, um prov\u00e1vel desgaste de longo prazo devido a uma alta progress\u00e3o f\u00edsica que atravessei neste ano. Cuidem-se e n\u00e3o aprendam da pior maneira: escalador esportivo\u2026","rel":"","context":"Em &quot;Escalada&quot;","block_context":{"text":"Escalada","link":"https:\/\/yuri.com.br\/claudio\/category\/escalada\/"},"img":{"alt_text":"","src":"https:\/\/i0.wp.com\/yuri.com.br\/claudio\/wp-content\/uploads\/2012\/12\/xitao_wp.jpg?resize=350%2C200&ssl=1","width":350,"height":200,"srcset":"https:\/\/i0.wp.com\/yuri.com.br\/claudio\/wp-content\/uploads\/2012\/12\/xitao_wp.jpg?resize=350%2C200&ssl=1 1x, https:\/\/i0.wp.com\/yuri.com.br\/claudio\/wp-content\/uploads\/2012\/12\/xitao_wp.jpg?resize=525%2C300&ssl=1 1.5x, https:\/\/i0.wp.com\/yuri.com.br\/claudio\/wp-content\/uploads\/2012\/12\/xitao_wp.jpg?resize=700%2C400&ssl=1 2x"},"classes":[]},{"id":5609,"url":"https:\/\/yuri.com.br\/claudio\/2013\/08\/20\/medusa\/","url_meta":{"origin":1317,"position":4},"title":"Medusa&#8230;","author":"claudio","date":"20\/ago\/2013","format":false,"excerpt":"J\u00e1 que desta vez me propus a relatar o processo, aqui v\u00e3o uns frames da pancadaria: Babaleia, eu e Bel\u00ea quase chegando no final desse \"corredor polon\u00eas\". S\u00e3o 3 contra 1, agora sim a porteira est\u00e1 amea\u00e7ando abrir! Sem d\u00favidas trabalhar projetos em conjunto \u00e9 bem mais produtivo, ainda mais\u2026","rel":"","context":"Em &quot;Escalada&quot;","block_context":{"text":"Escalada","link":"https:\/\/yuri.com.br\/claudio\/category\/escalada\/"},"img":{"alt_text":"","src":"https:\/\/i0.wp.com\/yuri.com.br\/claudio\/wp-content\/uploads\/2013\/08\/medusa_crux.jpg?resize=350%2C200&ssl=1","width":350,"height":200,"srcset":"https:\/\/i0.wp.com\/yuri.com.br\/claudio\/wp-content\/uploads\/2013\/08\/medusa_crux.jpg?resize=350%2C200&ssl=1 1x, https:\/\/i0.wp.com\/yuri.com.br\/claudio\/wp-content\/uploads\/2013\/08\/medusa_crux.jpg?resize=525%2C300&ssl=1 1.5x, https:\/\/i0.wp.com\/yuri.com.br\/claudio\/wp-content\/uploads\/2013\/08\/medusa_crux.jpg?resize=700%2C400&ssl=1 2x"},"classes":[]},{"id":5756,"url":"https:\/\/yuri.com.br\/claudio\/2013\/09\/09\/video-medusa-rubinho\/","url_meta":{"origin":1317,"position":5},"title":"V\u00eddeo: Medusa @ Rubinho","author":"claudio","date":"9\/set\/2013","format":false,"excerpt":"T\u00e1 no ar o v\u00eddeo do Medusa. Podemos dizer que \u00e9 apenas mais um videozinho de escalada, com tentativas sofridas, cadenas alucinantes, sonzeiras, alguns closes, comemora\u00e7\u00f5es, enfim... nada al\u00e9m do que vc j\u00e1 est\u00e1 cansado de ver por a\u00ed afora. Exceto que se trata de um dos boulders \"world class\"\u2026","rel":"","context":"Em &quot;Escalada&quot;","block_context":{"text":"Escalada","link":"https:\/\/yuri.com.br\/claudio\/category\/escalada\/"},"img":{"alt_text":"","src":"","width":0,"height":0},"classes":[]}],"_links":{"self":[{"href":"https:\/\/yuri.com.br\/claudio\/wp-json\/wp\/v2\/posts\/1317","targetHints":{"allow":["GET"]}}],"collection":[{"href":"https:\/\/yuri.com.br\/claudio\/wp-json\/wp\/v2\/posts"}],"about":[{"href":"https:\/\/yuri.com.br\/claudio\/wp-json\/wp\/v2\/types\/post"}],"author":[{"embeddable":true,"href":"https:\/\/yuri.com.br\/claudio\/wp-json\/wp\/v2\/users\/2"}],"replies":[{"embeddable":true,"href":"https:\/\/yuri.com.br\/claudio\/wp-json\/wp\/v2\/comments?post=1317"}],"version-history":[{"count":0,"href":"https:\/\/yuri.com.br\/claudio\/wp-json\/wp\/v2\/posts\/1317\/revisions"}],"wp:attachment":[{"href":"https:\/\/yuri.com.br\/claudio\/wp-json\/wp\/v2\/media?parent=1317"}],"wp:term":[{"taxonomy":"category","embeddable":true,"href":"https:\/\/yuri.com.br\/claudio\/wp-json\/wp\/v2\/categories?post=1317"},{"taxonomy":"post_tag","embeddable":true,"href":"https:\/\/yuri.com.br\/claudio\/wp-json\/wp\/v2\/tags?post=1317"}],"curies":[{"name":"wp","href":"https:\/\/api.w.org\/{rel}","templated":true}]}}