{"id":1302,"date":"2010-01-28T17:41:57","date_gmt":"2010-01-28T17:41:57","guid":{"rendered":"http:\/\/claudiobr.wordpress.com\/?p=1302"},"modified":"2010-01-28T17:41:57","modified_gmt":"2010-01-28T17:41:57","slug":"para-meus-amigos-vegetarianos","status":"publish","type":"post","link":"https:\/\/yuri.com.br\/claudio\/2010\/01\/28\/para-meus-amigos-vegetarianos\/","title":{"rendered":"Para meus amigos vegetarianos :-)"},"content":{"rendered":"<div id=\"c\" style=\"text-align:justify;\">\n<p>Li este artigo no Estad\u00e3o recentemente e gostei. Compartilho abaixo&#8230;<\/p>\n<\/div>\n<div style=\"text-align:justify;\">\n<p>E pra compensar, indico aqui o blog vegetariano mais bonito e apetitoso que conhe\u00e7o &#8211; <a href=\"http:\/\/veganyumyum.com\/\" target=\"_blank\">veganyumyum.com<\/a> &#8211; que al\u00e9m de belas receitas, tem uma se\u00e7\u00e3o que fala bastante sobre fotografia de comida (<a href=\"http:\/\/veganyumyum.com\/category\/photography\/\" target=\"_blank\">neste link<\/a>).<\/p>\n<\/div>\n<div style=\"text-align:center;\"><a href=\"http:\/\/veganyumyum.com\/\" target=\"_blank\"><img loading=\"lazy\" decoding=\"async\" class=\"aligncenter\" title=\"VeganYumYum\" src=\"http:\/\/farm4.static.flickr.com\/3019\/2678132790_4614ac4e52_b.jpg\" alt=\"\" width=\"644\" height=\"429\" \/><\/a><em><a href=\"http:\/\/veganyumyum.com\/\" target=\"_blank\">VeganYumYum<\/a><\/em><\/div>\n<div style=\"text-align:justify;\">&#8212;<\/div>\n<div style=\"text-align:justify;\"><strong><a href=\"http:\/\/www.estadao.com.br\/estadaodehoje\/20091224\/not_imp486608,0.php\" target=\"_blank\">Plantas e insetos conversam<\/a><\/strong><\/div>\n<div id=\"corpoNoticia\" style=\"text-align:justify;\">\n<p><em>Fernando Reinach*<\/em><\/p>\n<p>Vegetais n\u00e3o gemem, estrebucham ou suplicam quando s\u00e3o sacrificados para saciar nossa fome. Isto explica porque muitos que criticam a cria\u00e7\u00e3o e o abate de animais n\u00e3o t\u00eam pruridos em mastigar \u00f3rg\u00e3os sexuais ainda vivos (br\u00f3colis), engolir embri\u00f5es em desenvolvimento (brotos de feij\u00e3o), deixando para os sucos g\u00e1stricos a tarefa de mat\u00e1-los, ou picotar o corpo que ainda respira de diversos vegetais (saladas em geral).<\/p>\n<p>Nossa ilus\u00e3o de que vegetais n\u00e3o se comunicam e n\u00e3o t\u00eam mecanismos sofisticados para resistir \u00e0 morte se deve ao fato de eles se comunicarem n\u00e3o por sons ou gestos, mas por meio de mol\u00e9culas qu\u00edmicas, cheiros e horm\u00f4nios que muitas vezes sinalizam seu desconforto ou tentam repelir ataques. Recentemente foi elucidada a sofisticada comunica\u00e7\u00e3o entre uma couve-de-bruxelas, uma borboleta que adora devorar suas folhas e uma vespa que se alimenta das larvas da borboleta.<\/p>\n<p>A couve-de-bruxelas (Brassica oleracea) est\u00e1 feliz tomando sol em seu jardim quando pousa sobre ela uma linda borboleta branca (Pieris brassicae). A borboleta deposita sobre as folhas seus ovos fecundados &#8211; uma amea\u00e7a para a couve, pois os ovos se transformar\u00e3o em larvas famintas. No terceiro dia, como por milagre, os ovos s\u00e3o localizados por uma vespa altamente especializada.<\/p>\n<p>Esta vespa (Trichogramma brassicae) injeta seus ovos dentro dos ovos da borboleta. As larvas da vespa se alimentam do conte\u00fado dos ovos da borboleta, matando-os. O resultado \u00e9 que a couve se safou. A morte passou perto.<\/p>\n<p>Esse jogo entre a couve, a borboleta e a vespa pode parecer uma simples cadeia alimentar, mas h\u00e1 anos descobriu-se que por tr\u00e1s dele est\u00e1 uma complexa rede de comunica\u00e7\u00e3o.<\/p>\n<p>A primeira descoberta \u00e9 que a vespa \u00e9 avisada sobre a localiza\u00e7\u00e3o dos ovos da borboleta. Esta comunica\u00e7\u00e3o ocorre por meio de um cheiro, uma mol\u00e9cula vol\u00e1til detectada pela vespa.<\/p>\n<p>Sem entender porque os ovos da borboleta &#8220;avisariam&#8221; as vespas, os cientistas foram investigar o fen\u00f4meno e descobriram que quem emite o cheiro n\u00e3o s\u00e3o os ovos da borboleta, mas a folha de couve.<\/p>\n<p>O sistema \u00e9 bastante sofisticado: a planta &#8220;percebe&#8221; que os ovos foram depositados e &#8220;espera&#8221; dois dias antes de emitir o cheiro que atrai as vespas. Essa espera se deve ao fato de os ovos da borboleta s\u00f3 poderem ser infectados pela vespa ap\u00f3s come\u00e7arem a se desenvolver, o que leva dois dias. A conclus\u00e3o \u00e9 que a couve &#8220;sabe&#8221; que corre risco de ser devorada, mas, sem m\u00e3os para remover os ovos, desenvolveu um m\u00e9todo para atrair o inimigo de seu inimigo.<\/p>\n<p><strong>ANTIAFRODIS\u00cdACO<\/strong><\/p>\n<p>Mas a hist\u00f3ria \u00e9 mais complicada. Agora os cientistas descobriram como a planta &#8220;sabe&#8221; que a borboleta p\u00f4s ovos nas suas folhas. O l\u00edquido que envolve os ovos tem uma mol\u00e9cula chamada BC (benzyl cyanide). Ela &#8220;comunica&#8221; \u00e0 folha que foi atacada, desencadeando a resposta que atrai as vespas. O interessante \u00e9 que a borboleta n\u00e3o pode se &#8220;disfar\u00e7ar&#8221;, deixando de produzir o BC, porque ele \u00e9 fabricado pelo macho da borboleta, que injeta o produto na f\u00eamea durante o ato sexual. Mas porque o macho injeta BC nas f\u00eameas? Este composto \u00e9 um antiafrodis\u00edaco, usado para avisar outros machos que aquela f\u00eamea j\u00e1 foi fecundada.<\/p>\n<p>Da pr\u00f3xima vez que voc\u00ea mastigar couve-de-bruxelas se lembre que est\u00e1 matando um ser capaz de receber e enviar mensagens, capaz de pedir ajuda quando amea\u00e7ado de morte. Bon app\u00e9tit.<\/p>\n<p><em><strong>*fernando@reinach.com<br \/>\nBi\u00f3logo<br \/>\nMais informa\u00e7\u00f5es: Male-derived butterfly anti-aphrodisiac mediates induced indirect plant defense. PNAS, vol.105<\/strong><\/em><\/p>\n<\/div>\n","protected":false},"excerpt":{"rendered":"<p>Li este artigo no Estad\u00e3o recentemente e gostei. Compartilho abaixo&#8230; E pra compensar, indico aqui o blog vegetariano mais bonito e apetitoso que conhe\u00e7o &#8211; veganyumyum.com &#8211; que al\u00e9m de belas receitas, tem uma se\u00e7\u00e3o que fala bastante sobre fotografia de comida (neste link). VeganYumYum &#8212; Plantas e insetos conversam Fernando Reinach* Vegetais n\u00e3o gemem,&hellip;&nbsp;<a href=\"https:\/\/yuri.com.br\/claudio\/2010\/01\/28\/para-meus-amigos-vegetarianos\/\" rel=\"bookmark\">Continue a ler &raquo;<span class=\"screen-reader-text\">Para meus amigos vegetarianos :-)<\/span><\/a><\/p>\n","protected":false},"author":2,"featured_media":0,"comment_status":"open","ping_status":"open","sticky":false,"template":"","format":"standard","meta":{"neve_meta_sidebar":"","neve_meta_container":"","neve_meta_enable_content_width":"","neve_meta_content_width":0,"neve_meta_title_alignment":"","neve_meta_author_avatar":"","neve_post_elements_order":"","neve_meta_disable_header":"","neve_meta_disable_footer":"","neve_meta_disable_title":"","jetpack_post_was_ever_published":false,"_jetpack_newsletter_access":"","_jetpack_dont_email_post_to_subs":false,"_jetpack_newsletter_tier_id":0,"_jetpack_memberships_contains_paywalled_content":false,"_jetpack_memberships_contains_paid_content":false,"footnotes":"","jetpack_publicize_message":"","jetpack_publicize_feature_enabled":true,"jetpack_social_post_already_shared":false,"jetpack_social_options":{"image_generator_settings":{"template":"highway","default_image_id":0,"font":"","enabled":false},"version":2}},"categories":[2],"tags":[],"class_list":["post-1302","post","type-post","status-publish","format-standard","hentry","category-baixa-gastronomia"],"jetpack_publicize_connections":[],"jetpack_featured_media_url":"","jetpack_shortlink":"https:\/\/wp.me\/p4i7cB-l0","jetpack_sharing_enabled":true,"jetpack-related-posts":[{"id":458,"url":"https:\/\/yuri.com.br\/claudio\/2009\/03\/19\/algumas-fotos-recentes-comentadas\/","url_meta":{"origin":1302,"position":0},"title":"Algumas fotos recentes, comentadas","author":"claudio","date":"19\/mar\/2009","format":false,"excerpt":"Abaixo compartilho a concep\u00e7\u00e3o de algumas\u00a0fotos recentes: O bloco do \"Banana Amassada\" no Graja\u00fa\/RJ, fica no setor ao lado dos banheiros do parque, n\u00e3o exatamente o local mais bonito para uma foto. Fotografia \u00e9 luz, e ultimamente tenho experimentado a combina\u00e7\u00e3o de ilumina\u00e7\u00e3o artificial (flash) em plena luz do dia\u2026","rel":"","context":"Em &quot;Escalada&quot;","block_context":{"text":"Escalada","link":"https:\/\/yuri.com.br\/claudio\/category\/escalada\/"},"img":{"alt_text":"","src":"https:\/\/i0.wp.com\/farm4.static.flickr.com\/3585\/3320196043_a5fae6cc1e.jpg?resize=350%2C200","width":350,"height":200},"classes":[]},{"id":379,"url":"https:\/\/yuri.com.br\/claudio\/2009\/01\/20\/colorado-demoiselle\/","url_meta":{"origin":1302,"position":1},"title":"Colorado Demoiselle","author":"claudio","date":"20\/jan\/2009","format":false,"excerpt":"O ano de 2008 foi marcado pelo avan\u00e7o (em qualidade) das cervejas brasileiras... viva! Para comemorar, aqui vai o que considero um dos melhores lan\u00e7amentos recentes: Colorado Demoiselle, cuja receita foi criada por um homebrewer, o Ricardo Rosa da Acerva Carioca em parceria com a cervejaria Colorado. Ela simplesmente faturou\u2026","rel":"","context":"Em &quot;'Baixa' Gastronomia&quot;","block_context":{"text":"'Baixa' Gastronomia","link":"https:\/\/yuri.com.br\/claudio\/category\/baixa-gastronomia\/"},"img":{"alt_text":"","src":"https:\/\/i0.wp.com\/farm4.static.flickr.com\/3217\/3157495223_7345ce6eae.jpg?resize=350%2C200","width":350,"height":200},"classes":[]},{"id":3947,"url":"https:\/\/yuri.com.br\/claudio\/2012\/08\/26\/sourdough\/","url_meta":{"origin":1302,"position":2},"title":"P\u00e3o nosso de cada dia","author":"claudio","date":"26\/ago\/2012","format":false,"excerpt":"Um pouquinho mais sobre o tema da panifica\u00e7\u00e3o. Diversos blogs por a\u00ed afora compartilham lindos p\u00e3es, me inspirando a tentar o mesmo. Tenho que dizer: haja saco pra ficar fotografando o trampo todo! :-] Mas vamos l\u00e1... Aqui vai a minha f\u00f3rmula atual que serve de base para a os\u2026","rel":"","context":"Em &quot;'Baixa' Gastronomia&quot;","block_context":{"text":"'Baixa' Gastronomia","link":"https:\/\/yuri.com.br\/claudio\/category\/baixa-gastronomia\/"},"img":{"alt_text":"","src":"https:\/\/i0.wp.com\/yuri.com.br\/claudio\/wp-content\/uploads\/2012\/08\/multigraos1.jpg?resize=350%2C200&ssl=1","width":350,"height":200,"srcset":"https:\/\/i0.wp.com\/yuri.com.br\/claudio\/wp-content\/uploads\/2012\/08\/multigraos1.jpg?resize=350%2C200&ssl=1 1x, https:\/\/i0.wp.com\/yuri.com.br\/claudio\/wp-content\/uploads\/2012\/08\/multigraos1.jpg?resize=525%2C300&ssl=1 1.5x, https:\/\/i0.wp.com\/yuri.com.br\/claudio\/wp-content\/uploads\/2012\/08\/multigraos1.jpg?resize=700%2C400&ssl=1 2x"},"classes":[]},{"id":6039,"url":"https:\/\/yuri.com.br\/claudio\/2013\/11\/05\/torresmo-na-veia-e-climb-no-coracao\/","url_meta":{"origin":1302,"position":3},"title":"Torresmo na veia e climb no cora\u00e7\u00e3o","author":"claudio","date":"5\/nov\/2013","format":false,"excerpt":"Quando percebo que minhas roc-trips visam mais botequins do que pedras, ser\u00e1 que sou mais butequeiro do que escalador? Os vegetarianos que me desculpem pela foto \"x-rated\", mas o beta da vez vai pra esse que \u00e9 o melhor torresmo do ano, cujo corte especial inclui suculentos nacos de carne\u2026","rel":"","context":"Em &quot;'Baixa' Gastronomia&quot;","block_context":{"text":"'Baixa' Gastronomia","link":"https:\/\/yuri.com.br\/claudio\/category\/baixa-gastronomia\/"},"img":{"alt_text":"","src":"https:\/\/i0.wp.com\/yuri.com.br\/claudio\/wp-content\/uploads\/2013\/11\/bardamaria_torresmo.jpg?resize=350%2C200&ssl=1","width":350,"height":200,"srcset":"https:\/\/i0.wp.com\/yuri.com.br\/claudio\/wp-content\/uploads\/2013\/11\/bardamaria_torresmo.jpg?resize=350%2C200&ssl=1 1x, https:\/\/i0.wp.com\/yuri.com.br\/claudio\/wp-content\/uploads\/2013\/11\/bardamaria_torresmo.jpg?resize=525%2C300&ssl=1 1.5x, https:\/\/i0.wp.com\/yuri.com.br\/claudio\/wp-content\/uploads\/2013\/11\/bardamaria_torresmo.jpg?resize=700%2C400&ssl=1 2x"},"classes":[]},{"id":6470,"url":"https:\/\/yuri.com.br\/claudio\/2014\/01\/20\/macarrao-com-shitake\/","url_meta":{"origin":1302,"position":4},"title":"Macarr\u00e3o com shitake","author":"claudio","date":"20\/jan\/2014","format":false,"excerpt":"Fazendo jus \u00e0s minhas origens \u00edtalo-nip\u00f4nicas, aqui vai um sushi \u00e0 bolonhesa macarr\u00e3o com shitake e molho de miss\u00f4. Cogumelo e pasta de soja, duas excelentes fontes de prote\u00edna. Se em outra reencarna\u00e7\u00e3o (nunca nesta vida) eu for vegetariano, comeria essas del\u00edcias carnudas todo santo dia... Receita (2 por\u00e7\u00f5es) Prepare\u2026","rel":"","context":"Em &quot;'Baixa' Gastronomia&quot;","block_context":{"text":"'Baixa' Gastronomia","link":"https:\/\/yuri.com.br\/claudio\/category\/baixa-gastronomia\/"},"img":{"alt_text":"","src":"https:\/\/i0.wp.com\/yuri.com.br\/claudio\/wp-content\/uploads\/2014\/01\/macarraoshitake.jpg?resize=350%2C200&ssl=1","width":350,"height":200,"srcset":"https:\/\/i0.wp.com\/yuri.com.br\/claudio\/wp-content\/uploads\/2014\/01\/macarraoshitake.jpg?resize=350%2C200&ssl=1 1x, https:\/\/i0.wp.com\/yuri.com.br\/claudio\/wp-content\/uploads\/2014\/01\/macarraoshitake.jpg?resize=525%2C300&ssl=1 1.5x, https:\/\/i0.wp.com\/yuri.com.br\/claudio\/wp-content\/uploads\/2014\/01\/macarraoshitake.jpg?resize=700%2C400&ssl=1 2x"},"classes":[]},{"id":6396,"url":"https:\/\/yuri.com.br\/claudio\/2014\/01\/06\/ano-novo-irrigacao-nova\/","url_meta":{"origin":1302,"position":5},"title":"Ano novo, irriga\u00e7\u00e3o nova","author":"claudio","date":"6\/jan\/2014","format":false,"excerpt":"N\u00e3o poderia deixar de registrar o novo setup da horta... A irriga\u00e7\u00e3o por gotejamento permanece bastante satisfat\u00f3ria e agora tudo est\u00e1 automatizado por um controlador eletr\u00f4nico de v\u00e1lvulas solen\u00f3ide. Tive a sorte de receber o sistema de presente no ano passado mas s\u00f3 agora me dei o trabalho de instalar....\u2026","rel":"","context":"Em &quot;'Baixa' Gastronomia&quot;","block_context":{"text":"'Baixa' Gastronomia","link":"https:\/\/yuri.com.br\/claudio\/category\/baixa-gastronomia\/"},"img":{"alt_text":"","src":"https:\/\/i0.wp.com\/yuri.com.br\/claudio\/wp-content\/uploads\/2014\/01\/irrigacao2014.jpg?resize=350%2C200&ssl=1","width":350,"height":200,"srcset":"https:\/\/i0.wp.com\/yuri.com.br\/claudio\/wp-content\/uploads\/2014\/01\/irrigacao2014.jpg?resize=350%2C200&ssl=1 1x, https:\/\/i0.wp.com\/yuri.com.br\/claudio\/wp-content\/uploads\/2014\/01\/irrigacao2014.jpg?resize=525%2C300&ssl=1 1.5x, https:\/\/i0.wp.com\/yuri.com.br\/claudio\/wp-content\/uploads\/2014\/01\/irrigacao2014.jpg?resize=700%2C400&ssl=1 2x"},"classes":[]}],"_links":{"self":[{"href":"https:\/\/yuri.com.br\/claudio\/wp-json\/wp\/v2\/posts\/1302","targetHints":{"allow":["GET"]}}],"collection":[{"href":"https:\/\/yuri.com.br\/claudio\/wp-json\/wp\/v2\/posts"}],"about":[{"href":"https:\/\/yuri.com.br\/claudio\/wp-json\/wp\/v2\/types\/post"}],"author":[{"embeddable":true,"href":"https:\/\/yuri.com.br\/claudio\/wp-json\/wp\/v2\/users\/2"}],"replies":[{"embeddable":true,"href":"https:\/\/yuri.com.br\/claudio\/wp-json\/wp\/v2\/comments?post=1302"}],"version-history":[{"count":0,"href":"https:\/\/yuri.com.br\/claudio\/wp-json\/wp\/v2\/posts\/1302\/revisions"}],"wp:attachment":[{"href":"https:\/\/yuri.com.br\/claudio\/wp-json\/wp\/v2\/media?parent=1302"}],"wp:term":[{"taxonomy":"category","embeddable":true,"href":"https:\/\/yuri.com.br\/claudio\/wp-json\/wp\/v2\/categories?post=1302"},{"taxonomy":"post_tag","embeddable":true,"href":"https:\/\/yuri.com.br\/claudio\/wp-json\/wp\/v2\/tags?post=1302"}],"curies":[{"name":"wp","href":"https:\/\/api.w.org\/{rel}","templated":true}]}}