{"id":1236,"date":"2009-12-21T18:29:40","date_gmt":"2009-12-21T18:29:40","guid":{"rendered":"http:\/\/claudiobr.wordpress.com\/?p=1236"},"modified":"2009-12-21T18:29:40","modified_gmt":"2009-12-21T18:29:40","slug":"o-retorno-das-fotos-comentadas","status":"publish","type":"post","link":"https:\/\/yuri.com.br\/claudio\/2009\/12\/21\/o-retorno-das-fotos-comentadas\/","title":{"rendered":"O retorno das fotos comentadas"},"content":{"rendered":"<p style=\"text-align:justify;\">N\u00e3o, ainda n\u00e3o desisti desta <a href=\"http:\/\/claudiobr.wordpress.com\/?s=fotos+comentadas\" target=\"_blank\">id\u00e9ia<\/a>! Como houve algum retorno positivo, volto a compartilhar minhas experi\u00eancias fotogr\u00e1ficas. \u00c9 tudo uma quest\u00e3o de tempo para que eu possa escrever essas coisas&#8230;<\/p>\n<p><a href=\"http:\/\/www.flickr.com\/photos\/cbrisighello\/4088067628\/\"><img loading=\"lazy\" decoding=\"async\" class=\"aligncenter\" title=\"Clark no Rala Peito\" src=\"http:\/\/farm3.static.flickr.com\/2577\/4088067628_1d7d7f2f57.jpg\" alt=\"\" width=\"500\" height=\"333\" \/><\/a><\/p>\n<p><a href=\"http:\/\/www.flickr.com\/photos\/cbrisighello\/4088067628\/\"><\/a><a href=\"http:\/\/www.flickr.com\/photos\/cbrisighello\/2530581305\/\"><img loading=\"lazy\" decoding=\"async\" class=\"aligncenter\" title=\"Yuri no Rala Peito\" src=\"http:\/\/farm3.static.flickr.com\/2065\/2530581305_40fed8b6ef.jpg\" alt=\"\" width=\"500\" height=\"333\" \/><\/a><\/p>\n<p style=\"text-align:justify;\">As duas imagens acima mostram o mesmo local (o cl\u00e1ssico bloco do Rala Peito na Urca, RJ), em circunst\u00e2ncias similares de luz ambiente, e foram fotografadas com a mesma c\u00e2mera. Qual a diferen\u00e7a ent\u00e3o?<\/p>\n<p style=\"text-align:justify;\">Acertou quem pensou em um flash. Acertou mais ainda quem pensou em &#8220;<em>off-camera<\/em> flash&#8221;, ou seja, luz artificial auxiliar sendo gerada de fora da c\u00e2mera, mais precisamente na lateral esquerda da imagem, na altura do escalador. Um flash disparado a partir da c\u00e2mera iluminaria demais a \u00e1rvore, geraria sombras indesej\u00e1veis al\u00e9m de tirar um tom mais natural (afinal n\u00e3o enxergamos as coisas com uma luz solar saindo de nossas testas).<\/p>\n<p style=\"text-align:justify;\">Na 2a. imagem, para compensar a aus\u00eancia de flash e a pouca luz natural, foi for\u00e7ada a sensibilidade ISO, o que acaba gerando um efeito colateral ruim, que \u00e9 a granula\u00e7\u00e3o das tonalidades mais escuras. As poucas \u00e1reas de luz ficaram estouradas, evidenciando a dificuldade de se realizar uma composi\u00e7\u00e3o ampla (enquadrando o belo <em>shape<\/em> do bloco e o contexto dentro da floresta) , onde temos diferen\u00e7as de exposi\u00e7\u00e3o a partir de 2 <em>f-stops<\/em> dentro da mesma imagem. A\u00ed est\u00e1 um cen\u00e1rio de boa oportunidade para se explorar a luz auxiliar.<\/p>\n<p style=\"text-align:justify;\">Gostaria de estimular voc\u00eas a experimentarem este mundo \u00e0 parte. Uma \u00f3tima refer\u00eancia para come\u00e7ar, \u00e9 o blog &#8220;Strobist&#8221;, que possui um curso introdut\u00f3rio super f\u00e1cil de assimilar:<\/p>\n<p style=\"text-align:justify;\"><a href=\"http:\/\/strobist.blogspot.com\/2006\/03\/lighting-101.html\" target=\"_blank\">http:\/\/strobist.blogspot.com\/2006\/03\/lighting-101.html<\/a><\/p>\n<p style=\"text-align:justify;\">L\u00e1 voc\u00ea esclarecer\u00e1 poss\u00edveis d\u00favidas iniciais pairando na cabe\u00e7a agora: como a c\u00e2mera disparou o flash remotamente? Como vc fixou o flash no local desejado? Como equalizou a temperatura da luz artificial com a luz ambiente? Temperatura?<\/p>\n<p style=\"text-align:center;\"><a href=\"http:\/\/www.flickr.com\/photos\/cbrisighello\/3779258844\"><img loading=\"lazy\" decoding=\"async\" class=\"aligncenter\" title=\"Cesinha na 90\" src=\"http:\/\/farm4.static.flickr.com\/3437\/3779258844_c5075c8a6c.jpg\" alt=\"\" width=\"500\" height=\"333\" \/><\/a><em>Sem flashes, eu n\u00e3o conseguiria escurecer as partes &#8220;desinteressantes&#8221; desta foto<\/em><\/p>\n<p>Bons &#8220;clicks&#8221; a todos!<\/p>\n","protected":false},"excerpt":{"rendered":"<p>N\u00e3o, ainda n\u00e3o desisti desta id\u00e9ia! Como houve algum retorno positivo, volto a compartilhar minhas experi\u00eancias fotogr\u00e1ficas. \u00c9 tudo uma quest\u00e3o de tempo para que eu possa escrever essas coisas&#8230; As duas imagens acima mostram o mesmo local (o cl\u00e1ssico bloco do Rala Peito na Urca, RJ), em circunst\u00e2ncias similares de luz ambiente, e foram&hellip;&nbsp;<a href=\"https:\/\/yuri.com.br\/claudio\/2009\/12\/21\/o-retorno-das-fotos-comentadas\/\" rel=\"bookmark\">Continue a ler &raquo;<span class=\"screen-reader-text\">O retorno das fotos comentadas<\/span><\/a><\/p>\n","protected":false},"author":2,"featured_media":0,"comment_status":"open","ping_status":"open","sticky":false,"template":"","format":"standard","meta":{"neve_meta_sidebar":"","neve_meta_container":"","neve_meta_enable_content_width":"","neve_meta_content_width":0,"neve_meta_title_alignment":"","neve_meta_author_avatar":"","neve_post_elements_order":"","neve_meta_disable_header":"","neve_meta_disable_footer":"","neve_meta_disable_title":"","jetpack_post_was_ever_published":false,"_jetpack_newsletter_access":"","_jetpack_dont_email_post_to_subs":false,"_jetpack_newsletter_tier_id":0,"_jetpack_memberships_contains_paywalled_content":false,"_jetpack_memberships_contains_paid_content":false,"footnotes":"","jetpack_publicize_message":"","jetpack_publicize_feature_enabled":true,"jetpack_social_post_already_shared":false,"jetpack_social_options":{"image_generator_settings":{"template":"highway","default_image_id":0,"font":"","enabled":false},"version":2}},"categories":[3],"tags":[],"class_list":["post-1236","post","type-post","status-publish","format-standard","hentry","category-escalada"],"jetpack_publicize_connections":[],"jetpack_featured_media_url":"","jetpack_shortlink":"https:\/\/wp.me\/p4i7cB-jW","jetpack_sharing_enabled":true,"jetpack-related-posts":[{"id":458,"url":"https:\/\/yuri.com.br\/claudio\/2009\/03\/19\/algumas-fotos-recentes-comentadas\/","url_meta":{"origin":1236,"position":0},"title":"Algumas fotos recentes, comentadas","author":"claudio","date":"19\/mar\/2009","format":false,"excerpt":"Abaixo compartilho a concep\u00e7\u00e3o de algumas\u00a0fotos recentes: O bloco do \"Banana Amassada\" no Graja\u00fa\/RJ, fica no setor ao lado dos banheiros do parque, n\u00e3o exatamente o local mais bonito para uma foto. Fotografia \u00e9 luz, e ultimamente tenho experimentado a combina\u00e7\u00e3o de ilumina\u00e7\u00e3o artificial (flash) em plena luz do dia\u2026","rel":"","context":"Em &quot;Escalada&quot;","block_context":{"text":"Escalada","link":"https:\/\/yuri.com.br\/claudio\/category\/escalada\/"},"img":{"alt_text":"","src":"https:\/\/i0.wp.com\/farm4.static.flickr.com\/3585\/3320196043_a5fae6cc1e.jpg?resize=350%2C200","width":350,"height":200},"classes":[]},{"id":1175,"url":"https:\/\/yuri.com.br\/claudio\/2009\/11\/09\/la-vem-o-sol\/","url_meta":{"origin":1236,"position":1},"title":"L\u00e1 vem o sol","author":"claudio","date":"9\/nov\/2009","format":false,"excerpt":"Ainda n\u00e3o aclimatado com esse solz\u00e3o SINISTRO, vou me viciando nos ambientes refrigerados. Tenho um certo orgulho de viver num local onde rola caminhar at\u00e9 uns 5 cinemas diferentes em um raio de 500m. N\u00e3o costumo escrever sobre isso mas, como o filme foi ducaralho, fica aqui minha recomenda\u00e7\u00e3o: Bastardos\u2026","rel":"","context":"Em &quot;Escalada&quot;","block_context":{"text":"Escalada","link":"https:\/\/yuri.com.br\/claudio\/category\/escalada\/"},"img":{"alt_text":"","src":"https:\/\/i0.wp.com\/farm3.static.flickr.com\/2577\/4088067628_42b8bf2c47_o.jpg?resize=350%2C200","width":350,"height":200,"srcset":"https:\/\/i0.wp.com\/farm3.static.flickr.com\/2577\/4088067628_42b8bf2c47_o.jpg?resize=350%2C200 1x, https:\/\/i0.wp.com\/farm3.static.flickr.com\/2577\/4088067628_42b8bf2c47_o.jpg?resize=525%2C300 1.5x, https:\/\/i0.wp.com\/farm3.static.flickr.com\/2577\/4088067628_42b8bf2c47_o.jpg?resize=700%2C400 2x"},"classes":[]},{"id":531,"url":"https:\/\/yuri.com.br\/claudio\/2009\/03\/27\/mais-fotos-comentadas\/","url_meta":{"origin":1236,"position":2},"title":"Mais fotos comentadas","author":"claudio","date":"27\/mar\/2009","format":false,"excerpt":"Continuando com as fotos comentadas, ilustro abaixo mais 2 exemplos: (clique nas imagens para ampli\u00e1-las) Nesta foto o Cesinha est\u00e1 na 2a. de suas 3 entradas na via Coquetel de Energia, em um dia de *muita* chuva, ou seja, bem mais escuro do que j\u00e1 costuma ser no Campo Escola\u2026","rel":"","context":"Em &quot;Escalada&quot;","block_context":{"text":"Escalada","link":"https:\/\/yuri.com.br\/claudio\/category\/escalada\/"},"img":{"alt_text":"","src":"https:\/\/i0.wp.com\/farm4.static.flickr.com\/3004\/2797103658_64e24a0076_o.jpg?resize=350%2C200","width":350,"height":200},"classes":[]},{"id":8000,"url":"https:\/\/yuri.com.br\/claudio\/2014\/07\/16\/video-cruzeiro-ep-3\/","url_meta":{"origin":1236,"position":3},"title":"V\u00eddeo: Cruzeiro Ep.3","author":"Cl\u00e1udio Brisighello","date":"16\/jul\/2014","format":false,"excerpt":"Conforme prometido, aqui vai a \"overdose\" do 3\u00ba epis\u00f3dio da s\u00e9rie Cruzeiro! Aumentem o volume: Desta vez temos algumas linhas da galeria, um local que remete a um vale perdido, de beleza surreal. Ali \u00e9 mais frio e bastante escuro, \u00e9 bom levar uma headlamp, principalmente no Bola 7, linha\u2026","rel":"","context":"Em &quot;Escalada&quot;","block_context":{"text":"Escalada","link":"https:\/\/yuri.com.br\/claudio\/category\/escalada\/"},"img":{"alt_text":"","src":"https:\/\/i0.wp.com\/yuri.com.br\/claudio\/wp-content\/uploads\/2014\/07\/Vimeo1.jpg?resize=350%2C200&ssl=1","width":350,"height":200,"srcset":"https:\/\/i0.wp.com\/yuri.com.br\/claudio\/wp-content\/uploads\/2014\/07\/Vimeo1.jpg?resize=350%2C200&ssl=1 1x, https:\/\/i0.wp.com\/yuri.com.br\/claudio\/wp-content\/uploads\/2014\/07\/Vimeo1.jpg?resize=525%2C300&ssl=1 1.5x, https:\/\/i0.wp.com\/yuri.com.br\/claudio\/wp-content\/uploads\/2014\/07\/Vimeo1.jpg?resize=700%2C400&ssl=1 2x"},"classes":[]},{"id":1367,"url":"https:\/\/yuri.com.br\/claudio\/2010\/01\/04\/taquaril\/","url_meta":{"origin":1236,"position":4},"title":"Taquaril","author":"claudio","date":"4\/jan\/2010","format":false,"excerpt":"2009 terminou naquele esquema: trabalhei at\u00e9 as 7 da noite em plena v\u00e9spera de ano novo, e sa\u00ed correndo em busca da liberdade. At\u00e9 a\u00ed nenhuma novidade, n\u00e3o fosse o destino novo para mim - Taquaril - que fica um pouco depois de Petr\u00f3polis\/RJ, ou seja, pertinho e ideal para\u2026","rel":"","context":"Em &quot;Escalada&quot;","block_context":{"text":"Escalada","link":"https:\/\/yuri.com.br\/claudio\/category\/escalada\/"},"img":{"alt_text":"","src":"https:\/\/i0.wp.com\/yuri.com.br\/claudio\/wp-content\/uploads\/2010\/01\/taquaril_gentileza_byalice.jpg?resize=350%2C200&ssl=1","width":350,"height":200,"srcset":"https:\/\/i0.wp.com\/yuri.com.br\/claudio\/wp-content\/uploads\/2010\/01\/taquaril_gentileza_byalice.jpg?resize=350%2C200&ssl=1 1x, https:\/\/i0.wp.com\/yuri.com.br\/claudio\/wp-content\/uploads\/2010\/01\/taquaril_gentileza_byalice.jpg?resize=525%2C300&ssl=1 1.5x, https:\/\/i0.wp.com\/yuri.com.br\/claudio\/wp-content\/uploads\/2010\/01\/taquaril_gentileza_byalice.jpg?resize=700%2C400&ssl=1 2x"},"classes":[]},{"id":1473,"url":"https:\/\/yuri.com.br\/claudio\/2010\/02\/08\/easy-like-sunday-morning\/","url_meta":{"origin":1236,"position":5},"title":"Easy like sunday morning","author":"claudio","date":"8\/fev\/2010","format":false,"excerpt":"Desde o \u00ednicio do ano, ando um pouco ocupado nos finais de semana, viajando para tratar de uns assuntos pessoais... mas neste \u00faltimo domingo, criei vergonha na cara e acordei cedo pra encarar uma escaladinha sob um calor mais ameno. A primeira motiva\u00e7\u00e3o era o boulder Macumba, meu eterno projeto\u2026","rel":"","context":"Em &quot;'Baixa' Gastronomia&quot;","block_context":{"text":"'Baixa' Gastronomia","link":"https:\/\/yuri.com.br\/claudio\/category\/baixa-gastronomia\/"},"img":{"alt_text":"","src":"https:\/\/i0.wp.com\/yuri.com.br\/claudio\/wp-content\/uploads\/2010\/02\/urca_berlota_sequence_small.jpg?resize=350%2C200&ssl=1","width":350,"height":200,"srcset":"https:\/\/i0.wp.com\/yuri.com.br\/claudio\/wp-content\/uploads\/2010\/02\/urca_berlota_sequence_small.jpg?resize=350%2C200&ssl=1 1x, https:\/\/i0.wp.com\/yuri.com.br\/claudio\/wp-content\/uploads\/2010\/02\/urca_berlota_sequence_small.jpg?resize=525%2C300&ssl=1 1.5x, https:\/\/i0.wp.com\/yuri.com.br\/claudio\/wp-content\/uploads\/2010\/02\/urca_berlota_sequence_small.jpg?resize=700%2C400&ssl=1 2x"},"classes":[]}],"_links":{"self":[{"href":"https:\/\/yuri.com.br\/claudio\/wp-json\/wp\/v2\/posts\/1236","targetHints":{"allow":["GET"]}}],"collection":[{"href":"https:\/\/yuri.com.br\/claudio\/wp-json\/wp\/v2\/posts"}],"about":[{"href":"https:\/\/yuri.com.br\/claudio\/wp-json\/wp\/v2\/types\/post"}],"author":[{"embeddable":true,"href":"https:\/\/yuri.com.br\/claudio\/wp-json\/wp\/v2\/users\/2"}],"replies":[{"embeddable":true,"href":"https:\/\/yuri.com.br\/claudio\/wp-json\/wp\/v2\/comments?post=1236"}],"version-history":[{"count":0,"href":"https:\/\/yuri.com.br\/claudio\/wp-json\/wp\/v2\/posts\/1236\/revisions"}],"wp:attachment":[{"href":"https:\/\/yuri.com.br\/claudio\/wp-json\/wp\/v2\/media?parent=1236"}],"wp:term":[{"taxonomy":"category","embeddable":true,"href":"https:\/\/yuri.com.br\/claudio\/wp-json\/wp\/v2\/categories?post=1236"},{"taxonomy":"post_tag","embeddable":true,"href":"https:\/\/yuri.com.br\/claudio\/wp-json\/wp\/v2\/tags?post=1236"}],"curies":[{"name":"wp","href":"https:\/\/api.w.org\/{rel}","templated":true}]}}