{"id":1223,"date":"2009-12-08T18:47:10","date_gmt":"2009-12-08T18:47:10","guid":{"rendered":"http:\/\/claudiobr.wordpress.com\/?p=1223"},"modified":"2009-12-08T18:47:10","modified_gmt":"2009-12-08T18:47:10","slug":"home","status":"publish","type":"post","link":"https:\/\/yuri.com.br\/claudio\/2009\/12\/08\/home\/","title":{"rendered":"Home is where the heart is"},"content":{"rendered":"<p>Em tempo:<\/p>\n<p>&#8211; a torcida do meng\u00e3o realmente faz jus \u00e0 fama de maior do mundo :-)<\/p>\n<p>&#8211; Boulder Mix Brasil com o Felipinho: n\u00e3o lotou como merecia mas, quem foi se divertiu e escalou pacas! Pessoalmente, antes eu nunca havia escalado no muro da Patr\u00edcia a n\u00e3o ser em campeonatos (com isolamento). Foi maneiro! Fiz um r\u00e1pido registro: <a href=\"http:\/\/vimeo.com\/8057132\" target=\"_blank\">http:\/\/vimeo.com\/8057132<\/a><\/p>\n<p>&#8211; Bazar na Limite sabad\u00e3o. Boulders futuristas e tridimensionais a partir das 18, at\u00e9 21:30.<\/p>\n<p>&#8211; Sobre o t\u00edtulo do post, mais uma recomenda\u00e7\u00e3o de filminho: o desenho <a href=\"http:\/\/www.pixar.com\/featurefilms\/up\/\" target=\"_blank\">Up<\/a>, da Pixar. Uma melanc\u00f3lica e nost\u00e1lgica hist\u00f3ria de um velhinho que, prestes a ser levado ao asilo,\u00a0 parte para a aventura que sonhou com sua esposa desde pequeno &#8211; uma viagem at\u00e9 a America do Sul (mais precisamente ao Monte Roraima).\u00a0 Bem feito, divertido e comovente em seus valores&#8230;<\/p>\n<p><img loading=\"lazy\" decoding=\"async\" data-attachment-id=\"1222\" data-permalink=\"https:\/\/yuri.com.br\/claudio\/2009\/12\/08\/home\/up\/\" data-orig-file=\"https:\/\/yuri.com.br\/claudio\/wp-content\/uploads\/2009\/12\/up.jpg\" data-orig-size=\"531,309\" data-comments-opened=\"1\" data-image-meta=\"{&quot;aperture&quot;:&quot;0&quot;,&quot;credit&quot;:&quot;&quot;,&quot;camera&quot;:&quot;&quot;,&quot;caption&quot;:&quot;&quot;,&quot;created_timestamp&quot;:&quot;0&quot;,&quot;copyright&quot;:&quot;&quot;,&quot;focal_length&quot;:&quot;0&quot;,&quot;iso&quot;:&quot;0&quot;,&quot;shutter_speed&quot;:&quot;0&quot;,&quot;title&quot;:&quot;&quot;}\" data-image-title=\"Up\" data-image-description=\"\" data-image-caption=\"\" data-medium-file=\"https:\/\/yuri.com.br\/claudio\/wp-content\/uploads\/2009\/12\/up-300x174.jpg\" data-large-file=\"https:\/\/yuri.com.br\/claudio\/wp-content\/uploads\/2009\/12\/up.jpg\" class=\"aligncenter size-full wp-image-1222\" title=\"Up\" src=\"http:\/\/yuri.com.br\/claudio\/wp-content\/uploads\/2009\/12\/up.jpg\" alt=\"\" width=\"531\" height=\"309\" srcset=\"https:\/\/yuri.com.br\/claudio\/wp-content\/uploads\/2009\/12\/up.jpg 531w, https:\/\/yuri.com.br\/claudio\/wp-content\/uploads\/2009\/12\/up-300x174.jpg 300w, https:\/\/yuri.com.br\/claudio\/wp-content\/uploads\/2009\/12\/up-210x122.jpg 210w\" sizes=\"auto, (max-width: 531px) 100vw, 531px\" \/><\/p>\n","protected":false},"excerpt":{"rendered":"<p>Em tempo: &#8211; a torcida do meng\u00e3o realmente faz jus \u00e0 fama de maior do mundo :-) &#8211; Boulder Mix Brasil com o Felipinho: n\u00e3o lotou como merecia mas, quem foi se divertiu e escalou pacas! Pessoalmente, antes eu nunca havia escalado no muro da Patr\u00edcia a n\u00e3o ser em campeonatos (com isolamento). Foi maneiro!&hellip;&nbsp;<a href=\"https:\/\/yuri.com.br\/claudio\/2009\/12\/08\/home\/\" rel=\"bookmark\">Continue a ler &raquo;<span class=\"screen-reader-text\">Home is where the heart is<\/span><\/a><\/p>\n","protected":false},"author":2,"featured_media":1222,"comment_status":"open","ping_status":"open","sticky":false,"template":"","format":"standard","meta":{"neve_meta_sidebar":"","neve_meta_container":"","neve_meta_enable_content_width":"","neve_meta_content_width":0,"neve_meta_title_alignment":"","neve_meta_author_avatar":"","neve_post_elements_order":"","neve_meta_disable_header":"","neve_meta_disable_footer":"","neve_meta_disable_title":"","jetpack_post_was_ever_published":false,"_jetpack_newsletter_access":"","_jetpack_dont_email_post_to_subs":false,"_jetpack_newsletter_tier_id":0,"_jetpack_memberships_contains_paywalled_content":false,"_jetpack_memberships_contains_paid_content":false,"footnotes":"","jetpack_publicize_message":"","jetpack_publicize_feature_enabled":true,"jetpack_social_post_already_shared":false,"jetpack_social_options":{"image_generator_settings":{"template":"highway","default_image_id":0,"font":"","enabled":false},"version":2}},"categories":[3],"tags":[],"class_list":["post-1223","post","type-post","status-publish","format-standard","has-post-thumbnail","hentry","category-escalada"],"jetpack_publicize_connections":[],"jetpack_featured_media_url":"https:\/\/yuri.com.br\/claudio\/wp-content\/uploads\/2009\/12\/up.jpg","jetpack_shortlink":"https:\/\/wp.me\/s4i7cB-home","jetpack_sharing_enabled":true,"jetpack-related-posts":[{"id":313,"url":"https:\/\/yuri.com.br\/claudio\/2008\/12\/03\/bazar-de-natal-da-limite-vertical-2008\/","url_meta":{"origin":1223,"position":0},"title":"Bazar de Natal da Limite Vertical 2008","author":"claudio","date":"3\/dez\/2008","format":false,"excerpt":"Divulgando: ps: o v\u00eddeo, os boulders e a discotecagem do dia ser\u00e3o por minha conta! (gde m**rda, mas COMPARE\u00c7AM!!! :-)) A Limite Vertical tem o prazer de apresentar o seu 1o. Bazar de Natal! Se voc\u00ea precisa comprar presentes para os amigos escaladores (e n\u00e3o escaladores tamb\u00e9m!), esta \u00e9 a\u2026","rel":"","context":"Em &quot;Escalada&quot;","block_context":{"text":"Escalada","link":"https:\/\/yuri.com.br\/claudio\/category\/escalada\/"},"img":{"alt_text":"","src":"https:\/\/i0.wp.com\/yuri.com.br\/claudio\/wp-content\/uploads\/2008\/12\/bazar_internet.jpg?resize=350%2C200&ssl=1","width":350,"height":200,"srcset":"https:\/\/i0.wp.com\/yuri.com.br\/claudio\/wp-content\/uploads\/2008\/12\/bazar_internet.jpg?resize=350%2C200&ssl=1 1x, https:\/\/i0.wp.com\/yuri.com.br\/claudio\/wp-content\/uploads\/2008\/12\/bazar_internet.jpg?resize=525%2C300&ssl=1 1.5x, https:\/\/i0.wp.com\/yuri.com.br\/claudio\/wp-content\/uploads\/2008\/12\/bazar_internet.jpg?resize=700%2C400&ssl=1 2x"},"classes":[]},{"id":247,"url":"https:\/\/yuri.com.br\/claudio\/2008\/09\/29\/banff-2008-mostra-internacional-de-filmes-de-montanha\/","url_meta":{"origin":1223,"position":1},"title":"BANFF 2008 &#8211; Mostra Internacional de Filmes de Montanha","author":"claudio","date":"29\/set\/2008","format":false,"excerpt":"Acontece neste m\u00eas de outubro, a 7a. Mostra Internacional de Filmes de Montanha (Banff). Conforme edi\u00e7\u00f5es anteriores, a exibi\u00e7\u00e3o ser\u00e1 no belo e hist\u00f3rico Cine Odeon, no Rio de Janeiro. Como sempre, muitas cenas de a\u00e7\u00e3o, adrenalina, natureza, conscientiza\u00e7\u00e3o, etc! Fique antenado no site oficial para detalhes da programa\u00e7\u00e3o, que\u2026","rel":"","context":"Em &quot;Escalada&quot;","block_context":{"text":"Escalada","link":"https:\/\/yuri.com.br\/claudio\/category\/escalada\/"},"img":{"alt_text":"","src":"https:\/\/i0.wp.com\/escaladabrasil.com\/yuri\/BANFF-Uruca.jpg?resize=350%2C200","width":350,"height":200,"srcset":"https:\/\/i0.wp.com\/escaladabrasil.com\/yuri\/BANFF-Uruca.jpg?resize=350%2C200 1x, https:\/\/i0.wp.com\/escaladabrasil.com\/yuri\/BANFF-Uruca.jpg?resize=525%2C300 1.5x"},"classes":[]},{"id":4755,"url":"https:\/\/yuri.com.br\/claudio\/2013\/03\/19\/base-arrumaitor-tabajara\/","url_meta":{"origin":1223,"position":2},"title":"Base Arrumaitor Tabajara","author":"claudio","date":"19\/mar\/2013","format":false,"excerpt":"Base de boulder \u00e9 assunto s\u00e9rio. A radioscopia abaixo me ajuda a argumentar: foi causada por uma queda relativamente baixa (cerca de 3m) de p\u00e9 em cima de crashpad, sobre um ch\u00e3o plano, com poucos e discretos bicos de pedra salientes. Al\u00e9m dos 5 pinos no tornozelo, fissurei 2 v\u00e9rtebras.\u2026","rel":"","context":"Em &quot;Escalada&quot;","block_context":{"text":"Escalada","link":"https:\/\/yuri.com.br\/claudio\/category\/escalada\/"},"img":{"alt_text":"","src":"https:\/\/i0.wp.com\/yuri.com.br\/claudio\/wp-content\/uploads\/2013\/03\/catraca.jpg?resize=350%2C200&ssl=1","width":350,"height":200,"srcset":"https:\/\/i0.wp.com\/yuri.com.br\/claudio\/wp-content\/uploads\/2013\/03\/catraca.jpg?resize=350%2C200&ssl=1 1x, https:\/\/i0.wp.com\/yuri.com.br\/claudio\/wp-content\/uploads\/2013\/03\/catraca.jpg?resize=525%2C300&ssl=1 1.5x, https:\/\/i0.wp.com\/yuri.com.br\/claudio\/wp-content\/uploads\/2013\/03\/catraca.jpg?resize=700%2C400&ssl=1 2x"},"classes":[]},{"id":1000,"url":"https:\/\/yuri.com.br\/claudio\/2009\/08\/24\/itajuba-festival-do-sul-de-minas\/","url_meta":{"origin":1223,"position":3},"title":"Itajub\u00e1 &#8211; Festival do Sul de Minas","author":"claudio","date":"24\/ago\/2009","format":false,"excerpt":"Neste \u00faltimo fds, mais uma viagem maneira, desta vez fomos respirar os ares do sul de minas e prestigiar o festival anual que rola em Itajub\u00e1. Felizmente, S\u00e3o Pedro colaborou abrindo uma janela no meio dessa frente fria molhada! Foi apenas a minha 3a. visita, mas cada ida tem servido\u2026","rel":"","context":"Em &quot;Escalada&quot;","block_context":{"text":"Escalada","link":"https:\/\/yuri.com.br\/claudio\/category\/escalada\/"},"img":{"alt_text":"","src":"https:\/\/i0.wp.com\/yuri.com.br\/claudio\/wp-content\/uploads\/2009\/08\/itajuba_paraiso_psyco_claud.jpg?resize=350%2C200&ssl=1","width":350,"height":200,"srcset":"https:\/\/i0.wp.com\/yuri.com.br\/claudio\/wp-content\/uploads\/2009\/08\/itajuba_paraiso_psyco_claud.jpg?resize=350%2C200&ssl=1 1x, https:\/\/i0.wp.com\/yuri.com.br\/claudio\/wp-content\/uploads\/2009\/08\/itajuba_paraiso_psyco_claud.jpg?resize=525%2C300&ssl=1 1.5x"},"classes":[]},{"id":930,"url":"https:\/\/yuri.com.br\/claudio\/2009\/08\/06\/escalada-cafe-coming-soon\/","url_meta":{"origin":1223,"position":4},"title":"Escalada Caf\u00e9 &#8211; coming soon&#8230;","author":"claudio","date":"6\/ago\/2009","format":false,"excerpt":"Em breve, mais novidades no site... Por hora, gostaria de aproveitar e compartilhar um depoimento gratuito e muito bacana por parte do Neudson: http:\/\/www.descedaidoido.com.br\/2009\/08\/05\/participe-do-escalada-cafe E se eu n\u00e3o postar at\u00e9 amanh\u00e3... feliz dia dos pais a todos! papai, uns 70 anos atr\u00e1s, muito antes do dia em que dan\u00e7ou com\u2026","rel":"","context":"Em &quot;Escalada&quot;","block_context":{"text":"Escalada","link":"https:\/\/yuri.com.br\/claudio\/category\/escalada\/"},"img":{"alt_text":"Meu pai","src":"https:\/\/i0.wp.com\/yuri.com.br\/claudio\/wp-content\/uploads\/2009\/08\/147924623.jpg?resize=350%2C200","width":350,"height":200},"classes":[]},{"id":1573,"url":"https:\/\/yuri.com.br\/claudio\/2010\/02\/25\/centro-de-escalada-jpa\/","url_meta":{"origin":1223,"position":5},"title":"Centro de Escalada JPA","author":"claudio","date":"25\/fev\/2010","format":false,"excerpt":"Estive esses dias no novo \"Centro de Escalada JPA\", na zona oeste do Rio. Que eu me lembre, a \u00faltima vez que a regi\u00e3o contou com um muro decente aberto ao p\u00fablico foi em 2005, no extinto muro do Juba, velhos tempos... Eu (rec\u00e9m mudado ao RJ), Caio (pra variar\u2026","rel":"","context":"Em &quot;Escalada&quot;","block_context":{"text":"Escalada","link":"https:\/\/yuri.com.br\/claudio\/category\/escalada\/"},"img":{"alt_text":"","src":"https:\/\/i0.wp.com\/yuri.com.br\/claudio\/wp-content\/uploads\/2010\/02\/escaladabr_2.jpg?resize=350%2C200&ssl=1","width":350,"height":200,"srcset":"https:\/\/i0.wp.com\/yuri.com.br\/claudio\/wp-content\/uploads\/2010\/02\/escaladabr_2.jpg?resize=350%2C200&ssl=1 1x, https:\/\/i0.wp.com\/yuri.com.br\/claudio\/wp-content\/uploads\/2010\/02\/escaladabr_2.jpg?resize=525%2C300&ssl=1 1.5x"},"classes":[]}],"_links":{"self":[{"href":"https:\/\/yuri.com.br\/claudio\/wp-json\/wp\/v2\/posts\/1223","targetHints":{"allow":["GET"]}}],"collection":[{"href":"https:\/\/yuri.com.br\/claudio\/wp-json\/wp\/v2\/posts"}],"about":[{"href":"https:\/\/yuri.com.br\/claudio\/wp-json\/wp\/v2\/types\/post"}],"author":[{"embeddable":true,"href":"https:\/\/yuri.com.br\/claudio\/wp-json\/wp\/v2\/users\/2"}],"replies":[{"embeddable":true,"href":"https:\/\/yuri.com.br\/claudio\/wp-json\/wp\/v2\/comments?post=1223"}],"version-history":[{"count":0,"href":"https:\/\/yuri.com.br\/claudio\/wp-json\/wp\/v2\/posts\/1223\/revisions"}],"wp:featuredmedia":[{"embeddable":true,"href":"https:\/\/yuri.com.br\/claudio\/wp-json\/wp\/v2\/media\/1222"}],"wp:attachment":[{"href":"https:\/\/yuri.com.br\/claudio\/wp-json\/wp\/v2\/media?parent=1223"}],"wp:term":[{"taxonomy":"category","embeddable":true,"href":"https:\/\/yuri.com.br\/claudio\/wp-json\/wp\/v2\/categories?post=1223"},{"taxonomy":"post_tag","embeddable":true,"href":"https:\/\/yuri.com.br\/claudio\/wp-json\/wp\/v2\/tags?post=1223"}],"curies":[{"name":"wp","href":"https:\/\/api.w.org\/{rel}","templated":true}]}}