{"id":1200,"date":"2009-11-19T19:33:29","date_gmt":"2009-11-19T19:33:29","guid":{"rendered":"http:\/\/claudiobr.wordpress.com\/?p=1200"},"modified":"2009-11-19T19:33:29","modified_gmt":"2009-11-19T19:33:29","slug":"video","status":"publish","type":"post","link":"https:\/\/yuri.com.br\/claudio\/2009\/11\/19\/video\/","title":{"rendered":"V\u00eddeo"},"content":{"rendered":"<p style=\"text-align:center;\"><div class=\"nv-iframe-embed\"><div class=\"embed-vimeo\" style=\"text-align: center;\"><iframe loading=\"lazy\" src=\"https:\/\/player.vimeo.com\/video\/7708861\" width=\"700\" height=\"394\" frameborder=\"0\" webkitallowfullscreen mozallowfullscreen allowfullscreen><\/iframe><\/div><\/div>\n<p style=\"text-align:center;\"><em>Edi\u00e7\u00e3o r\u00e1pida do \u00faltimo domingo em Itacoatiara (filmado com a <a href=\"http:\/\/www.flickr.com\/photos\/cbrisighello\/4095797495\/\" target=\"_blank\">7D<\/a>)<\/em><\/p>\n","protected":false},"excerpt":{"rendered":"<p>Edi\u00e7\u00e3o r\u00e1pida do \u00faltimo domingo em Itacoatiara (filmado com a 7D)<\/p>\n","protected":false},"author":2,"featured_media":0,"comment_status":"open","ping_status":"open","sticky":false,"template":"","format":"standard","meta":{"neve_meta_sidebar":"","neve_meta_container":"","neve_meta_enable_content_width":"","neve_meta_content_width":0,"neve_meta_title_alignment":"","neve_meta_author_avatar":"","neve_post_elements_order":"","neve_meta_disable_header":"","neve_meta_disable_footer":"","neve_meta_disable_title":"","jetpack_post_was_ever_published":false,"_jetpack_newsletter_access":"","_jetpack_dont_email_post_to_subs":false,"_jetpack_newsletter_tier_id":0,"_jetpack_memberships_contains_paywalled_content":false,"_jetpack_memberships_contains_paid_content":false,"footnotes":"","jetpack_publicize_message":"","jetpack_publicize_feature_enabled":true,"jetpack_social_post_already_shared":false,"jetpack_social_options":{"image_generator_settings":{"template":"highway","default_image_id":0,"font":"","enabled":false},"version":2}},"categories":[3],"tags":[],"class_list":["post-1200","post","type-post","status-publish","format-standard","hentry","category-escalada"],"jetpack_publicize_connections":[],"jetpack_featured_media_url":"","jetpack_shortlink":"https:\/\/wp.me\/s4i7cB-video","jetpack_sharing_enabled":true,"jetpack-related-posts":[{"id":2323,"url":"https:\/\/yuri.com.br\/claudio\/2010\/06\/28\/video-do-la-ola\/","url_meta":{"origin":1200,"position":0},"title":"V\u00eddeo do La Ola","author":"claudio","date":"28\/jun\/2010","format":false,"excerpt":"Pra quem ainda n\u00e3o viu, segue o \"mini-curta\" que fiz do Caio liberando o La Ola V12 em Itacoatiara. Foi bom voltar a filmar com a 7D, ainda mais nesta ocasi\u00e3o especial, que coincidiu com meu breve retorno ao Rio. Valeu!","rel":"","context":"Em &quot;Escalada&quot;","block_context":{"text":"Escalada","link":"https:\/\/yuri.com.br\/claudio\/category\/escalada\/"},"img":{"alt_text":"","src":"","width":0,"height":0},"classes":[]},{"id":1181,"url":"https:\/\/yuri.com.br\/claudio\/2009\/11\/16\/camera-nova\/","url_meta":{"origin":1200,"position":1},"title":"C\u00e2mera nova","author":"claudio","date":"16\/nov\/2009","format":false,"excerpt":"Na semana passada, chegou um equipo novo por aqui, a \"7D\". Minha trajet\u00f3ria em c\u00e2meras fotogr\u00e1ficas (todas Canon) pode ser resumida em apenas 3 est\u00e1gios: iniciei com uma SLR do meu pai, e nunca me esquecerei da sensibilidade de um bom filme cromo (ex: Fuji Velvia 100). Em seguida, veio\u2026","rel":"","context":"Em &quot;Escalada&quot;","block_context":{"text":"Escalada","link":"https:\/\/yuri.com.br\/claudio\/category\/escalada\/"},"img":{"alt_text":"","src":"https:\/\/i0.wp.com\/yuri.com.br\/claudio\/wp-content\/uploads\/2009\/11\/anabanana.jpg?resize=350%2C200&ssl=1","width":350,"height":200,"srcset":"https:\/\/i0.wp.com\/yuri.com.br\/claudio\/wp-content\/uploads\/2009\/11\/anabanana.jpg?resize=350%2C200&ssl=1 1x, https:\/\/i0.wp.com\/yuri.com.br\/claudio\/wp-content\/uploads\/2009\/11\/anabanana.jpg?resize=525%2C300&ssl=1 1.5x, https:\/\/i0.wp.com\/yuri.com.br\/claudio\/wp-content\/uploads\/2009\/11\/anabanana.jpg?resize=700%2C400&ssl=1 2x"},"classes":[]},{"id":449,"url":"https:\/\/yuri.com.br\/claudio\/2009\/03\/02\/pracinha-de-itacoatiara-video\/","url_meta":{"origin":1200,"position":2},"title":"Pracinha de Itacoatiara &#8211; v\u00eddeo","author":"claudio","date":"2\/mar\/2009","format":false,"excerpt":"Editei mais um \"clipezinho\" recente, desta vez da ador\u00e1vel Pracinha de Itacoatiara, em Niter\u00f3i\/RJ. Trata-se de uma pra\u00e7a cheia de blocos de granito, literalmente. Localizada em um bairro\u00a0praiano residencial super tranquilo, a sensa\u00e7\u00e3o \u00e9 de escalada urbana com a maior paz que se pode ter. Praticamente estaciona-se ao lado dos\u2026","rel":"","context":"Em &quot;Escalada&quot;","block_context":{"text":"Escalada","link":"https:\/\/yuri.com.br\/claudio\/category\/escalada\/"},"img":{"alt_text":"","src":"","width":0,"height":0},"classes":[]},{"id":3145,"url":"https:\/\/yuri.com.br\/claudio\/2011\/10\/24\/video-sumba-boulder-2011\/","url_meta":{"origin":1200,"position":3},"title":"V\u00eddeo: Sumba Boulder 2011","author":"claudio","date":"24\/out\/2011","format":false,"excerpt":"T\u00e1 no ar o v\u00eddeo do Sumba Boulder 2011: Aos poucos vamos aprendendo... tive poucas experi\u00eancias de cobrir algo desse porte, o \u00faltimo que me vem \u00e0 mente foi o saudoso Bazar da Limite, bem menor. Mas foi \u00f3timo poder \"desenferrujar\" um pouco o modo v\u00eddeo da 7D... no fim,\u2026","rel":"","context":"Em &quot;Escalada&quot;","block_context":{"text":"Escalada","link":"https:\/\/yuri.com.br\/claudio\/category\/escalada\/"},"img":{"alt_text":"","src":"","width":0,"height":0},"classes":[]},{"id":3746,"url":"https:\/\/yuri.com.br\/claudio\/2012\/06\/16\/tum-aguiar\/","url_meta":{"origin":1200,"position":4},"title":"Tum Aguiar","author":"claudio","date":"16\/jun\/2012","format":false,"excerpt":"E aqui vai o pequeno v\u00eddeo desta grande acrobata do tecido a\u00e9reo (ela n\u00e3o gosta que fale mas ouvi dizer que \u00e9 uma das melhores do Brasil :-), a Tum Aguiar em um belo local escondido no bairro do Quilombo. As imagens foram captadas por uma Canon 7D com 2\u2026","rel":"","context":"Em &quot;Outros&quot;","block_context":{"text":"Outros","link":"https:\/\/yuri.com.br\/claudio\/category\/outros\/"},"img":{"alt_text":"","src":"","width":0,"height":0},"classes":[]},{"id":649,"url":"https:\/\/yuri.com.br\/claudio\/2009\/04\/29\/curtapromo-cesinha\/","url_meta":{"origin":1200,"position":5},"title":"Curta\/promo Cesinha","author":"claudio","date":"29\/abr\/2009","format":false,"excerpt":"Domingo fomos \u00e0 Urca em dia de ATM e\u00a0 levamos uma c\u00e2mera para divulgar as rifas do Cesinha, cuja edi\u00e7\u00e3o r\u00e1pida segue abaixo: Se vc est\u00e1 lendo isso aqui, compre pelo menos um n\u00famero da rifa. Tenho certeza que 10 reais n\u00e3o ir\u00e3o te fazer passar fome, e s\u00e3o v\u00e1rios\u2026","rel":"","context":"Em &quot;Escalada&quot;","block_context":{"text":"Escalada","link":"https:\/\/yuri.com.br\/claudio\/category\/escalada\/"},"img":{"alt_text":"","src":"","width":0,"height":0},"classes":[]}],"_links":{"self":[{"href":"https:\/\/yuri.com.br\/claudio\/wp-json\/wp\/v2\/posts\/1200","targetHints":{"allow":["GET"]}}],"collection":[{"href":"https:\/\/yuri.com.br\/claudio\/wp-json\/wp\/v2\/posts"}],"about":[{"href":"https:\/\/yuri.com.br\/claudio\/wp-json\/wp\/v2\/types\/post"}],"author":[{"embeddable":true,"href":"https:\/\/yuri.com.br\/claudio\/wp-json\/wp\/v2\/users\/2"}],"replies":[{"embeddable":true,"href":"https:\/\/yuri.com.br\/claudio\/wp-json\/wp\/v2\/comments?post=1200"}],"version-history":[{"count":0,"href":"https:\/\/yuri.com.br\/claudio\/wp-json\/wp\/v2\/posts\/1200\/revisions"}],"wp:attachment":[{"href":"https:\/\/yuri.com.br\/claudio\/wp-json\/wp\/v2\/media?parent=1200"}],"wp:term":[{"taxonomy":"category","embeddable":true,"href":"https:\/\/yuri.com.br\/claudio\/wp-json\/wp\/v2\/categories?post=1200"},{"taxonomy":"post_tag","embeddable":true,"href":"https:\/\/yuri.com.br\/claudio\/wp-json\/wp\/v2\/tags?post=1200"}],"curies":[{"name":"wp","href":"https:\/\/api.w.org\/{rel}","templated":true}]}}