{"id":1181,"date":"2009-11-16T16:51:12","date_gmt":"2009-11-16T16:51:12","guid":{"rendered":"http:\/\/claudiobr.wordpress.com\/?p=1181"},"modified":"2009-11-16T16:51:12","modified_gmt":"2009-11-16T16:51:12","slug":"camera-nova","status":"publish","type":"post","link":"https:\/\/yuri.com.br\/claudio\/2009\/11\/16\/camera-nova\/","title":{"rendered":"C\u00e2mera nova"},"content":{"rendered":"<p>Na semana passada, chegou um equipo novo por aqui, a &#8220;<a href=\"http:\/\/www.flickr.com\/photos\/cbrisighello\/4095797495\/\" target=\"_blank\">7D<\/a>&#8220;. Minha trajet\u00f3ria em c\u00e2meras fotogr\u00e1ficas (todas Canon) pode ser resumida em apenas 3 est\u00e1gios: iniciei com uma SLR do meu pai, e nunca me esquecerei da sensibilidade de um bom filme cromo (ex: Fuji Velvia 100). Em seguida, veio a 350D, minha primeira DSLR, que comprei usada no Mercado Livre. Com isso, n\u00e3o precisava mais revelar filmes, podia tirar centenas de fotos, analisar imediatamente, apagar, tentar de novo&#8230; enfim, a revolu\u00e7\u00e3o digital transformou completamente essa arte. Algo como trocar o pincel por um mouse. Hoje, filmadoras digitais de \u00faltima gera\u00e7\u00e3o e c\u00e2meras fotogr\u00e1ficas est\u00e3o convergindo cada vez mais, e um dos resultados disso \u00e9 a Canon 7D:<\/p>\n<p style=\"text-align:center;\"><img loading=\"lazy\" decoding=\"async\" data-attachment-id=\"1182\" data-permalink=\"https:\/\/yuri.com.br\/claudio\/2009\/11\/16\/camera-nova\/anabanana\/\" data-orig-file=\"https:\/\/yuri.com.br\/claudio\/wp-content\/uploads\/2009\/11\/anabanana.jpg\" data-orig-size=\"1024,666\" data-comments-opened=\"1\" data-image-meta=\"{&quot;aperture&quot;:&quot;0&quot;,&quot;credit&quot;:&quot;&quot;,&quot;camera&quot;:&quot;&quot;,&quot;caption&quot;:&quot;&quot;,&quot;created_timestamp&quot;:&quot;0&quot;,&quot;copyright&quot;:&quot;&quot;,&quot;focal_length&quot;:&quot;0&quot;,&quot;iso&quot;:&quot;0&quot;,&quot;shutter_speed&quot;:&quot;0&quot;,&quot;title&quot;:&quot;&quot;}\" data-image-title=\"Ana Alvarenga\" data-image-description=\"\" data-image-caption=\"\" data-medium-file=\"https:\/\/yuri.com.br\/claudio\/wp-content\/uploads\/2009\/11\/anabanana-300x195.jpg\" data-large-file=\"https:\/\/yuri.com.br\/claudio\/wp-content\/uploads\/2009\/11\/anabanana.jpg\" class=\"aligncenter size-full wp-image-1182\" title=\"Ana Alvarenga\" src=\"http:\/\/yuri.com.br\/claudio\/wp-content\/uploads\/2009\/11\/anabanana.jpg\" alt=\"Ana Alvarenga\" width=\"634\" height=\"412\" srcset=\"https:\/\/yuri.com.br\/claudio\/wp-content\/uploads\/2009\/11\/anabanana.jpg 1024w, https:\/\/yuri.com.br\/claudio\/wp-content\/uploads\/2009\/11\/anabanana-300x195.jpg 300w, https:\/\/yuri.com.br\/claudio\/wp-content\/uploads\/2009\/11\/anabanana-210x136.jpg 210w\" sizes=\"auto, (max-width: 634px) 100vw, 634px\" \/><em>Frame n\u00e3o editado da Ana Alvarenga em seu FA, na orla pr\u00f3xima ao Bananal\/Itacoatiara<\/em><\/p>\n<p>Vou procurar registrar um pouco das experi\u00eancias iniciais filmando com a 7D, pra quem n\u00e3o tiver saco de ficar pesquisando em forum gringo. Existe uma grande e cara quantidade de acess\u00f3rios para quem deseja filmar decentemente com uma DSLR, mas depois eu falo melhor a respeito.<\/p>\n<p>Boa semana a todos!<\/p>\n","protected":false},"excerpt":{"rendered":"<p>Na semana passada, chegou um equipo novo por aqui, a &#8220;7D&#8220;. Minha trajet\u00f3ria em c\u00e2meras fotogr\u00e1ficas (todas Canon) pode ser resumida em apenas 3 est\u00e1gios: iniciei com uma SLR do meu pai, e nunca me esquecerei da sensibilidade de um bom filme cromo (ex: Fuji Velvia 100). Em seguida, veio a 350D, minha primeira DSLR,&hellip;&nbsp;<a href=\"https:\/\/yuri.com.br\/claudio\/2009\/11\/16\/camera-nova\/\" rel=\"bookmark\">Continue a ler &raquo;<span class=\"screen-reader-text\">C\u00e2mera nova<\/span><\/a><\/p>\n","protected":false},"author":2,"featured_media":1182,"comment_status":"open","ping_status":"open","sticky":false,"template":"","format":"standard","meta":{"neve_meta_sidebar":"","neve_meta_container":"","neve_meta_enable_content_width":"","neve_meta_content_width":0,"neve_meta_title_alignment":"","neve_meta_author_avatar":"","neve_post_elements_order":"","neve_meta_disable_header":"","neve_meta_disable_footer":"","neve_meta_disable_title":"","jetpack_post_was_ever_published":false,"_jetpack_newsletter_access":"","_jetpack_dont_email_post_to_subs":false,"_jetpack_newsletter_tier_id":0,"_jetpack_memberships_contains_paywalled_content":false,"_jetpack_memberships_contains_paid_content":false,"footnotes":"","jetpack_publicize_message":"","jetpack_publicize_feature_enabled":true,"jetpack_social_post_already_shared":false,"jetpack_social_options":{"image_generator_settings":{"template":"highway","default_image_id":0,"font":"","enabled":false},"version":2}},"categories":[3],"tags":[22],"class_list":["post-1181","post","type-post","status-publish","format-standard","has-post-thumbnail","hentry","category-escalada","tag-7d"],"jetpack_publicize_connections":[],"jetpack_featured_media_url":"https:\/\/yuri.com.br\/claudio\/wp-content\/uploads\/2009\/11\/anabanana.jpg","jetpack_shortlink":"https:\/\/wp.me\/p4i7cB-j3","jetpack_sharing_enabled":true,"jetpack-related-posts":[{"id":3746,"url":"https:\/\/yuri.com.br\/claudio\/2012\/06\/16\/tum-aguiar\/","url_meta":{"origin":1181,"position":0},"title":"Tum Aguiar","author":"claudio","date":"16\/jun\/2012","format":false,"excerpt":"E aqui vai o pequeno v\u00eddeo desta grande acrobata do tecido a\u00e9reo (ela n\u00e3o gosta que fale mas ouvi dizer que \u00e9 uma das melhores do Brasil :-), a Tum Aguiar em um belo local escondido no bairro do Quilombo. As imagens foram captadas por uma Canon 7D com 2\u2026","rel":"","context":"Em &quot;Outros&quot;","block_context":{"text":"Outros","link":"https:\/\/yuri.com.br\/claudio\/category\/outros\/"},"img":{"alt_text":"","src":"","width":0,"height":0},"classes":[]},{"id":1200,"url":"https:\/\/yuri.com.br\/claudio\/2009\/11\/19\/video\/","url_meta":{"origin":1181,"position":1},"title":"V\u00eddeo","author":"claudio","date":"19\/nov\/2009","format":false,"excerpt":"Edi\u00e7\u00e3o r\u00e1pida do \u00faltimo domingo em Itacoatiara (filmado com a 7D)","rel":"","context":"Em &quot;Escalada&quot;","block_context":{"text":"Escalada","link":"https:\/\/yuri.com.br\/claudio\/category\/escalada\/"},"img":{"alt_text":"","src":"","width":0,"height":0},"classes":[]},{"id":3100,"url":"https:\/\/yuri.com.br\/claudio\/2011\/10\/03\/impressoes-do-sumba-boulder\/","url_meta":{"origin":1181,"position":2},"title":"Impress\u00f5es do Sumba Boulder","author":"claudio","date":"3\/out\/2011","format":false,"excerpt":"Incr\u00edvel, inesquec\u00edvel, hist\u00f3rico, gratificante, sensacional. Palavras n\u00e3o s\u00e3o suficientes para descrever o evento. Para n\u00f3s aqui, rec\u00e9m chegados em S\u00e3o Bento, paramos as intermin\u00e1veis arruma\u00e7\u00f5es de nosso rancho ainda em constru\u00e7\u00e3o e quando vimos est\u00e1vamos mergulhados no projeto, unidos a mais uma penca de escaladores daqui... aquela cena de que\u2026","rel":"","context":"Em &quot;Escalada&quot;","block_context":{"text":"Escalada","link":"https:\/\/yuri.com.br\/claudio\/category\/escalada\/"},"img":{"alt_text":"","src":"https:\/\/i0.wp.com\/yuri.com.br\/claudio\/wp-content\/uploads\/2011\/10\/joaomiguel.jpg?resize=350%2C200&ssl=1","width":350,"height":200,"srcset":"https:\/\/i0.wp.com\/yuri.com.br\/claudio\/wp-content\/uploads\/2011\/10\/joaomiguel.jpg?resize=350%2C200&ssl=1 1x, https:\/\/i0.wp.com\/yuri.com.br\/claudio\/wp-content\/uploads\/2011\/10\/joaomiguel.jpg?resize=525%2C300&ssl=1 1.5x, https:\/\/i0.wp.com\/yuri.com.br\/claudio\/wp-content\/uploads\/2011\/10\/joaomiguel.jpg?resize=700%2C400&ssl=1 2x"},"classes":[]},{"id":2323,"url":"https:\/\/yuri.com.br\/claudio\/2010\/06\/28\/video-do-la-ola\/","url_meta":{"origin":1181,"position":3},"title":"V\u00eddeo do La Ola","author":"claudio","date":"28\/jun\/2010","format":false,"excerpt":"Pra quem ainda n\u00e3o viu, segue o \"mini-curta\" que fiz do Caio liberando o La Ola V12 em Itacoatiara. Foi bom voltar a filmar com a 7D, ainda mais nesta ocasi\u00e3o especial, que coincidiu com meu breve retorno ao Rio. Valeu!","rel":"","context":"Em &quot;Escalada&quot;","block_context":{"text":"Escalada","link":"https:\/\/yuri.com.br\/claudio\/category\/escalada\/"},"img":{"alt_text":"","src":"","width":0,"height":0},"classes":[]},{"id":3145,"url":"https:\/\/yuri.com.br\/claudio\/2011\/10\/24\/video-sumba-boulder-2011\/","url_meta":{"origin":1181,"position":4},"title":"V\u00eddeo: Sumba Boulder 2011","author":"claudio","date":"24\/out\/2011","format":false,"excerpt":"T\u00e1 no ar o v\u00eddeo do Sumba Boulder 2011: Aos poucos vamos aprendendo... tive poucas experi\u00eancias de cobrir algo desse porte, o \u00faltimo que me vem \u00e0 mente foi o saudoso Bazar da Limite, bem menor. Mas foi \u00f3timo poder \"desenferrujar\" um pouco o modo v\u00eddeo da 7D... no fim,\u2026","rel":"","context":"Em &quot;Escalada&quot;","block_context":{"text":"Escalada","link":"https:\/\/yuri.com.br\/claudio\/category\/escalada\/"},"img":{"alt_text":"","src":"","width":0,"height":0},"classes":[]},{"id":1806,"url":"https:\/\/yuri.com.br\/claudio\/2010\/04\/18\/enquanto-isso-na-vida-real\/","url_meta":{"origin":1181,"position":5},"title":"Enquanto isso na vida real&#8230;","author":"claudio","date":"18\/abr\/2010","format":false,"excerpt":"Este v\u00eddeo confidencial vazado \u00e9 um dos aspectos mais interessantes na liberdade da internet. Pra quem assistiu The Hurt Locker (ganhador do Oscar), aqui vai um registro n\u00e3o-fic\u00e7\u00e3o, recomendo a todos 'perderem' os 15min: \u00a0 \u00a0 Jornalistas arriscando suas vidas em sua profiss\u00e3o, tem suas c\u00e2meras fotogr\u00e1ficas confundidas com armas\u2026","rel":"","context":"Em &quot;Outros&quot;","block_context":{"text":"Outros","link":"https:\/\/yuri.com.br\/claudio\/category\/outros\/"},"img":{"alt_text":"","src":"https:\/\/i0.wp.com\/img.youtube.com\/vi\/5rXPrfnU3G0\/0.jpg?resize=350%2C200","width":350,"height":200},"classes":[]}],"_links":{"self":[{"href":"https:\/\/yuri.com.br\/claudio\/wp-json\/wp\/v2\/posts\/1181","targetHints":{"allow":["GET"]}}],"collection":[{"href":"https:\/\/yuri.com.br\/claudio\/wp-json\/wp\/v2\/posts"}],"about":[{"href":"https:\/\/yuri.com.br\/claudio\/wp-json\/wp\/v2\/types\/post"}],"author":[{"embeddable":true,"href":"https:\/\/yuri.com.br\/claudio\/wp-json\/wp\/v2\/users\/2"}],"replies":[{"embeddable":true,"href":"https:\/\/yuri.com.br\/claudio\/wp-json\/wp\/v2\/comments?post=1181"}],"version-history":[{"count":0,"href":"https:\/\/yuri.com.br\/claudio\/wp-json\/wp\/v2\/posts\/1181\/revisions"}],"wp:featuredmedia":[{"embeddable":true,"href":"https:\/\/yuri.com.br\/claudio\/wp-json\/wp\/v2\/media\/1182"}],"wp:attachment":[{"href":"https:\/\/yuri.com.br\/claudio\/wp-json\/wp\/v2\/media?parent=1181"}],"wp:term":[{"taxonomy":"category","embeddable":true,"href":"https:\/\/yuri.com.br\/claudio\/wp-json\/wp\/v2\/categories?post=1181"},{"taxonomy":"post_tag","embeddable":true,"href":"https:\/\/yuri.com.br\/claudio\/wp-json\/wp\/v2\/tags?post=1181"}],"curies":[{"name":"wp","href":"https:\/\/api.w.org\/{rel}","templated":true}]}}