{"id":118,"date":"2008-08-18T01:43:26","date_gmt":"2008-08-18T01:43:26","guid":{"rendered":"http:\/\/claudiobr.wordpress.com\/?p=118"},"modified":"2008-08-18T01:43:26","modified_gmt":"2008-08-18T01:43:26","slug":"2a-etapa-campeonato-carioca-2008","status":"publish","type":"post","link":"https:\/\/yuri.com.br\/claudio\/2008\/08\/18\/2a-etapa-campeonato-carioca-2008\/","title":{"rendered":"2a. Etapa Campeonato Carioca 2008"},"content":{"rendered":"<p>Rolou neste \u00faltimo domingo a segunda etapa do campeonato carioca de escalada, &#8220;<em>etapa Paulo Macaco<\/em>&#8220;, realizada no muro da Patr\u00edcia em Niter\u00f3i (modalidade boulder). Participaram na montagem das rotas Ralf C\u00f4rtes, F\u00e1bio Muniz e Ant\u00f4nio Sergio. O formato foi dividido em 2 etapas, cada uma como 3 problemas, tentados em 6 minutos na semi-final e 11 minutos na final. Na categoria iniciante masculino e feminino, venceram Raphael Boechat e Yuri Hayashi Brisighello ; na categoria master feminino, venceu a Camila Porto com a Tha\u00eds  Quacchia em segundo e Raquel Guilhon em terceiro ; e na master masculino eu posso comentar um pouco mais pois participei: a primeira s\u00e9rie de 3 problemas, por consenso geral, estava &#8220;um grau acima&#8221; da m\u00e9dia, e derrubou todos os competidores (muitos nos primeiros 3 movimentos), com problemas caracterizados por movimentos bastante esticados. Na final, a dificuldade foi melhor ajustada em linhas mais graduais e &#8216;escal\u00e1veis&#8217;, entretendo melhor a torcida presente:<\/p>\n<p><a href=\"http:\/\/yuri.com.br\/claudio\/wp-content\/uploads\/2008\/08\/nikit_eric.jpg\"><img loading=\"lazy\" decoding=\"async\" data-attachment-id=\"119\" data-permalink=\"https:\/\/yuri.com.br\/claudio\/2008\/08\/18\/2a-etapa-campeonato-carioca-2008\/nikit_eric\/\" data-orig-file=\"https:\/\/yuri.com.br\/claudio\/wp-content\/uploads\/2008\/08\/nikit_eric.jpg\" data-orig-size=\"1024,682\" data-comments-opened=\"1\" data-image-meta=\"{&quot;aperture&quot;:&quot;0&quot;,&quot;credit&quot;:&quot;&quot;,&quot;camera&quot;:&quot;&quot;,&quot;caption&quot;:&quot;&quot;,&quot;created_timestamp&quot;:&quot;0&quot;,&quot;copyright&quot;:&quot;&quot;,&quot;focal_length&quot;:&quot;0&quot;,&quot;iso&quot;:&quot;0&quot;,&quot;shutter_speed&quot;:&quot;0&quot;,&quot;title&quot;:&quot;&quot;}\" data-image-title=\"Eric Teles\" data-image-description=\"\" data-image-caption=\"\" data-medium-file=\"https:\/\/yuri.com.br\/claudio\/wp-content\/uploads\/2008\/08\/nikit_eric-300x199.jpg\" data-large-file=\"https:\/\/yuri.com.br\/claudio\/wp-content\/uploads\/2008\/08\/nikit_eric.jpg\" class=\"aligncenter size-medium wp-image-119\" src=\"http:\/\/yuri.com.br\/claudio\/wp-content\/uploads\/2008\/08\/nikit_eric.jpg?w=300\" alt=\"\" width=\"300\" height=\"199\" srcset=\"https:\/\/yuri.com.br\/claudio\/wp-content\/uploads\/2008\/08\/nikit_eric.jpg 1024w, https:\/\/yuri.com.br\/claudio\/wp-content\/uploads\/2008\/08\/nikit_eric-300x199.jpg 300w, https:\/\/yuri.com.br\/claudio\/wp-content\/uploads\/2008\/08\/nikit_eric-210x139.jpg 210w\" sizes=\"auto, (max-width: 300px) 100vw, 300px\" \/><\/a><\/p>\n<p style=\"text-align:center;\">Eric Teles ap\u00f3s o din\u00e2mico lateral do 1o. problema, um dos 2 que ele encadenou \u00e0 vista.<\/p>\n<p style=\"text-align:center;\"><a href=\"http:\/\/yuri.com.br\/claudio\/wp-content\/uploads\/2008\/08\/nikit_candido.jpg\"><img loading=\"lazy\" decoding=\"async\" data-attachment-id=\"120\" data-permalink=\"https:\/\/yuri.com.br\/claudio\/2008\/08\/18\/2a-etapa-campeonato-carioca-2008\/nikit_candido\/\" data-orig-file=\"https:\/\/yuri.com.br\/claudio\/wp-content\/uploads\/2008\/08\/nikit_candido.jpg\" data-orig-size=\"496,768\" data-comments-opened=\"1\" data-image-meta=\"{&quot;aperture&quot;:&quot;0&quot;,&quot;credit&quot;:&quot;&quot;,&quot;camera&quot;:&quot;&quot;,&quot;caption&quot;:&quot;&quot;,&quot;created_timestamp&quot;:&quot;0&quot;,&quot;copyright&quot;:&quot;&quot;,&quot;focal_length&quot;:&quot;0&quot;,&quot;iso&quot;:&quot;0&quot;,&quot;shutter_speed&quot;:&quot;0&quot;,&quot;title&quot;:&quot;&quot;}\" data-image-title=\"Candido\" data-image-description=\"\" data-image-caption=\"\" data-medium-file=\"https:\/\/yuri.com.br\/claudio\/wp-content\/uploads\/2008\/08\/nikit_candido-193x300.jpg\" data-large-file=\"https:\/\/yuri.com.br\/claudio\/wp-content\/uploads\/2008\/08\/nikit_candido.jpg\" class=\"aligncenter size-medium wp-image-120\" src=\"http:\/\/yuri.com.br\/claudio\/wp-content\/uploads\/2008\/08\/nikit_candido.jpg?w=193\" alt=\"\" width=\"193\" height=\"300\" srcset=\"https:\/\/yuri.com.br\/claudio\/wp-content\/uploads\/2008\/08\/nikit_candido.jpg 496w, https:\/\/yuri.com.br\/claudio\/wp-content\/uploads\/2008\/08\/nikit_candido-193x300.jpg 193w, https:\/\/yuri.com.br\/claudio\/wp-content\/uploads\/2008\/08\/nikit_candido-210x325.jpg 210w\" sizes=\"auto, (max-width: 193px) 100vw, 193px\" \/><\/a><\/p>\n<p>C\u00e2ndido Bisneto, que ganhou a \u00faltima etapa na Limite Vertical, tentando o segundo problema. Note nesta foto a altura consider\u00e1vel das linhas&#8230; hoje eu pude perceber que meu tornozelo todo parafusado possui um sistema de seguran\u00e7a que me trava toda vez que eu alcan\u00e7o os 4 metros de altura em um boulder :-}<\/p>\n<p style=\"text-align:center;\"><a href=\"http:\/\/yuri.com.br\/claudio\/wp-content\/uploads\/2008\/08\/nikit_caio.jpg\"><img loading=\"lazy\" decoding=\"async\" data-attachment-id=\"121\" data-permalink=\"https:\/\/yuri.com.br\/claudio\/2008\/08\/18\/2a-etapa-campeonato-carioca-2008\/nikit_caio\/\" data-orig-file=\"https:\/\/yuri.com.br\/claudio\/wp-content\/uploads\/2008\/08\/nikit_caio.jpg\" data-orig-size=\"1024,683\" data-comments-opened=\"1\" data-image-meta=\"{&quot;aperture&quot;:&quot;3.5&quot;,&quot;credit&quot;:&quot;&quot;,&quot;camera&quot;:&quot;Canon EOS DIGITAL REBEL&quot;,&quot;caption&quot;:&quot;&quot;,&quot;created_timestamp&quot;:&quot;315532996&quot;,&quot;copyright&quot;:&quot;&quot;,&quot;focal_length&quot;:&quot;19&quot;,&quot;iso&quot;:&quot;400&quot;,&quot;shutter_speed&quot;:&quot;0.016666666666667&quot;,&quot;title&quot;:&quot;&quot;}\" data-image-title=\"Caio\" data-image-description=\"\" data-image-caption=\"\" data-medium-file=\"https:\/\/yuri.com.br\/claudio\/wp-content\/uploads\/2008\/08\/nikit_caio-300x200.jpg\" data-large-file=\"https:\/\/yuri.com.br\/claudio\/wp-content\/uploads\/2008\/08\/nikit_caio.jpg\" class=\"aligncenter size-medium wp-image-121\" src=\"http:\/\/yuri.com.br\/claudio\/wp-content\/uploads\/2008\/08\/nikit_caio.jpg?w=300\" alt=\"\" width=\"300\" height=\"200\" srcset=\"https:\/\/yuri.com.br\/claudio\/wp-content\/uploads\/2008\/08\/nikit_caio.jpg 1024w, https:\/\/yuri.com.br\/claudio\/wp-content\/uploads\/2008\/08\/nikit_caio-300x200.jpg 300w, https:\/\/yuri.com.br\/claudio\/wp-content\/uploads\/2008\/08\/nikit_caio-210x140.jpg 210w\" sizes=\"auto, (max-width: 300px) 100vw, 300px\" \/><\/a><br \/>\nE aqui o Caio Gomes no mesmo movimento, onde ele ignorou os p\u00e9s e simplesmente voou entre os regletinhos de meia falange. Ele foi o \u00fanico a &#8216;avistar&#8217; todos os 3 da final, faturando esta etapa, seguido do Eric em segundo e do C\u00e2ndido em terceiro.<\/p>\n<p style=\"text-align:center;\"><a href=\"http:\/\/yuri.com.br\/claudio\/wp-content\/uploads\/2008\/08\/nikit_carioca2008.jpg\"><img loading=\"lazy\" decoding=\"async\" data-attachment-id=\"122\" data-permalink=\"https:\/\/yuri.com.br\/claudio\/2008\/08\/18\/2a-etapa-campeonato-carioca-2008\/nikit_carioca2008\/\" data-orig-file=\"https:\/\/yuri.com.br\/claudio\/wp-content\/uploads\/2008\/08\/nikit_carioca2008.jpg\" data-orig-size=\"1024,665\" data-comments-opened=\"1\" data-image-meta=\"{&quot;aperture&quot;:&quot;0&quot;,&quot;credit&quot;:&quot;&quot;,&quot;camera&quot;:&quot;&quot;,&quot;caption&quot;:&quot;&quot;,&quot;created_timestamp&quot;:&quot;0&quot;,&quot;copyright&quot;:&quot;&quot;,&quot;focal_length&quot;:&quot;0&quot;,&quot;iso&quot;:&quot;0&quot;,&quot;shutter_speed&quot;:&quot;0&quot;,&quot;title&quot;:&quot;&quot;}\" data-image-title=\"nikit_carioca2008\" data-image-description=\"\" data-image-caption=\"\" data-medium-file=\"https:\/\/yuri.com.br\/claudio\/wp-content\/uploads\/2008\/08\/nikit_carioca2008-300x194.jpg\" data-large-file=\"https:\/\/yuri.com.br\/claudio\/wp-content\/uploads\/2008\/08\/nikit_carioca2008.jpg\" class=\"aligncenter size-medium wp-image-122\" src=\"http:\/\/yuri.com.br\/claudio\/wp-content\/uploads\/2008\/08\/nikit_carioca2008.jpg?w=300\" alt=\"\" width=\"300\" height=\"194\" srcset=\"https:\/\/yuri.com.br\/claudio\/wp-content\/uploads\/2008\/08\/nikit_carioca2008.jpg 1024w, https:\/\/yuri.com.br\/claudio\/wp-content\/uploads\/2008\/08\/nikit_carioca2008-300x194.jpg 300w, https:\/\/yuri.com.br\/claudio\/wp-content\/uploads\/2008\/08\/nikit_carioca2008-210x136.jpg 210w\" sizes=\"auto, (max-width: 300px) 100vw, 300px\" \/><\/a><\/p>\n<p style=\"text-align:center;\">Povo muito gente boa!!<\/p>\n<p style=\"text-align:left;\">\u00c9 isso a\u00ed galera! Parab\u00e9ns aos vencedores e a todos que foram l\u00e1 prestigiar o evento! Pr\u00f3xima etapa \u00e9 em Nova Friburgo, KMON!! :)<\/p>\n","protected":false},"excerpt":{"rendered":"<p>Rolou neste \u00faltimo domingo a segunda etapa do campeonato carioca de escalada, &#8220;etapa Paulo Macaco&#8220;, realizada no muro da Patr\u00edcia em Niter\u00f3i (modalidade boulder). Participaram na montagem das rotas Ralf C\u00f4rtes, F\u00e1bio Muniz e Ant\u00f4nio Sergio. O formato foi dividido em 2 etapas, cada uma como 3 problemas, tentados em 6 minutos na semi-final e&hellip;&nbsp;<a href=\"https:\/\/yuri.com.br\/claudio\/2008\/08\/18\/2a-etapa-campeonato-carioca-2008\/\" rel=\"bookmark\">Continue a ler &raquo;<span class=\"screen-reader-text\">2a. Etapa Campeonato Carioca 2008<\/span><\/a><\/p>\n","protected":false},"author":2,"featured_media":119,"comment_status":"open","ping_status":"open","sticky":false,"template":"","format":"standard","meta":{"neve_meta_sidebar":"","neve_meta_container":"","neve_meta_enable_content_width":"","neve_meta_content_width":0,"neve_meta_title_alignment":"","neve_meta_author_avatar":"","neve_post_elements_order":"","neve_meta_disable_header":"","neve_meta_disable_footer":"","neve_meta_disable_title":"","jetpack_post_was_ever_published":false,"_jetpack_newsletter_access":"","_jetpack_dont_email_post_to_subs":false,"_jetpack_newsletter_tier_id":0,"_jetpack_memberships_contains_paywalled_content":false,"_jetpack_memberships_contains_paid_content":false,"footnotes":"","jetpack_publicize_message":"","jetpack_publicize_feature_enabled":true,"jetpack_social_post_already_shared":false,"jetpack_social_options":{"image_generator_settings":{"template":"highway","default_image_id":0,"font":"","enabled":false},"version":2}},"categories":[3],"tags":[11,125],"class_list":["post-118","post","type-post","status-publish","format-standard","has-post-thumbnail","hentry","category-escalada","tag-campeonato-carioca","tag-escalada"],"jetpack_publicize_connections":[],"jetpack_featured_media_url":"https:\/\/yuri.com.br\/claudio\/wp-content\/uploads\/2008\/08\/nikit_eric.jpg","jetpack_shortlink":"https:\/\/wp.me\/p4i7cB-1U","jetpack_sharing_enabled":true,"jetpack-related-posts":[{"id":222,"url":"https:\/\/yuri.com.br\/claudio\/2008\/09\/15\/campeonato-carioca-etapa-nova-friburgo-resultado-extra-oficial\/","url_meta":{"origin":118,"position":0},"title":"Campeonato Carioca &#8211; etapa Nova Friburgo (resultado extra oficial)","author":"claudio","date":"15\/set\/2008","format":false,"excerpt":"Caio Gomes no Planeta Vertical em Nova Friburgo Update r\u00e1pido sobre o resultado da 3a. etapa do campeonato carioca (boulder) realizado neste s\u00e1bado 13\/Set em Nova Friburgo: Iniciante Masculino 1 - Daniel Lustoza (Rio de Janeiro) 2 - Tony (Nova Friburgo) 3 - Artur (Nova Friburgo) Iniciante Feminino 1 -\u2026","rel":"","context":"Em &quot;Escalada&quot;","block_context":{"text":"Escalada","link":"https:\/\/yuri.com.br\/claudio\/category\/escalada\/"},"img":{"alt_text":"","src":"","width":0,"height":0},"classes":[]},{"id":201,"url":"https:\/\/yuri.com.br\/claudio\/2008\/09\/09\/iii-etapa-do-campeonato-estadualrj-de-boulder-2008-nova-friburgo\/","url_meta":{"origin":118,"position":1},"title":"III Etapa do Campeonato Estadual\/RJ de Boulder 2008 &#8211; Nova Friburgo","author":"claudio","date":"9\/set\/2008","format":false,"excerpt":"\"Bom Pessoal, como todos estavam esperando a\u00ed est\u00e1 o convite para a etapa de boulder aqui da Planeta Vertical. Contamos com a vinda dos atletas participantes do ranking e aqueles que queiram tamb\u00e9m prestigiar essa etapa\" - Leandro S. Nogueira \/ Planeta Vertical 13 de Setembro a partir das 9:30\u2026","rel":"","context":"Em &quot;Escalada&quot;","block_context":{"text":"Escalada","link":"https:\/\/yuri.com.br\/claudio\/category\/escalada\/"},"img":{"alt_text":"","src":"","width":0,"height":0},"classes":[]},{"id":103,"url":"https:\/\/yuri.com.br\/claudio\/2008\/08\/13\/ii-etapa-do-campeonato-estadualrj-de-boulder-2008\/","url_meta":{"origin":118,"position":2},"title":"II Etapa do Campeonato Estadual\/RJ","author":"claudio","date":"13\/ago\/2008","format":false,"excerpt":"Bora participar galera! \u00c9 preciso prestigiar a iniciativa, lembrando que o RJ carece de gin\u00e1sios e j\u00e1 teve etapa do brasileiro cancelada este ano... me desculpem a alfinetada, mas quem ignora esses eventos s\u00f3 porque n\u00e3o curtem \"competi\u00e7\u00e3o\" ou preferem as pedras (que abundam dentro da cidade), est\u00e1 cuspindo no\u2026","rel":"","context":"Em &quot;Escalada&quot;","block_context":{"text":"Escalada","link":"https:\/\/yuri.com.br\/claudio\/category\/escalada\/"},"img":{"alt_text":"","src":"https:\/\/i0.wp.com\/img.youtube.com\/vi\/pwem2Wn7FcE\/0.jpg?resize=350%2C200","width":350,"height":200},"classes":[]},{"id":811,"url":"https:\/\/yuri.com.br\/claudio\/2009\/07\/01\/2%c2%aa-etapa-do-campeonato-estadual-de-boulder-2009-rj\/","url_meta":{"origin":118,"position":3},"title":"2\u00aa ETAPA DO CAMPEONATO ESTADUAL DE BOULDER 2009 &#8211; RJ","author":"claudio","date":"1\/jul\/2009","format":false,"excerpt":"Divulgando: \"Ol\u00e1 !! Acontecer\u00e1 no dia\u00a005 de julho, a 2\u00aa Etapa do Campeonato Estadual de Boulder 2009 - RJ. Confiram\u00a0o V\u00eddeo Anima\u00e7\u00e3o com as informa\u00e7\u00f5es da 2\u00aa Etapa do Campeonato Estadual de Boulder 2009 - RJ. Ligue o SOM!!! ATEN\u00c7\u00c3O COMPETIDORES: N\u00e3o esque\u00e7am de se filiar ou atualizar sua situa\u00e7\u00e3o\u2026","rel":"","context":"Em &quot;Escalada&quot;","block_context":{"text":"Escalada","link":"https:\/\/yuri.com.br\/claudio\/category\/escalada\/"},"img":{"alt_text":"","src":"https:\/\/i0.wp.com\/img.youtube.com\/vi\/7ygXjDkP_z8\/0.jpg?resize=350%2C200","width":350,"height":200},"classes":[]},{"id":170,"url":"https:\/\/yuri.com.br\/claudio\/2008\/08\/28\/ainda-sobre-a-ultima-etapa-do-carioca-de-boulder\/","url_meta":{"origin":118,"position":4},"title":"Ainda sobre a \u00faltima etapa do carioca de boulder","author":"claudio","date":"28\/ago\/2008","format":false,"excerpt":"O escalador niteroiense Caio Gomes, vencedor da \u00faltima etapa do campeonato carioca 2008, \"Etapa Paulo Macaco\", escreveu um artigo mais completo sobre o o evento para o Webventure. Gostaria de citar e destacar um par\u00e1grafo em especial: \"O que chamou muita aten\u00e7\u00e3o nessa etapa, foi o numero bastante reduzido de\u2026","rel":"","context":"Em &quot;Escalada&quot;","block_context":{"text":"Escalada","link":"https:\/\/yuri.com.br\/claudio\/category\/escalada\/"},"img":{"alt_text":"","src":"https:\/\/i0.wp.com\/farm4.static.flickr.com\/3060\/2774639781_89570c6d42.jpg?resize=350%2C200","width":350,"height":200},"classes":[]},{"id":254,"url":"https:\/\/yuri.com.br\/claudio\/2008\/10\/31\/sobre-o-campeonato-estadual-de-boulder-rj-2008\/","url_meta":{"origin":118,"position":5},"title":"Sobre o Campeonato Estadual de Boulder RJ 2008","author":"claudio","date":"31\/out\/2008","format":false,"excerpt":"Neste m\u00eas de outubro\u00a0terminou o Campeonato Estadual de Escalada (Boulder) do RJ 2008. Sobre os resultados oficiais eu indico 2 artigos: Blog da Lojinha de Escalada Blog do Caio Gomes E clicando neste link pode-se conferir algumas fotos que fiz desta \u00faltima etapa na Limite Vertical. Aproveito este espa\u00e7o para\u2026","rel":"","context":"Em &quot;Escalada&quot;","block_context":{"text":"Escalada","link":"https:\/\/yuri.com.br\/claudio\/category\/escalada\/"},"img":{"alt_text":"","src":"https:\/\/i0.wp.com\/yuri.com.br\/claudio\/wp-content\/uploads\/2008\/10\/jornaldossports_estadualrj2008.jpg?resize=350%2C200&ssl=1","width":350,"height":200,"srcset":"https:\/\/i0.wp.com\/yuri.com.br\/claudio\/wp-content\/uploads\/2008\/10\/jornaldossports_estadualrj2008.jpg?resize=350%2C200&ssl=1 1x, https:\/\/i0.wp.com\/yuri.com.br\/claudio\/wp-content\/uploads\/2008\/10\/jornaldossports_estadualrj2008.jpg?resize=525%2C300&ssl=1 1.5x, https:\/\/i0.wp.com\/yuri.com.br\/claudio\/wp-content\/uploads\/2008\/10\/jornaldossports_estadualrj2008.jpg?resize=700%2C400&ssl=1 2x"},"classes":[]}],"_links":{"self":[{"href":"https:\/\/yuri.com.br\/claudio\/wp-json\/wp\/v2\/posts\/118","targetHints":{"allow":["GET"]}}],"collection":[{"href":"https:\/\/yuri.com.br\/claudio\/wp-json\/wp\/v2\/posts"}],"about":[{"href":"https:\/\/yuri.com.br\/claudio\/wp-json\/wp\/v2\/types\/post"}],"author":[{"embeddable":true,"href":"https:\/\/yuri.com.br\/claudio\/wp-json\/wp\/v2\/users\/2"}],"replies":[{"embeddable":true,"href":"https:\/\/yuri.com.br\/claudio\/wp-json\/wp\/v2\/comments?post=118"}],"version-history":[{"count":0,"href":"https:\/\/yuri.com.br\/claudio\/wp-json\/wp\/v2\/posts\/118\/revisions"}],"wp:featuredmedia":[{"embeddable":true,"href":"https:\/\/yuri.com.br\/claudio\/wp-json\/wp\/v2\/media\/119"}],"wp:attachment":[{"href":"https:\/\/yuri.com.br\/claudio\/wp-json\/wp\/v2\/media?parent=118"}],"wp:term":[{"taxonomy":"category","embeddable":true,"href":"https:\/\/yuri.com.br\/claudio\/wp-json\/wp\/v2\/categories?post=118"},{"taxonomy":"post_tag","embeddable":true,"href":"https:\/\/yuri.com.br\/claudio\/wp-json\/wp\/v2\/tags?post=118"}],"curies":[{"name":"wp","href":"https:\/\/api.w.org\/{rel}","templated":true}]}}