{"id":1167,"date":"2009-11-03T16:19:23","date_gmt":"2009-11-03T16:19:23","guid":{"rendered":"http:\/\/claudiobr.wordpress.com\/?p=1167"},"modified":"2009-11-03T16:19:23","modified_gmt":"2009-11-03T16:19:23","slug":"finados","status":"publish","type":"post","link":"https:\/\/yuri.com.br\/claudio\/2009\/11\/03\/finados\/","title":{"rendered":"Finados"},"content":{"rendered":"<p>O feriad\u00e3o por aqui foi tranquilo. Tijolado de rodar pelas estradas nas f\u00e9rias, ficamos no RJ onde eu pude reencontrar o granito e lembrar como \u00e9 bom escalar neste tipo de pedra, principalmente se for na <a href=\"http:\/\/www.escaladacafe.com.br\/mapa\/barrinha\" target=\"_blank\">Barrinha<\/a>! :-)<\/p>\n<p>Fiz algumas fotos, mesmo que sem muita inspira\u00e7\u00e3o&#8230; aproveitei 10% do que tirei. Separei uma do Cesinha na Barrinha, L\u00e1grimas de Sangue 10b. Falta pouco pra ele mandar um trem desses \u00e0 vista. A foto eu tirei ancorado na Filez\u00e3o, gostei de ter pego as m\u00e3os\/p\u00e9s\/rosto do escalador e adoro essa fenda ao lado da via evidenciando a negatividade da parede, e toda aquela extens\u00e3o abaixo dele (e ainda tem muita via pra cima e pra baixo da foto):<\/p>\n<p><a href=\"http:\/\/www.flickr.com\/photos\/cbrisighello\/4068778188\/\"><img loading=\"lazy\" decoding=\"async\" class=\"aligncenter\" src=\"http:\/\/farm3.static.flickr.com\/2633\/4068778188_398b6ca944_o.jpg\" alt=\"\" width=\"435\" height=\"652\" \/><\/a><\/p>\n<p>E aqui um \u00e2ngulo menos usual, com o Cesinha entrando pra mandar a Migalhas Indecentes 9c sob chuva e muita neblina. Olhando para cima, ao lado do &#8220;segurador&#8221;, existe um espa\u00e7o entre as \u00e1rvores onde eu procurei enquadrar a silhueta do escalador:<\/p>\n<p style=\"text-align:center;\"><a href=\"http:\/\/www.flickr.com\/photos\/cbrisighello\/4068025911\/in\/photostream\/\"><img loading=\"lazy\" decoding=\"async\" class=\"aligncenter\" src=\"http:\/\/farm3.static.flickr.com\/2557\/4068025911_eb2db81dd0_o.jpg\" alt=\"\" width=\"644\" height=\"429\" \/><\/a><\/p>\n<p>De resto, n\u00e3o posso deixar de registrar que provei o Rolmops do Adega P\u00e9rola (uma esp\u00e9cie de sushi de portugu\u00eas) e adorei, por que n\u00e3o fui comer isso antes? O local merece um post exclusivo, ent\u00e3o depois eu escrevo uma homenagem&#8230;<\/p>\n<p>abra\u00e7os e boa semana a todos!<\/p>\n","protected":false},"excerpt":{"rendered":"<p>O feriad\u00e3o por aqui foi tranquilo. Tijolado de rodar pelas estradas nas f\u00e9rias, ficamos no RJ onde eu pude reencontrar o granito e lembrar como \u00e9 bom escalar neste tipo de pedra, principalmente se for na Barrinha! :-) Fiz algumas fotos, mesmo que sem muita inspira\u00e7\u00e3o&#8230; aproveitei 10% do que tirei. Separei uma do Cesinha&hellip;&nbsp;<a href=\"https:\/\/yuri.com.br\/claudio\/2009\/11\/03\/finados\/\" rel=\"bookmark\">Continue a ler &raquo;<span class=\"screen-reader-text\">Finados<\/span><\/a><\/p>\n","protected":false},"author":2,"featured_media":0,"comment_status":"open","ping_status":"open","sticky":false,"template":"","format":"standard","meta":{"neve_meta_sidebar":"","neve_meta_container":"","neve_meta_enable_content_width":"","neve_meta_content_width":0,"neve_meta_title_alignment":"","neve_meta_author_avatar":"","neve_post_elements_order":"","neve_meta_disable_header":"","neve_meta_disable_footer":"","neve_meta_disable_title":"","jetpack_post_was_ever_published":false,"_jetpack_newsletter_access":"","_jetpack_dont_email_post_to_subs":false,"_jetpack_newsletter_tier_id":0,"_jetpack_memberships_contains_paywalled_content":false,"_jetpack_memberships_contains_paid_content":false,"footnotes":"","jetpack_publicize_message":"","jetpack_publicize_feature_enabled":true,"jetpack_social_post_already_shared":false,"jetpack_social_options":{"image_generator_settings":{"template":"highway","default_image_id":0,"font":"","enabled":false},"version":2}},"categories":[2,3],"tags":[],"class_list":["post-1167","post","type-post","status-publish","format-standard","hentry","category-baixa-gastronomia","category-escalada"],"jetpack_publicize_connections":[],"jetpack_featured_media_url":"","jetpack_shortlink":"https:\/\/wp.me\/s4i7cB-finados","jetpack_sharing_enabled":true,"jetpack-related-posts":[{"id":449,"url":"https:\/\/yuri.com.br\/claudio\/2009\/03\/02\/pracinha-de-itacoatiara-video\/","url_meta":{"origin":1167,"position":0},"title":"Pracinha de Itacoatiara &#8211; v\u00eddeo","author":"claudio","date":"2\/mar\/2009","format":false,"excerpt":"Editei mais um \"clipezinho\" recente, desta vez da ador\u00e1vel Pracinha de Itacoatiara, em Niter\u00f3i\/RJ. Trata-se de uma pra\u00e7a cheia de blocos de granito, literalmente. Localizada em um bairro\u00a0praiano residencial super tranquilo, a sensa\u00e7\u00e3o \u00e9 de escalada urbana com a maior paz que se pode ter. Praticamente estaciona-se ao lado dos\u2026","rel":"","context":"Em &quot;Escalada&quot;","block_context":{"text":"Escalada","link":"https:\/\/yuri.com.br\/claudio\/category\/escalada\/"},"img":{"alt_text":"","src":"","width":0,"height":0},"classes":[]},{"id":783,"url":"https:\/\/yuri.com.br\/claudio\/2009\/06\/22\/via-gozma-petzl\/","url_meta":{"origin":1167,"position":1},"title":"Via: Gozma Petzl","author":"claudio","date":"22\/jun\/2009","format":false,"excerpt":"Neste \u00faltimo fds, estive no Campo Escola 2000, e aproveitei para captar algumas imagens do Tadeu e do Alexis tentando o Gozma. Sempre quis \"eternizar\" o bote dessa via. Gostei do \u00e2ngulo que obtive, mostrando bem a impon\u00eancia negativa daquele granito incr\u00edvel, por\u00e9m a falta de luz naquele local dificulta\u2026","rel":"","context":"Em &quot;Escalada&quot;","block_context":{"text":"Escalada","link":"https:\/\/yuri.com.br\/claudio\/category\/escalada\/"},"img":{"alt_text":"","src":"https:\/\/i0.wp.com\/farm4.static.flickr.com\/3652\/3648101401_c05b59ce11.jpg?resize=350%2C200","width":350,"height":200},"classes":[]},{"id":946,"url":"https:\/\/yuri.com.br\/claudio\/2009\/08\/10\/limite-vertical-c-e-l-v\/","url_meta":{"origin":1167,"position":2},"title":"Limite Vertical (C.E.L.V.)","author":"claudio","date":"10\/ago\/2009","format":false,"excerpt":"A Limite Vertical (C.E.L.V.) \u00e9 um tradicional reduto underground de escaladores aqui no RJ\/capital, onde vc pode treinar, arrumar parcerias ou simplesmente bater aquele bom papo \"et\u00edlico\" entre amigos. Uns dias atr\u00e1s o Naoki me pilhou pra fazer umas fotos por l\u00e1, ent\u00e3o na \u00faltima quinta-feira levei meus flashes e\u2026","rel":"","context":"Em &quot;Escalada&quot;","block_context":{"text":"Escalada","link":"https:\/\/yuri.com.br\/claudio\/category\/escalada\/"},"img":{"alt_text":"","src":"https:\/\/i0.wp.com\/farm3.static.flickr.com\/2576\/3808027430_07475e2319.jpg?resize=350%2C200","width":350,"height":200},"classes":[]},{"id":17,"url":"https:\/\/yuri.com.br\/claudio\/2008\/07\/23\/expo\/","url_meta":{"origin":1167,"position":3},"title":"EXPO!","author":"claudio","date":"23\/jul\/2008","format":false,"excerpt":"Estou montando uma galeria fotogr\u00e1fica, a princ\u00edpio focada no assunto da escalada, com o intuito de divulg\u00e1-la por a\u00ed afora (por isso as descri\u00e7\u00f5es est\u00e3o em ingl\u00eas). Tamb\u00e9m, foi uma maneira que encontrei de expressar melhor esse meu tes\u00e3o intraduz\u00edvel pela pedra. Como n\u00e3o curto uma xenofobia, boto f\u00e9 que\u2026","rel":"","context":"Em &quot;Escalada&quot;","block_context":{"text":"Escalada","link":"https:\/\/yuri.com.br\/claudio\/category\/escalada\/"},"img":{"alt_text":"","src":"https:\/\/i0.wp.com\/yuri.com.br\/claudio\/wp-content\/uploads\/2008\/07\/cb_logo.jpg?resize=350%2C200","width":350,"height":200},"classes":[]},{"id":458,"url":"https:\/\/yuri.com.br\/claudio\/2009\/03\/19\/algumas-fotos-recentes-comentadas\/","url_meta":{"origin":1167,"position":4},"title":"Algumas fotos recentes, comentadas","author":"claudio","date":"19\/mar\/2009","format":false,"excerpt":"Abaixo compartilho a concep\u00e7\u00e3o de algumas\u00a0fotos recentes: O bloco do \"Banana Amassada\" no Graja\u00fa\/RJ, fica no setor ao lado dos banheiros do parque, n\u00e3o exatamente o local mais bonito para uma foto. Fotografia \u00e9 luz, e ultimamente tenho experimentado a combina\u00e7\u00e3o de ilumina\u00e7\u00e3o artificial (flash) em plena luz do dia\u2026","rel":"","context":"Em &quot;Escalada&quot;","block_context":{"text":"Escalada","link":"https:\/\/yuri.com.br\/claudio\/category\/escalada\/"},"img":{"alt_text":"","src":"https:\/\/i0.wp.com\/farm4.static.flickr.com\/3585\/3320196043_a5fae6cc1e.jpg?resize=350%2C200","width":350,"height":200},"classes":[]},{"id":543,"url":"https:\/\/yuri.com.br\/claudio\/2009\/04\/07\/mais-fotos-comentadas-2\/","url_meta":{"origin":1167,"position":5},"title":"Mais fotos comentadas&#8230;","author":"claudio","date":"7\/abr\/2009","format":false,"excerpt":"Mais uma foto do CE2000, com o Alexis no crux da 1a. parte da Epit\u00e1fios, uma sequ\u00eancia que atravessa aquela bela se\u00e7\u00e3o \"ondulada\" da pedra. H\u00e1 um jogo de diagonais nesta imagem. Repare na extremidade direita da parede, coincidindo com o \u00e2ngulo superior direito da imagem, procurei montar uma certa\u2026","rel":"","context":"Em &quot;Escalada&quot;","block_context":{"text":"Escalada","link":"https:\/\/yuri.com.br\/claudio\/category\/escalada\/"},"img":{"alt_text":"","src":"https:\/\/i0.wp.com\/farm4.static.flickr.com\/3639\/3321025322_e01308bb1f.jpg?resize=350%2C200","width":350,"height":200},"classes":[]}],"_links":{"self":[{"href":"https:\/\/yuri.com.br\/claudio\/wp-json\/wp\/v2\/posts\/1167","targetHints":{"allow":["GET"]}}],"collection":[{"href":"https:\/\/yuri.com.br\/claudio\/wp-json\/wp\/v2\/posts"}],"about":[{"href":"https:\/\/yuri.com.br\/claudio\/wp-json\/wp\/v2\/types\/post"}],"author":[{"embeddable":true,"href":"https:\/\/yuri.com.br\/claudio\/wp-json\/wp\/v2\/users\/2"}],"replies":[{"embeddable":true,"href":"https:\/\/yuri.com.br\/claudio\/wp-json\/wp\/v2\/comments?post=1167"}],"version-history":[{"count":0,"href":"https:\/\/yuri.com.br\/claudio\/wp-json\/wp\/v2\/posts\/1167\/revisions"}],"wp:attachment":[{"href":"https:\/\/yuri.com.br\/claudio\/wp-json\/wp\/v2\/media?parent=1167"}],"wp:term":[{"taxonomy":"category","embeddable":true,"href":"https:\/\/yuri.com.br\/claudio\/wp-json\/wp\/v2\/categories?post=1167"},{"taxonomy":"post_tag","embeddable":true,"href":"https:\/\/yuri.com.br\/claudio\/wp-json\/wp\/v2\/tags?post=1167"}],"curies":[{"name":"wp","href":"https:\/\/api.w.org\/{rel}","templated":true}]}}