{"id":1156,"date":"2009-10-28T02:22:13","date_gmt":"2009-10-28T02:22:13","guid":{"rendered":"http:\/\/claudiobr.wordpress.com\/?p=1156"},"modified":"2009-10-28T02:22:13","modified_gmt":"2009-10-28T02:22:13","slug":"lar-doce-lar","status":"publish","type":"post","link":"https:\/\/yuri.com.br\/claudio\/2009\/10\/28\/lar-doce-lar\/","title":{"rendered":"Lar, doce Lar"},"content":{"rendered":"<p>A &#8220;volta&#8221; das f\u00e9rias proporciona algumas sensa\u00e7\u00f5es exclusivas, que desta vez registrarei por aqui (sem entrar muito em detalhes pessoais).<\/p>\n<p><img loading=\"lazy\" decoding=\"async\" class=\"alignright\" title=\"Heartbeat\" src=\"http:\/\/www.afh.bio.br\/cardio\/img\/eletrocardiograma.gif\" alt=\"\" width=\"192\" height=\"192\" \/><\/p>\n<p>Por algum motivo que n\u00e3o sei se \u00e9 velhice, amadurecimento ou enlouquecimento, as f\u00e9rias anuais passaram de empolga\u00e7\u00e3o pra um temor angustiante pela &#8220;volta&#8221;. Seria aquela sensa\u00e7\u00e3o depr\u00ea que sentia no domingo a noite, ao ouvir o S\u00edlvio Santos na TV dos meus pais enquanto eu arrumava as coisas para a segunda por vir, s\u00f3 que umas 10 vezes mais forte devido a um fim de semana prolongad\u00edssimo (de 30 dias). \u00c9 como viver entubado por 11 meses, dependendo de aparelhos respirat\u00f3rios e sondas alimentares, enxergando o ar puro sem poder respir\u00e1-lo. A\u00ed te soltam por 1 m\u00eas pra bater umas asas, parir saudades e &#8220;voltar&#8221;. Creio eu que a maioria &#8220;volta&#8221; dessa eternidade, com energias recarregadas. Eu preciso de um <a href=\"http:\/\/pt.wikipedia.org\/wiki\/Desfibrila%C3%A7%C3%A3o\" target=\"_blank\">desfibrilador<\/a>.<\/p>\n<div class=\"nv-iframe-embed\"><span class=\"embed-youtube\" style=\"text-align:center; display: block;\"><iframe loading=\"lazy\" class=\"youtube-player\" width=\"1200\" height=\"675\" src=\"https:\/\/www.youtube.com\/embed\/pfEuSNejejY?version=3&#038;rel=1&#038;showsearch=0&#038;showinfo=1&#038;iv_load_policy=1&#038;fs=1&#038;hl=pt-BR&#038;autohide=2&#038;wmode=transparent\" allowfullscreen=\"true\" style=\"border:0;\" sandbox=\"allow-scripts allow-same-origin allow-popups allow-presentation allow-popups-to-escape-sandbox\"><\/iframe><\/span><\/div>\n<h5><\/h5>\n<p>&nbsp;<\/p>\n<h5><em>&#8220;You can&#8217;t fight city hall.&#8221; &#8220;Death and taxes.&#8221; &#8220;Don&#8217;t talk about politics or religion.&#8221; This is all the equivalent of enemy propaganda, rolling across the picket line. &#8220;Lay down, GI! Lay down, GI!&#8221;. We saw it all through the 20th Century. And now on the 21st Century, it&#8217;s time to stand up and realize, that we should NOT allow ourselves to be crammed into this rat maze. We should not SUBMIT to dehumanization. I don&#8217;t know about you, but I&#8217;m concerned with what&#8217;s happening in this world. I&#8217;m concerned with the structure. I&#8217;m concerned with the systems of control. Those that control my life, and those that seek to control it EVEN MORE! I want FREEDOM! That&#8217;s what I want, and that&#8217;s what YOU should want! It&#8217;s up to each and every one of us to turn loose of just some of the greed, the hatred, the envy, and yes, the insecurities, because that is the central mode of control, make us feel pathetic, small, so we&#8217;ll willingly give up our sovereignty, our liberty, our destiny. We have GOT to realize we&#8217;re being conditioned on a mass scale. Start challenging this corporate slave state! The 21st Century&#8217;s gonna be a new century! Not the century of slavery, not the century of lies and issues of no significance, of classism and statism, and all the rest of the modes of control&#8230; it&#8217;s gonna be the age of humankind, standing up for something PURE and something RIGHT! What a bunch of garbage, liberal, Democratic, conservative, Republican, it&#8217;s all there to control you, two sides of the same coin! Two management teams, bidding for control of the CEO job of Slavery Incorporated! The TRUTH is out there in front of you, but they lay out this buffet of LIES! I&#8217;m SICK of it, and I&#8217;M NOT GONNA TAKE A BITE OUT OF IT! DO YA GOT ME? Resistance is NOT futile, we&#8217;re gonna win this thing, humankind is too good, WE&#8217;RE NOT A BUNCH OF UNDERACHIEVERS, WE&#8217;RE GONNA STAND UP, AND WE&#8217;RE GONNA BE HUMAN BEINGS! WE&#8217;RE GONNA GET FIRED UP ABOUT THE REAL THINGS, THE THINGS THAT MATTER &#8211; CREATIVITY, AND THE *DYNAMIC* *HUMAN* *SPIRIT* THAT REFUSES TO *SUBMIT*! WELL THAT&#8217;S IT, that&#8217;s all I&#8217;ve got to say. It&#8217;s in your court now. <\/em><\/h5>\n<p><em><br \/>\n<\/em><\/p>\n","protected":false},"excerpt":{"rendered":"<p>A &#8220;volta&#8221; das f\u00e9rias proporciona algumas sensa\u00e7\u00f5es exclusivas, que desta vez registrarei por aqui (sem entrar muito em detalhes pessoais). Por algum motivo que n\u00e3o sei se \u00e9 velhice, amadurecimento ou enlouquecimento, as f\u00e9rias anuais passaram de empolga\u00e7\u00e3o pra um temor angustiante pela &#8220;volta&#8221;. Seria aquela sensa\u00e7\u00e3o depr\u00ea que sentia no domingo a noite, ao&hellip;&nbsp;<a href=\"https:\/\/yuri.com.br\/claudio\/2009\/10\/28\/lar-doce-lar\/\" rel=\"bookmark\">Continue a ler &raquo;<span class=\"screen-reader-text\">Lar, doce Lar<\/span><\/a><\/p>\n","protected":false},"author":2,"featured_media":0,"comment_status":"open","ping_status":"open","sticky":false,"template":"","format":"standard","meta":{"neve_meta_sidebar":"","neve_meta_container":"","neve_meta_enable_content_width":"","neve_meta_content_width":0,"neve_meta_title_alignment":"","neve_meta_author_avatar":"","neve_post_elements_order":"","neve_meta_disable_header":"","neve_meta_disable_footer":"","neve_meta_disable_title":"","jetpack_post_was_ever_published":false,"_jetpack_newsletter_access":"","_jetpack_dont_email_post_to_subs":false,"_jetpack_newsletter_tier_id":0,"_jetpack_memberships_contains_paywalled_content":false,"_jetpack_memberships_contains_paid_content":false,"footnotes":"","jetpack_publicize_message":"","jetpack_publicize_feature_enabled":true,"jetpack_social_post_already_shared":false,"jetpack_social_options":{"image_generator_settings":{"template":"highway","default_image_id":0,"font":"","enabled":false},"version":2}},"categories":[3],"tags":[45],"class_list":["post-1156","post","type-post","status-publish","format-standard","hentry","category-escalada","tag-devaneios"],"jetpack_publicize_connections":[],"jetpack_featured_media_url":"","jetpack_shortlink":"https:\/\/wp.me\/p4i7cB-iE","jetpack_sharing_enabled":true,"jetpack-related-posts":[{"id":1082,"url":"https:\/\/yuri.com.br\/claudio\/2009\/09\/26\/ferias\/","url_meta":{"origin":1156,"position":0},"title":"F\u00e9rias","author":"claudio","date":"26\/set\/2009","format":false,"excerpt":"\u00a0 \u00a0 \u00a0 \"A nossa vida \u00e9 o assassinato pelo trabalho, durante sessenta anos ficamos enforcados e estrebuchando na corda, mas n\u00e3o a cortamos.\" \u00a0 Georg B\u00fcchner, A Morte de Danton (1835) \u00a0 \u00a0 \u00a0\u00a0 Volto daqui algumas semanas... Viva o \u00f3cio! :-)","rel":"","context":"Em &quot;Escalada&quot;","block_context":{"text":"Escalada","link":"https:\/\/yuri.com.br\/claudio\/category\/escalada\/"},"img":{"alt_text":"Trabalho","src":"https:\/\/i0.wp.com\/yuri.com.br\/claudio\/wp-content\/uploads\/2009\/09\/trabalho.gif?resize=350%2C200","width":350,"height":200},"classes":[]},{"id":249,"url":"https:\/\/yuri.com.br\/claudio\/2008\/10\/01\/ferias-d\/","url_meta":{"origin":1156,"position":1},"title":"F\u00e9rias :D","author":"claudio","date":"1\/out\/2008","format":false,"excerpt":"Daqui uns 15 dias eu volto. Com souvenirs.","rel":"","context":"Em &quot;Escalada&quot;","block_context":{"text":"Escalada","link":"https:\/\/yuri.com.br\/claudio\/category\/escalada\/"},"img":{"alt_text":"","src":"","width":0,"height":0},"classes":[]},{"id":1766,"url":"https:\/\/yuri.com.br\/claudio\/2010\/04\/01\/lifes-not-a-waiting-room\/","url_meta":{"origin":1156,"position":2},"title":"Life\u00b4s not a waiting room","author":"claudio","date":"1\/abr\/2010","format":false,"excerpt":"Em tempo, um video pra ajudar a trocar de m\u00eas um pouco mais acordado...\u00a0 recomendo dar o play umas 2 vezes :-)","rel":"","context":"Em &quot;Outros&quot;","block_context":{"text":"Outros","link":"https:\/\/yuri.com.br\/claudio\/category\/outros\/"},"img":{"alt_text":"","src":"https:\/\/i0.wp.com\/img.youtube.com\/vi\/URLiThO_0Ck\/0.jpg?resize=350%2C200","width":350,"height":200},"classes":[]},{"id":8239,"url":"https:\/\/yuri.com.br\/claudio\/2014\/09\/16\/frango-empanado\/","url_meta":{"origin":1156,"position":3},"title":"Frango empanado","author":"Cl\u00e1udio Brisighello","date":"16\/set\/2014","format":false,"excerpt":"Filezinho de frango grelhado me remete a rango de marombeiro querendo umas prote\u00ednas limpas, sem gra\u00e7a. Hora de melhorar essa impress\u00e3o utilit\u00e1ria da comida e apreciar um bom e simples fil\u00e9 de frango, empanado com farinha de rosca de p\u00e3o de fermenta\u00e7\u00e3o natural. Fica fant\u00e1stico! mais um almo\u00e7o feliz Mas\u2026","rel":"","context":"Em &quot;'Baixa' Gastronomia&quot;","block_context":{"text":"'Baixa' Gastronomia","link":"https:\/\/yuri.com.br\/claudio\/category\/baixa-gastronomia\/"},"img":{"alt_text":"","src":"https:\/\/i0.wp.com\/yuri.com.br\/claudio\/wp-content\/uploads\/2014\/09\/FrangoEmpanado1.jpg?resize=350%2C200&ssl=1","width":350,"height":200,"srcset":"https:\/\/i0.wp.com\/yuri.com.br\/claudio\/wp-content\/uploads\/2014\/09\/FrangoEmpanado1.jpg?resize=350%2C200&ssl=1 1x, https:\/\/i0.wp.com\/yuri.com.br\/claudio\/wp-content\/uploads\/2014\/09\/FrangoEmpanado1.jpg?resize=525%2C300&ssl=1 1.5x, https:\/\/i0.wp.com\/yuri.com.br\/claudio\/wp-content\/uploads\/2014\/09\/FrangoEmpanado1.jpg?resize=700%2C400&ssl=1 2x, https:\/\/i0.wp.com\/yuri.com.br\/claudio\/wp-content\/uploads\/2014\/09\/FrangoEmpanado1.jpg?resize=1050%2C600&ssl=1 3x"},"classes":[]},{"id":608,"url":"https:\/\/yuri.com.br\/claudio\/2009\/04\/14\/pascoa-2009\/","url_meta":{"origin":1156,"position":4},"title":"P\u00e1scoa 2009","author":"claudio","date":"14\/abr\/2009","format":false,"excerpt":"Neste \u00faltimo fds, fui com minha esposa \u00e0 Itajub\u00e1 e regi\u00e3o, lugar que n\u00e3o visitava a muito tempo: Pico dos Marins Para\u00edso dos 'Bordis' Boulders na Piedade Desde a \u00faltima vez, muita coisa se desenvolveu, e surgiram novas vias e boulders de alta dificuldade. Fui conferir o \"Tubar\u00e3o\" na Pedra\u2026","rel":"","context":"Em &quot;Escalada&quot;","block_context":{"text":"Escalada","link":"https:\/\/yuri.com.br\/claudio\/category\/escalada\/"},"img":{"alt_text":"","src":"https:\/\/i0.wp.com\/farm4.static.flickr.com\/3561\/3441650936_3fa5747d16.jpg?resize=350%2C200","width":350,"height":200},"classes":[]},{"id":4897,"url":"https:\/\/yuri.com.br\/claudio\/2013\/04\/29\/rubinho-2\/","url_meta":{"origin":1156,"position":5},"title":"Rubinho!","author":"claudio","date":"29\/abr\/2013","format":false,"excerpt":"Faltou a Lia Sati no \u00faltimo post, mas ontem ela estava de volta l\u00e1 no Rubinho e pude registrar a cadena de seu 1\u00ba boulder! Alegria geral ao ver uma crian\u00e7a subir um bloco desses, rec\u00e9m limpo, com esse sorriso no rosto... Aproveito para deixar mais uma amostra, desta vez\u2026","rel":"","context":"Em &quot;Escalada&quot;","block_context":{"text":"Escalada","link":"https:\/\/yuri.com.br\/claudio\/category\/escalada\/"},"img":{"alt_text":"","src":"https:\/\/i0.wp.com\/yuri.com.br\/claudio\/wp-content\/uploads\/2013\/04\/rubinho_liasati.jpg?resize=350%2C200&ssl=1","width":350,"height":200,"srcset":"https:\/\/i0.wp.com\/yuri.com.br\/claudio\/wp-content\/uploads\/2013\/04\/rubinho_liasati.jpg?resize=350%2C200&ssl=1 1x, https:\/\/i0.wp.com\/yuri.com.br\/claudio\/wp-content\/uploads\/2013\/04\/rubinho_liasati.jpg?resize=525%2C300&ssl=1 1.5x, https:\/\/i0.wp.com\/yuri.com.br\/claudio\/wp-content\/uploads\/2013\/04\/rubinho_liasati.jpg?resize=700%2C400&ssl=1 2x"},"classes":[]}],"_links":{"self":[{"href":"https:\/\/yuri.com.br\/claudio\/wp-json\/wp\/v2\/posts\/1156","targetHints":{"allow":["GET"]}}],"collection":[{"href":"https:\/\/yuri.com.br\/claudio\/wp-json\/wp\/v2\/posts"}],"about":[{"href":"https:\/\/yuri.com.br\/claudio\/wp-json\/wp\/v2\/types\/post"}],"author":[{"embeddable":true,"href":"https:\/\/yuri.com.br\/claudio\/wp-json\/wp\/v2\/users\/2"}],"replies":[{"embeddable":true,"href":"https:\/\/yuri.com.br\/claudio\/wp-json\/wp\/v2\/comments?post=1156"}],"version-history":[{"count":0,"href":"https:\/\/yuri.com.br\/claudio\/wp-json\/wp\/v2\/posts\/1156\/revisions"}],"wp:attachment":[{"href":"https:\/\/yuri.com.br\/claudio\/wp-json\/wp\/v2\/media?parent=1156"}],"wp:term":[{"taxonomy":"category","embeddable":true,"href":"https:\/\/yuri.com.br\/claudio\/wp-json\/wp\/v2\/categories?post=1156"},{"taxonomy":"post_tag","embeddable":true,"href":"https:\/\/yuri.com.br\/claudio\/wp-json\/wp\/v2\/tags?post=1156"}],"curies":[{"name":"wp","href":"https:\/\/api.w.org\/{rel}","templated":true}]}}